{"id":9474,"date":"2021-02-09T14:41:28","date_gmt":"2021-02-09T13:41:28","guid":{"rendered":"https:\/\/www.nominette.com\/blog?p=9474"},"modified":"2021-06-29T14:34:28","modified_gmt":"2021-06-29T13:34:28","slug":"art-von-etikett","status":"publish","type":"post","link":"https:\/\/www.nominette.de\/blog\/entwerfe-dein-eigenes-etikette\/art-von-etikett","title":{"rendered":"Welche Art von Etikett w\u00e4hle ich?"},"content":{"rendered":"\n<p><strong>Nicht ganz sicher, welche Art von Etikett du m\u00f6chtest? Wir hoffen, dir in diesem Blog ein wenig helfen zu k\u00f6nnen, da wir uns vorstellen k\u00f6nnen, dass es nicht immer einfach ist, aus unserem breiten Angebot an Labels auszuw\u00e4hlen. Gerne erz\u00e4hlen wir euch mehr \u00fcber unsere verschiedenen Arten von Etiketten.<\/strong><\/p>\n\n\n\n<p>Bei Nominette weben wir verschiedene Arten von Etiketten in Taftqualit\u00e4t. Wenn du auf unserer Website surfst, um ein Etikett zu entwerfen, ist die Art von Etikett die erste Wahl, die man trifft. M\u00f6chtest du beispielsweise ein <a rel=\"noreferrer noopener\" aria-label=\"Etikett mit Logo (opens in a new tab)\" href=\"https:\/\/www.nominette.de\/kleideretikett-logo-25mm\" target=\"_blank\">Etikett mit Logo<\/a>, ein <a href=\"https:\/\/www.nominette.de\/einbugeletikett\" target=\"_blank\" rel=\"noreferrer noopener\" aria-label=\"Einb\u00fcgeletikett  (opens in a new tab)\">Einb\u00fcgeletikett <\/a>oder vielmehr ein <a href=\"https:\/\/www.nominette.de\/einnahetikett\" target=\"_blank\" rel=\"noreferrer noopener\" aria-label=\"eingen\u00e4htes Etikett (opens in a new tab)\">eingen\u00e4htes Etikett<\/a>? Im Folgenden findest du eine Erl\u00e4uterung der einzelnen Etikettentypen.<\/p>\n\n\n\n<h3 class=\"wp-block-heading\"><a rel=\"noreferrer noopener\" aria-label=\" Einn\u00e4hetikett  (opens in a new tab)\" href=\"https:\/\/www.nominette.de\/einnahetikett\" target=\"_blank\">Einn\u00e4hetikett <\/a><\/h3>\n\n\n\n<p>W\u00e4hle ein <a href=\"https:\/\/www.nominette.de\/einnahetikett\" target=\"_blank\" rel=\"noreferrer noopener\" aria-label=\"eingen\u00e4htes Etikett (opens in a new tab)\">eingen\u00e4htes Etikett<\/a>, wenn du ein Etikett mit Text w\u00fcnschst, das du auf beiden Seiten zusammenn\u00e4hen kannst. Unsere eingen\u00e4hten Etiketten sind mit einer Etikettenh\u00f6he\/Bandbreite von 10 oder 14 Millimetern erh\u00e4ltlich. Diese Art von Etikett hat keine feste L\u00e4nge. Die L\u00e4nge dieses Etiketts w\u00e4chst mit dem Text und der gew\u00e4hlten Schriftart. Auf unserer Website kannst du aus verschiedenen Standardschriftarten f\u00fcr die Einn\u00e4h- und Einb\u00fcgeletiketten ausw\u00e4hlen.<\/p>\n\n\n\n<p>Auf beiden Seiten eines N\u00e4hetiketts gibt es immer 16 Millimeter Leerraum zum Falten und Einn\u00e4hen. Alle unsere Etiketten werden auf einer Rolle geliefert, die zum Schneiden und Verarbeiten selbst geeignet ist. Wir empfehlen, dass du die Etiketten mit einer Zackenschere abschneidest und die Enden des Etiketts vor dem Einlegen umschlagen, um ein Ausfransen zu verhindern. Du kannst unseren eingen\u00e4hten und aufb\u00fcgelbaren Etiketten auch eines unserer vielen Symbole hinzuf\u00fcgen, z. B. ein Herz, ein Instagram-Symbol oder einen Wollkn\u00e4uel. Wir haben mehr als 100 Symbole zur Auswahl, um dein Etiketten noch lustiger und pers\u00f6nlicher zu gestalten.<\/p>\n\n\n\n<figure class=\"wp-block-image size-wcstandard\"><img loading=\"lazy\" decoding=\"async\" width=\"550\" height=\"367\" src=\"https:\/\/www.nominette.de\/blog\/wp-content\/uploads\/2020\/12\/nominette_naailintje-10-mm_LR-550x367.jpg\" alt=\"\" class=\"wp-image-9313\" srcset=\"https:\/\/www.nominette.de\/blog\/wp-content\/uploads\/2020\/12\/nominette_naailintje-10-mm_LR-550x367.jpg 550w, https:\/\/www.nominette.de\/blog\/wp-content\/uploads\/2020\/12\/nominette_naailintje-10-mm_LR-300x200.jpg 300w, https:\/\/www.nominette.de\/blog\/wp-content\/uploads\/2020\/12\/nominette_naailintje-10-mm_LR-1024x683.jpg 1024w, https:\/\/www.nominette.de\/blog\/wp-content\/uploads\/2020\/12\/nominette_naailintje-10-mm_LR-768x512.jpg 768w, https:\/\/www.nominette.de\/blog\/wp-content\/uploads\/2020\/12\/nominette_naailintje-10-mm_LR-1536x1024.jpg 1536w, https:\/\/www.nominette.de\/blog\/wp-content\/uploads\/2020\/12\/nominette_naailintje-10-mm_LR-2048x1365.jpg 2048w, https:\/\/www.nominette.de\/blog\/wp-content\/uploads\/2020\/12\/nominette_naailintje-10-mm_LR-250x167.jpg 250w, https:\/\/www.nominette.de\/blog\/wp-content\/uploads\/2020\/12\/nominette_naailintje-10-mm_LR-800x533.jpg 800w, https:\/\/www.nominette.de\/blog\/wp-content\/uploads\/2020\/12\/nominette_naailintje-10-mm_LR-270x180.jpg 270w, https:\/\/www.nominette.de\/blog\/wp-content\/uploads\/2020\/12\/nominette_naailintje-10-mm_LR-450x300.jpg 450w, https:\/\/www.nominette.de\/blog\/wp-content\/uploads\/2020\/12\/nominette_naailintje-10-mm_LR-750x500.jpg 750w\" sizes=\"auto, (max-width: 550px) 100vw, 550px\" \/><figcaption>Einn\u00e4hetikett<\/figcaption><\/figure>\n\n\n\n<h3 class=\"wp-block-heading\"><a href=\"https:\/\/www.nominette.de\/einbugeletikett\" target=\"_blank\" rel=\"noreferrer noopener\" aria-label=\"Einb\u00fcgeletikett (opens in a new tab)\">Einb\u00fcgeletikett<\/a><\/h3>\n\n\n\n<p>Ein <a href=\"https:\/\/www.nominette.de\/einbugeletikett\" target=\"_blank\" rel=\"noreferrer noopener\" aria-label=\"B\u00fcgeletikett  (opens in a new tab)\">B\u00fcgeletikett <\/a>hat eine thermoklebende Klebeschicht auf der R\u00fcckseite. Du kannst diese Art von Etikett problemlos in 15 Sekunden in dein Produkt b\u00fcgeln, indem du es mit hartem Druck ohne Dampf b\u00fcgelst. Wenn du auf Nylon oder anderen Stoffen b\u00fcgelst, die kein B\u00fcgeleisen vertragen, empfehlen wir, ein Tuch zwischen Etikett und B\u00fcgeleisen zu legen. Eine B\u00fcgelanleitung liegt bei deiner Bestellung bei.<\/p>\n\n\n\n<p>Unsere Einb\u00fcgeletiketten sind ebenso wie die eingen\u00e4hten Etiketten mit einer Etikettenh\u00f6he \/ Bandbreite von 10 oder 14 Millimetern erh\u00e4ltlich. Diese Art von Beschriftung hat keine feste L\u00e4nge, sondern w\u00e4chst mit der L\u00e4nge Ihres Textes und der gew\u00e4hlten Schriftart. Auf beiden Seiten eines Aufb\u00fcgeletiketts befinden sich 8 Millimeter Leerraum.<\/p>\n\n\n\n<figure class=\"wp-block-image size-wcstandard\"><img loading=\"lazy\" decoding=\"async\" width=\"550\" height=\"367\" src=\"https:\/\/www.nominette.de\/blog\/wp-content\/uploads\/2021\/02\/Patrick-Trollope-instrijklabel-laag-550x367.jpg\" alt=\"\" class=\"wp-image-9459\" srcset=\"https:\/\/www.nominette.de\/blog\/wp-content\/uploads\/2021\/02\/Patrick-Trollope-instrijklabel-laag-550x367.jpg 550w, https:\/\/www.nominette.de\/blog\/wp-content\/uploads\/2021\/02\/Patrick-Trollope-instrijklabel-laag-300x200.jpg 300w, https:\/\/www.nominette.de\/blog\/wp-content\/uploads\/2021\/02\/Patrick-Trollope-instrijklabel-laag-1024x683.jpg 1024w, https:\/\/www.nominette.de\/blog\/wp-content\/uploads\/2021\/02\/Patrick-Trollope-instrijklabel-laag-768x512.jpg 768w, https:\/\/www.nominette.de\/blog\/wp-content\/uploads\/2021\/02\/Patrick-Trollope-instrijklabel-laag-1536x1024.jpg 1536w, https:\/\/www.nominette.de\/blog\/wp-content\/uploads\/2021\/02\/Patrick-Trollope-instrijklabel-laag-2048x1365.jpg 2048w, https:\/\/www.nominette.de\/blog\/wp-content\/uploads\/2021\/02\/Patrick-Trollope-instrijklabel-laag-250x167.jpg 250w, https:\/\/www.nominette.de\/blog\/wp-content\/uploads\/2021\/02\/Patrick-Trollope-instrijklabel-laag-800x533.jpg 800w, https:\/\/www.nominette.de\/blog\/wp-content\/uploads\/2021\/02\/Patrick-Trollope-instrijklabel-laag-270x180.jpg 270w, https:\/\/www.nominette.de\/blog\/wp-content\/uploads\/2021\/02\/Patrick-Trollope-instrijklabel-laag-450x300.jpg 450w, https:\/\/www.nominette.de\/blog\/wp-content\/uploads\/2021\/02\/Patrick-Trollope-instrijklabel-laag-750x500.jpg 750w\" sizes=\"auto, (max-width: 550px) 100vw, 550px\" \/><figcaption> Einb\u00fcgeletikett<\/figcaption><\/figure>\n\n\n\n<h3 class=\"wp-block-heading\"><a href=\"https:\/\/www.nominette.de\/kleideretikett-25mm\" target=\"_blank\" rel=\"noreferrer noopener\" aria-label=\"Kleideretikett (opens in a new tab)\">Kleideretikett<\/a><\/h3>\n\n\n\n<p>Unsere <a rel=\"noreferrer noopener\" aria-label=\"Kleideretiketten  (opens in a new tab)\" href=\"https:\/\/www.nominette.de\/kleideretikett-25mm\" target=\"_blank\">Kleideretiketten <\/a>haben eine feste Etikettenh\u00f6he\/Bandbreite von 25 Millimetern und 5 feste Schriftarten. Bei einem Kleideretikett kannst du zwischen zwei Faltmethoden w\u00e4hlen: einer Mittelfalte oder einer Endfalte. Du kannst die Unterschiede in den Bildern unten sehen.<\/p>\n\n\n\n<figure class=\"wp-block-image size-large\"><img loading=\"lazy\" decoding=\"async\" width=\"547\" height=\"136\" src=\"https:\/\/www.nominette.de\/blog\/wp-content\/uploads\/2020\/12\/Middenvouweindvouw.png\" alt=\"\" class=\"wp-image-9326\" srcset=\"https:\/\/www.nominette.de\/blog\/wp-content\/uploads\/2020\/12\/Middenvouweindvouw.png 547w, https:\/\/www.nominette.de\/blog\/wp-content\/uploads\/2020\/12\/Middenvouweindvouw-300x75.png 300w, https:\/\/www.nominette.de\/blog\/wp-content\/uploads\/2020\/12\/Middenvouweindvouw-250x62.png 250w\" sizes=\"auto, (max-width: 547px) 100vw, 547px\" \/><figcaption>Endfaltenetikett, Mittelfaltenetikett<\/figcaption><\/figure>\n\n\n\n<p>Unsere Endfaltenetiketten sind f\u00fcr die flache Verwendung in deinem Produkt vorgesehen, bei dem du zuerst die Enden faltest und dann n\u00e4hst. Die Etiketten mit Mittelfalte sollen irgendwo an der Seite herausragen, zum Beispiel aus einem Kissenbezug. M\u00f6chtest du eine detailliertere Erkl\u00e4rung eines Etiketts mit End- oder Mittelfalte? Und der Unterschied zwischen einem Portr\u00e4t- und einem Landschaftslabel? Wir m\u00f6chten die Unterschiede in diesem Blog n\u00e4her erl\u00e4utern.<\/p>\n\n\n\n<figure class=\"wp-block-image size-wcstandard\"><img loading=\"lazy\" decoding=\"async\" width=\"550\" height=\"186\" src=\"https:\/\/www.nominette.de\/blog\/wp-content\/uploads\/2021\/01\/Collage1-550x186.png\" alt=\"\" class=\"wp-image-9405\" srcset=\"https:\/\/www.nominette.de\/blog\/wp-content\/uploads\/2021\/01\/Collage1-550x186.png 550w, https:\/\/www.nominette.de\/blog\/wp-content\/uploads\/2021\/01\/Collage1-300x101.png 300w, https:\/\/www.nominette.de\/blog\/wp-content\/uploads\/2021\/01\/Collage1-1024x346.png 1024w, https:\/\/www.nominette.de\/blog\/wp-content\/uploads\/2021\/01\/Collage1-768x259.png 768w, https:\/\/www.nominette.de\/blog\/wp-content\/uploads\/2021\/01\/Collage1-250x84.png 250w, https:\/\/www.nominette.de\/blog\/wp-content\/uploads\/2021\/01\/Collage1-800x270.png 800w, https:\/\/www.nominette.de\/blog\/wp-content\/uploads\/2021\/01\/Collage1-533x180.png 533w, https:\/\/www.nominette.de\/blog\/wp-content\/uploads\/2021\/01\/Collage1-889x300.png 889w, https:\/\/www.nominette.de\/blog\/wp-content\/uploads\/2021\/01\/Collage1-1100x373.png 1100w, https:\/\/www.nominette.de\/blog\/wp-content\/uploads\/2021\/01\/Collage1.png 1105w\" sizes=\"auto, (max-width: 550px) 100vw, 550px\" \/><figcaption>Links ein Kleidungsetikett mit einer Endfalte, rechts ein Kleidungsetikett mit einer Mittelfalte<\/figcaption><\/figure>\n\n\n\n<h3 class=\"wp-block-heading\"><a href=\"https:\/\/www.nominette.de\/kleideretikett-logo-25mm\" target=\"_blank\" rel=\"noreferrer noopener\" aria-label=\"Etikett mit Logo (opens in a new tab)\">Etikett mit Logo<\/a><\/h3>\n\n\n\n<p>Wenn du ein Etikett mit deinem eigenen Logo oder Schriftart w\u00fcnschst, w\u00e4hle ein <a href=\"https:\/\/www.nominette.de\/kleideretikett-logo-25mm\" target=\"_blank\" rel=\"noreferrer noopener\" aria-label=\"Etikett mit Logo (opens in a new tab)\">Etikett mit Logo<\/a>. Auf unserer Website kannst du zwischen 3 Etikettenh\u00f6hen, 15 Millimetern, 25 Millimetern oder 40 Millimetern w\u00e4hlen. Gehe einfach die Schritte auf der Website durch, w\u00e4hle ein Hoch- oder Querformat (Erkl\u00e4rung) und w\u00e4hle eine Mittelfalte oder eine Endfalte.<\/p>\n\n\n\n<h4 class=\"wp-block-heading\"><a href=\"https:\/\/www.nominette.de\/blog\/faq-4\/etikett-mit-endfalte-oder-mittelfalte\" target=\"_blank\" rel=\"noreferrer noopener\" aria-label=\"Endfalte oder Mittelfalte? (opens in a new tab)\">Endfalte oder Mittelfalte?<\/a><\/h4>\n\n\n\n<p>Genau wie bei den Kleideretiketten kannst du ein Etikett mit einer <a rel=\"noreferrer noopener\" aria-label=\"Endfalte oder eine Mittelfalte (opens in a new tab)\" href=\"https:\/\/www.nominette.de\/blog\/faq-4\/etikett-mit-endfalte-oder-mittelfalte\" target=\"_blank\">Endfalte oder eine Mittelfalte<\/a> f\u00fcr ein Etikett mit einem Logo ausw\u00e4hlen. Bei einem Etikett mit Mittelfalte hast du die Wahl, dein Logo auf einer Seite, auf beiden Seiten oder dein Logo auf der linken Seite und Text- und \/ oder Waschsymbole auf der rechten Seite zu platzieren. Die L\u00e4nge eines Etiketts mit Logo mit Endfalte betr\u00e4gt 6 Zentimeter, wobei an beiden Enden 1 cm Falt-\/N\u00e4hfl\u00e4che vorhanden ist. Die L\u00e4nge eines Etiketts mit Mittelfaltenlogo betr\u00e4gt 10 Zentimeter, wobei an beiden Enden 1 Zentimeter verbleibt.<\/p>\n\n\n\n<figure class=\"wp-block-image size-wcstandard\"><img loading=\"lazy\" decoding=\"async\" width=\"550\" height=\"267\" src=\"https:\/\/www.nominette.de\/blog\/wp-content\/uploads\/2021\/01\/Logo-550x267.png\" alt=\"\" class=\"wp-image-9378\" srcset=\"https:\/\/www.nominette.de\/blog\/wp-content\/uploads\/2021\/01\/Logo-550x267.png 550w, https:\/\/www.nominette.de\/blog\/wp-content\/uploads\/2021\/01\/Logo-300x146.png 300w, https:\/\/www.nominette.de\/blog\/wp-content\/uploads\/2021\/01\/Logo-250x121.png 250w, https:\/\/www.nominette.de\/blog\/wp-content\/uploads\/2021\/01\/Logo-371x180.png 371w, https:\/\/www.nominette.de\/blog\/wp-content\/uploads\/2021\/01\/Logo-618x300.png 618w, https:\/\/www.nominette.de\/blog\/wp-content\/uploads\/2021\/01\/Logo.png 729w\" sizes=\"auto, (max-width: 550px) 100vw, 550px\" \/><figcaption>Etikett mit Endfalte, Etikett mit Mittelfalte<\/figcaption><\/figure>\n\n\n\n<p>In Schritt 4 kannst du dein Logo-Datei hochladen. Sobald du dies getan hast, siehst du eine Simulation deines Etiketts. Es ist wichtig, die Simulation sorgf\u00e4ltig zu \u00fcberpr\u00fcfen, da das, was du in der Simulation siehst, genauso f\u00fcr dich gewebt wird.<\/p>\n\n\n\n<p>Da es sich um ein gewebtes Produkt handelt, ist es wichtig, dass das deinem hochgeladenen Logo nicht zu fein\/detailliert ist. Wenn in der Simulation etwas angezeigt wird, das nicht zu deinem Logo passt und nicht das gew\u00fcnschte Ergebnis anzeigt, passe deinem Logo-Datei an und lade es erneut hoch. Oft hilft es, den Kontrast des Logos zu erh\u00f6hen und Leerzeichen um das Logo herum auszuschneiden.<\/p>\n\n\n\n<figure class=\"wp-block-image size-wcstandard is-resized\"><img loading=\"lazy\" decoding=\"async\" src=\"https:\/\/www.nominette.de\/blog\/wp-content\/uploads\/2021\/01\/Simulatie-label-met-logo-550x193.png\" alt=\"\" class=\"wp-image-9368\" width=\"550\" height=\"193\" srcset=\"https:\/\/www.nominette.de\/blog\/wp-content\/uploads\/2021\/01\/Simulatie-label-met-logo-550x193.png 550w, https:\/\/www.nominette.de\/blog\/wp-content\/uploads\/2021\/01\/Simulatie-label-met-logo-300x105.png 300w, https:\/\/www.nominette.de\/blog\/wp-content\/uploads\/2021\/01\/Simulatie-label-met-logo-250x88.png 250w, https:\/\/www.nominette.de\/blog\/wp-content\/uploads\/2021\/01\/Simulatie-label-met-logo-514x180.png 514w, https:\/\/www.nominette.de\/blog\/wp-content\/uploads\/2021\/01\/Simulatie-label-met-logo.png 756w\" sizes=\"auto, (max-width: 550px) 100vw, 550px\" \/><figcaption>Simulation Etikett mit Logo<\/figcaption><\/figure>\n\n\n\n<p>Unsere Etiketten sind in 2 Farben gewebt; 1 Basis-\/Hintergrundfarbe und eine Text-\/Figurenfarbe. Wir empfehlen, deinem Logo in 2 Farben mit hohem Kontrast hochzuladen. Denn je besser der Kontrast in deinem Logo ist, desto deutlicher wird das Logo auf dem Etikett sichtbar. Sobald du das Logo hochgeladen hast, wird es in Blau auf Wei\u00df angezeigt. Sp\u00e4ter im Prozess kannst du die Farben \u00e4ndern, indem du aus unserem Farbangebot ausw\u00e4hlst.<\/p>\n\n\n\n<h3 class=\"wp-block-heading\"><a href=\"https:\/\/www.nominette.de\/grosse-etiketten\" target=\"_blank\" rel=\"noreferrer noopener\" aria-label=\"Gr\u00f6\u00dfenetiketten (opens in a new tab)\">Gr\u00f6\u00dfenetiketten<\/a><\/h3>\n\n\n\n<p>Ben\u00f6tigst du <a rel=\"noreferrer noopener\" aria-label=\"Gr\u00f6\u00dfenetiketten  (opens in a new tab)\" href=\"https:\/\/www.nominette.de\/grosse-etiketten\" target=\"_blank\">Gr\u00f6\u00dfenetiketten <\/a>f\u00fcr deine Kleidung oder Marke? Du kannst unsere Gr\u00f6\u00dfenetiketten ab 200 St\u00fcck bestellen. Du kannst diese Zahl auf zwei Gr\u00f6\u00dfen verteilen (z. B. 100 Etiketten mit Gr\u00f6\u00dfe M und 100 Etiketten mit Gr\u00f6\u00dfe L). Genau wie bei unseren anderen Etiketten werden die Gr\u00f6\u00dfenetiketten auf einer Rolle geliefert, die zum Schneiden und Falten geeignet ist. Die Gr\u00f6\u00dfe ist auf beiden Seiten des Etiketts sichtbar. Du kannst diese Etiketten einfach direkt in deinem Produkt oder an die Unterseite eines anderen Kleidungsetiketts n\u00e4hen.<\/p>\n\n\n\n<figure class=\"wp-block-image size-wcstandard\"><img loading=\"lazy\" decoding=\"async\" width=\"550\" height=\"187\" src=\"https:\/\/www.nominette.de\/blog\/wp-content\/uploads\/2021\/01\/maatjes-550x187.png\" alt=\"\" class=\"wp-image-9412\" srcset=\"https:\/\/www.nominette.de\/blog\/wp-content\/uploads\/2021\/01\/maatjes-550x187.png 550w, https:\/\/www.nominette.de\/blog\/wp-content\/uploads\/2021\/01\/maatjes-300x102.png 300w, https:\/\/www.nominette.de\/blog\/wp-content\/uploads\/2021\/01\/maatjes-768x262.png 768w, https:\/\/www.nominette.de\/blog\/wp-content\/uploads\/2021\/01\/maatjes-250x85.png 250w, https:\/\/www.nominette.de\/blog\/wp-content\/uploads\/2021\/01\/maatjes-800x273.png 800w, https:\/\/www.nominette.de\/blog\/wp-content\/uploads\/2021\/01\/maatjes-528x180.png 528w, https:\/\/www.nominette.de\/blog\/wp-content\/uploads\/2021\/01\/maatjes-880x300.png 880w, https:\/\/www.nominette.de\/blog\/wp-content\/uploads\/2021\/01\/maatjes.png 901w\" sizes=\"auto, (max-width: 550px) 100vw, 550px\" \/><figcaption>Gr\u00f6\u00dfenetiketten<\/figcaption><\/figure>\n\n\n\n<h3 class=\"wp-block-heading\"><a href=\"https:\/\/www.nominette.de\/textbandchen\" target=\"_blank\" rel=\"noreferrer noopener\" aria-label=\" (opens in a new tab)\">Textband<\/a><\/h3>\n\n\n\n<p>Suchst du ein personalisierter Textband? Bei Nominette kannst du aus 10 Metern dein eigener Textband entwerfen. Super sch\u00f6n zum Beispiel ein pers\u00f6nliches Geschenk zu dekorieren. Die M\u00f6glichkeiten f\u00fcr ein Textband sind endlos. Unser Textband ist in 10 oder 14 mm Etikettenh\u00f6he\/Bandbreite erh\u00e4ltlich. Dein Design\/Text auf dem Men\u00fcband wird mindestens 10 Mal wiederholt. Du erh\u00e4ltst also 10 Fahrspuren von mindestens 1 Meter.<\/p>\n\n\n\n<p>W\u00e4hle eine unserer Schriftarten, bestimme deinen Text und m\u00f6glicherweise Symbole und w\u00e4hle deine Farben aus oder w\u00e4hle eine unserer festen Farbkombinationen.<\/p>\n\n\n\n<figure class=\"wp-block-image size-wcstandard\"><img loading=\"lazy\" decoding=\"async\" width=\"550\" height=\"365\" src=\"https:\/\/www.nominette.de\/blog\/wp-content\/uploads\/2021\/01\/lint-550x365.jpg\" alt=\"\" class=\"wp-image-9384\" srcset=\"https:\/\/www.nominette.de\/blog\/wp-content\/uploads\/2021\/01\/lint-550x365.jpg 550w, https:\/\/www.nominette.de\/blog\/wp-content\/uploads\/2021\/01\/lint-300x199.jpg 300w, https:\/\/www.nominette.de\/blog\/wp-content\/uploads\/2021\/01\/lint-1024x680.jpg 1024w, https:\/\/www.nominette.de\/blog\/wp-content\/uploads\/2021\/01\/lint-768x510.jpg 768w, https:\/\/www.nominette.de\/blog\/wp-content\/uploads\/2021\/01\/lint-250x166.jpg 250w, https:\/\/www.nominette.de\/blog\/wp-content\/uploads\/2021\/01\/lint-800x532.jpg 800w, https:\/\/www.nominette.de\/blog\/wp-content\/uploads\/2021\/01\/lint-271x180.jpg 271w, https:\/\/www.nominette.de\/blog\/wp-content\/uploads\/2021\/01\/lint-451x300.jpg 451w, https:\/\/www.nominette.de\/blog\/wp-content\/uploads\/2021\/01\/lint-752x500.jpg 752w, https:\/\/www.nominette.de\/blog\/wp-content\/uploads\/2021\/01\/lint.jpg 1386w\" sizes=\"auto, (max-width: 550px) 100vw, 550px\" \/><figcaption>Textband<\/figcaption><\/figure>\n\n\n\n<h3 class=\"wp-block-heading\">Viel Spa\u00df beim <a href=\"https:\/\/www.nominette.de\/\" target=\"_blank\" rel=\"noreferrer noopener\" aria-label=\"Entwerfen (opens in a new tab)\">Entwerfen<\/a>!<\/h3>\n\n\n\n<p>Wir hoffen, dass dieser Blog Klarheit geschaffen hat, um dich bei der Auswahl des Etikettentyps zu helfen. Wenn du dich nicht ganz sicher bist oder weitere Ratschl\u00e4ge ben\u00f6tigst? Bitte z\u00f6gere nicht, unseren Kundenservice \u00fcber info@nominette.com oder +31(0)407920038 zu kontaktieren.<\/p>\n\n\n\n<p>Folge uns auch auf <a href=\"https:\/\/www.instagram.com\/nominette_labels\" target=\"_blank\" rel=\"noreferrer noopener\" aria-label=\"Instagram  (opens in a new tab)\">Instagram <\/a>oder <a href=\"https:\/\/nl.pinterest.com\/nominette\" target=\"_blank\" rel=\"noreferrer noopener\" aria-label=\" (opens in a new tab)\">Pinterest<\/a>, um mehr Inspiration zu erhalten!<\/p>\n","protected":false},"excerpt":{"rendered":"<p>Nicht ganz sicher, welche Art von Etikett du m\u00f6chtest? Wir hoffen, dir in diesem Blog ein wenig helfen zu k\u00f6nnen, da wir uns vorstellen k\u00f6nnen, dass es nicht immer einfach ist, aus unserem breiten Angebot an Labels auszuw\u00e4hlen. Gerne erz\u00e4hlen wir euch mehr \u00fcber unsere verschiedenen Arten von Etiketten. Bei Nominette weben wir verschiedene Arten&hellip;<\/p>\n","protected":false},"author":1,"featured_media":9482,"comment_status":"closed","ping_status":"closed","sticky":false,"template":"","format":"standard","meta":{"footnotes":""},"categories":[519,506],"tags":[520,521],"class_list":["post-9474","post","type-post","status-publish","format-standard","has-post-thumbnail","hentry","category-entwerfe-dein-eigenes-etikette","category-faq-4","tag-art-von-etikett","tag-entwerfe-dein-eigenes-etikette"],"yoast_head":"<!-- This site is optimized with the Yoast SEO plugin v24.7 - https:\/\/yoast.com\/wordpress\/plugins\/seo\/ -->\n<title>Welche Art von Etikett w\u00e4hle ich? - Entwerfe dein eigenes Etikette - Nominette<\/title>\n<meta name=\"description\" content=\"Ben\u00f6tigst du Hilfe bei der Auswahl Ihres Art von Etikett? In diesem Blog behandeln wir die Hauptmerkmale aller unserer Labels.\" \/>\n<meta name=\"robots\" content=\"index, follow, max-snippet:-1, max-image-preview:large, max-video-preview:-1\" \/>\n<link rel=\"canonical\" href=\"https:\/\/www.nominette.de\/blog\/entwerfe-dein-eigenes-etikette\/art-von-etikett\" \/>\n<meta property=\"og:locale\" content=\"de_DE\" \/>\n<meta property=\"og:type\" content=\"article\" \/>\n<meta property=\"og:title\" content=\"Welche Art von Etikett w\u00e4hle ich? - Entwerfe dein eigenes Etikette - Nominette\" \/>\n<meta property=\"og:description\" content=\"Ben\u00f6tigst du Hilfe bei der Auswahl Ihres Art von Etikett? In diesem Blog behandeln wir die Hauptmerkmale aller unserer Labels.\" \/>\n<meta property=\"og:url\" content=\"https:\/\/www.nominette.de\/blog\/entwerfe-dein-eigenes-etikette\/art-von-etikett\" \/>\n<meta property=\"og:site_name\" content=\"Nominette\" \/>\n<meta property=\"article:publisher\" content=\"https:\/\/www.facebook.com\/Nominette\" \/>\n<meta property=\"article:published_time\" content=\"2021-02-09T13:41:28+00:00\" \/>\n<meta property=\"article:modified_time\" content=\"2021-06-29T13:34:28+00:00\" \/>\n<meta property=\"og:image\" content=\"https:\/\/www.nominette.de\/blog\/wp-content\/uploads\/2021\/02\/Label-trendcoat-scaled.jpg\" \/>\n\t<meta property=\"og:image:width\" content=\"2560\" \/>\n\t<meta property=\"og:image:height\" content=\"1920\" \/>\n\t<meta property=\"og:image:type\" content=\"image\/jpeg\" \/>\n<meta name=\"author\" content=\"Nominette\" \/>\n<meta name=\"twitter:card\" content=\"summary_large_image\" \/>\n<meta name=\"twitter:creator\" content=\"@nominette\" \/>\n<meta name=\"twitter:site\" content=\"@nominette\" \/>\n<meta name=\"twitter:label1\" content=\"Verfasst von\" \/>\n\t<meta name=\"twitter:data1\" content=\"Nominette\" \/>\n\t<meta name=\"twitter:label2\" content=\"Gesch\u00e4tzte Lesezeit\" \/>\n\t<meta name=\"twitter:data2\" content=\"6\u00a0Minuten\" \/>\n<script type=\"application\/ld+json\" class=\"yoast-schema-graph\">{\"@context\":\"https:\/\/schema.org\",\"@graph\":[{\"@type\":\"WebPage\",\"@id\":\"https:\/\/www.nominette.de\/blog\/entwerfe-dein-eigenes-etikette\/art-von-etikett\",\"url\":\"https:\/\/www.nominette.de\/blog\/entwerfe-dein-eigenes-etikette\/art-von-etikett\",\"name\":\"Welche Art von Etikett w\u00e4hle ich? - Entwerfe dein eigenes Etikette - Nominette\",\"isPartOf\":{\"@id\":\"https:\/\/www.nominette.de\/blog#website\"},\"primaryImageOfPage\":{\"@id\":\"https:\/\/www.nominette.de\/blog\/entwerfe-dein-eigenes-etikette\/art-von-etikett#primaryimage\"},\"image\":{\"@id\":\"https:\/\/www.nominette.de\/blog\/entwerfe-dein-eigenes-etikette\/art-von-etikett#primaryimage\"},\"thumbnailUrl\":\"https:\/\/www.nominette.de\/blog\/wp-content\/uploads\/2021\/02\/Label-trendcoat-scaled.jpg\",\"datePublished\":\"2021-02-09T13:41:28+00:00\",\"dateModified\":\"2021-06-29T13:34:28+00:00\",\"author\":{\"@id\":\"https:\/\/www.nominette.de\/blog#\/schema\/person\/365e9a7b5a80cfd63ce70841993dafc6\"},\"description\":\"Ben\u00f6tigst du Hilfe bei der Auswahl Ihres Art von Etikett? In diesem Blog behandeln wir die Hauptmerkmale aller unserer Labels.\",\"breadcrumb\":{\"@id\":\"https:\/\/www.nominette.de\/blog\/entwerfe-dein-eigenes-etikette\/art-von-etikett#breadcrumb\"},\"inLanguage\":\"de\",\"potentialAction\":[{\"@type\":\"ReadAction\",\"target\":[\"https:\/\/www.nominette.de\/blog\/entwerfe-dein-eigenes-etikette\/art-von-etikett\"]}]},{\"@type\":\"ImageObject\",\"inLanguage\":\"de\",\"@id\":\"https:\/\/www.nominette.de\/blog\/entwerfe-dein-eigenes-etikette\/art-von-etikett#primaryimage\",\"url\":\"https:\/\/www.nominette.de\/blog\/wp-content\/uploads\/2021\/02\/Label-trendcoat-scaled.jpg\",\"contentUrl\":\"https:\/\/www.nominette.de\/blog\/wp-content\/uploads\/2021\/02\/Label-trendcoat-scaled.jpg\",\"width\":2560,\"height\":1920},{\"@type\":\"BreadcrumbList\",\"@id\":\"https:\/\/www.nominette.de\/blog\/entwerfe-dein-eigenes-etikette\/art-von-etikett#breadcrumb\",\"itemListElement\":[{\"@type\":\"ListItem\",\"position\":1,\"name\":\"Home\",\"item\":\"https:\/\/www.nominette.de\/blog\"},{\"@type\":\"ListItem\",\"position\":2,\"name\":\"Welche Art von Etikett w\u00e4hle ich?\"}]},{\"@type\":\"WebSite\",\"@id\":\"https:\/\/www.nominette.de\/blog#website\",\"url\":\"https:\/\/www.nominette.de\/blog\",\"name\":\"Nominette\",\"description\":\"gepersonaliseerde labels voor handgemaakte spulletjes\",\"potentialAction\":[{\"@type\":\"SearchAction\",\"target\":{\"@type\":\"EntryPoint\",\"urlTemplate\":\"https:\/\/www.nominette.de\/blog?s={search_term_string}\"},\"query-input\":{\"@type\":\"PropertyValueSpecification\",\"valueRequired\":true,\"valueName\":\"search_term_string\"}}],\"inLanguage\":\"de\"},{\"@type\":\"Person\",\"@id\":\"https:\/\/www.nominette.de\/blog#\/schema\/person\/365e9a7b5a80cfd63ce70841993dafc6\",\"name\":\"Nominette\",\"image\":{\"@type\":\"ImageObject\",\"inLanguage\":\"de\",\"@id\":\"https:\/\/www.nominette.de\/blog#\/schema\/person\/image\/\",\"url\":\"https:\/\/secure.gravatar.com\/avatar\/6ab92dc068d690f939e3a4dc1373a3030899b42a58fd9e031f614af68b9db652?s=96&d=mm&r=g\",\"contentUrl\":\"https:\/\/secure.gravatar.com\/avatar\/6ab92dc068d690f939e3a4dc1373a3030899b42a58fd9e031f614af68b9db652?s=96&d=mm&r=g\",\"caption\":\"Nominette\"},\"url\":\"https:\/\/www.nominette.de\/blog\/author\/nominette\"}]}<\/script>\n<!-- \/ Yoast SEO plugin. -->","yoast_head_json":{"title":"Welche Art von Etikett w\u00e4hle ich? - Entwerfe dein eigenes Etikette - Nominette","description":"Ben\u00f6tigst du Hilfe bei der Auswahl Ihres Art von Etikett? In diesem Blog behandeln wir die Hauptmerkmale aller unserer Labels.","robots":{"index":"index","follow":"follow","max-snippet":"max-snippet:-1","max-image-preview":"max-image-preview:large","max-video-preview":"max-video-preview:-1"},"canonical":"https:\/\/www.nominette.de\/blog\/entwerfe-dein-eigenes-etikette\/art-von-etikett","og_locale":"de_DE","og_type":"article","og_title":"Welche Art von Etikett w\u00e4hle ich? - Entwerfe dein eigenes Etikette - Nominette","og_description":"Ben\u00f6tigst du Hilfe bei der Auswahl Ihres Art von Etikett? In diesem Blog behandeln wir die Hauptmerkmale aller unserer Labels.","og_url":"https:\/\/www.nominette.de\/blog\/entwerfe-dein-eigenes-etikette\/art-von-etikett","og_site_name":"Nominette","article_publisher":"https:\/\/www.facebook.com\/Nominette","article_published_time":"2021-02-09T13:41:28+00:00","article_modified_time":"2021-06-29T13:34:28+00:00","og_image":[{"width":2560,"height":1920,"url":"https:\/\/www.nominette.de\/blog\/wp-content\/uploads\/2021\/02\/Label-trendcoat-scaled.jpg","type":"image\/jpeg"}],"author":"Nominette","twitter_card":"summary_large_image","twitter_creator":"@nominette","twitter_site":"@nominette","twitter_misc":{"Verfasst von":"Nominette","Gesch\u00e4tzte Lesezeit":"6\u00a0Minuten"},"schema":{"@context":"https:\/\/schema.org","@graph":[{"@type":"WebPage","@id":"https:\/\/www.nominette.de\/blog\/entwerfe-dein-eigenes-etikette\/art-von-etikett","url":"https:\/\/www.nominette.de\/blog\/entwerfe-dein-eigenes-etikette\/art-von-etikett","name":"Welche Art von Etikett w\u00e4hle ich? - Entwerfe dein eigenes Etikette - Nominette","isPartOf":{"@id":"https:\/\/www.nominette.de\/blog#website"},"primaryImageOfPage":{"@id":"https:\/\/www.nominette.de\/blog\/entwerfe-dein-eigenes-etikette\/art-von-etikett#primaryimage"},"image":{"@id":"https:\/\/www.nominette.de\/blog\/entwerfe-dein-eigenes-etikette\/art-von-etikett#primaryimage"},"thumbnailUrl":"https:\/\/www.nominette.de\/blog\/wp-content\/uploads\/2021\/02\/Label-trendcoat-scaled.jpg","datePublished":"2021-02-09T13:41:28+00:00","dateModified":"2021-06-29T13:34:28+00:00","author":{"@id":"https:\/\/www.nominette.de\/blog#\/schema\/person\/365e9a7b5a80cfd63ce70841993dafc6"},"description":"Ben\u00f6tigst du Hilfe bei der Auswahl Ihres Art von Etikett? In diesem Blog behandeln wir die Hauptmerkmale aller unserer Labels.","breadcrumb":{"@id":"https:\/\/www.nominette.de\/blog\/entwerfe-dein-eigenes-etikette\/art-von-etikett#breadcrumb"},"inLanguage":"de","potentialAction":[{"@type":"ReadAction","target":["https:\/\/www.nominette.de\/blog\/entwerfe-dein-eigenes-etikette\/art-von-etikett"]}]},{"@type":"ImageObject","inLanguage":"de","@id":"https:\/\/www.nominette.de\/blog\/entwerfe-dein-eigenes-etikette\/art-von-etikett#primaryimage","url":"https:\/\/www.nominette.de\/blog\/wp-content\/uploads\/2021\/02\/Label-trendcoat-scaled.jpg","contentUrl":"https:\/\/www.nominette.de\/blog\/wp-content\/uploads\/2021\/02\/Label-trendcoat-scaled.jpg","width":2560,"height":1920},{"@type":"BreadcrumbList","@id":"https:\/\/www.nominette.de\/blog\/entwerfe-dein-eigenes-etikette\/art-von-etikett#breadcrumb","itemListElement":[{"@type":"ListItem","position":1,"name":"Home","item":"https:\/\/www.nominette.de\/blog"},{"@type":"ListItem","position":2,"name":"Welche Art von Etikett w\u00e4hle ich?"}]},{"@type":"WebSite","@id":"https:\/\/www.nominette.de\/blog#website","url":"https:\/\/www.nominette.de\/blog","name":"Nominette","description":"gepersonaliseerde labels voor handgemaakte spulletjes","potentialAction":[{"@type":"SearchAction","target":{"@type":"EntryPoint","urlTemplate":"https:\/\/www.nominette.de\/blog?s={search_term_string}"},"query-input":{"@type":"PropertyValueSpecification","valueRequired":true,"valueName":"search_term_string"}}],"inLanguage":"de"},{"@type":"Person","@id":"https:\/\/www.nominette.de\/blog#\/schema\/person\/365e9a7b5a80cfd63ce70841993dafc6","name":"Nominette","image":{"@type":"ImageObject","inLanguage":"de","@id":"https:\/\/www.nominette.de\/blog#\/schema\/person\/image\/","url":"https:\/\/secure.gravatar.com\/avatar\/6ab92dc068d690f939e3a4dc1373a3030899b42a58fd9e031f614af68b9db652?s=96&d=mm&r=g","contentUrl":"https:\/\/secure.gravatar.com\/avatar\/6ab92dc068d690f939e3a4dc1373a3030899b42a58fd9e031f614af68b9db652?s=96&d=mm&r=g","caption":"Nominette"},"url":"https:\/\/www.nominette.de\/blog\/author\/nominette"}]}},"_links":{"self":[{"href":"https:\/\/www.nominette.de\/blog\/wp-json\/wp\/v2\/posts\/9474","targetHints":{"allow":["GET"]}}],"collection":[{"href":"https:\/\/www.nominette.de\/blog\/wp-json\/wp\/v2\/posts"}],"about":[{"href":"https:\/\/www.nominette.de\/blog\/wp-json\/wp\/v2\/types\/post"}],"author":[{"embeddable":true,"href":"https:\/\/www.nominette.de\/blog\/wp-json\/wp\/v2\/users\/1"}],"replies":[{"embeddable":true,"href":"https:\/\/www.nominette.de\/blog\/wp-json\/wp\/v2\/comments?post=9474"}],"version-history":[{"count":5,"href":"https:\/\/www.nominette.de\/blog\/wp-json\/wp\/v2\/posts\/9474\/revisions"}],"predecessor-version":[{"id":9841,"href":"https:\/\/www.nominette.de\/blog\/wp-json\/wp\/v2\/posts\/9474\/revisions\/9841"}],"wp:featuredmedia":[{"embeddable":true,"href":"https:\/\/www.nominette.de\/blog\/wp-json\/wp\/v2\/media\/9482"}],"wp:attachment":[{"href":"https:\/\/www.nominette.de\/blog\/wp-json\/wp\/v2\/media?parent=9474"}],"wp:term":[{"taxonomy":"category","embeddable":true,"href":"https:\/\/www.nominette.de\/blog\/wp-json\/wp\/v2\/categories?post=9474"},{"taxonomy":"post_tag","embeddable":true,"href":"https:\/\/www.nominette.de\/blog\/wp-json\/wp\/v2\/tags?post=9474"}],"curies":[{"name":"wp","href":"https:\/\/api.w.org\/{rel}","templated":true}]}}