{"id":9262,"date":"2020-11-10T14:02:33","date_gmt":"2020-11-10T13:02:33","guid":{"rendered":"https:\/\/www.nominette.com\/blog?p=9262"},"modified":"2021-05-04T09:52:23","modified_gmt":"2021-05-04T08:52:23","slug":"etikett-mit-endfalte-oder-mittelfalte","status":"publish","type":"post","link":"https:\/\/www.nominette.de\/blog\/faq-4\/etikett-mit-endfalte-oder-mittelfalte","title":{"rendered":"Etikett mit Endfalte oder Mittelfalte"},"content":{"rendered":"\n<p><strong>Du hast einen Klamotten Laden, ein eigenes Studio, einen eigenen Webshop oder bist einfach nur kreativ und m\u00f6chtest deinen eigenen gewebten Etiketten in Produkten haben. Super sch\u00f6n, da dies dein Produkt erkennbarer und professioneller macht. Aber welche Art von Etikett w\u00e4hlt man? Ein Etikett mit Endfalte oder Mittelfalte? Und worauf sollte man bei der Auswahl des Etikettentyps achten? Wir helfen euch gerne dabei.<\/strong><\/p>\n\n\n\n<p>Beim Entwerfen eines Etiketts ist es wichtig zu bestimmen, wie und wo man es im Produkt integrieren m\u00f6chten. Mit unseren <a rel=\"noreferrer noopener\" aria-label=\"Etiketten mit Logo (opens in a new tab)\" href=\"https:\/\/www.nominette.de\/kleideretikett-logo-25mm\" target=\"_blank\">Etiketten mit Logo<\/a> und unseren <a rel=\"noreferrer noopener\" aria-label=\"Kleideretiketten  (opens in a new tab)\" href=\"https:\/\/www.nominette.de\/kleideretikett-25mm\" target=\"_blank\">Kleideretiketten <\/a>hast du verschiedene M\u00f6glichkeiten; flach auf Ihr Produkt\/Kleidungsst\u00fcck gen\u00e4ht oder in eine Naht eingearbeitet. Also, ein Etikett mit Mittelfalte oder Endfalte?Wir werden die Unterschiede unten weiter erl\u00e4utern.<\/p>\n\n\n\n<h3 class=\"wp-block-heading\">Etikett mit einer Endfalte<\/h3>\n\n\n\n<p>Falte bei einem Etikett mit einer Endfalte die Enden des Etiketts um. Diese Art von Etikett wird h\u00e4ufig auf der R\u00fcckseite eines Kleidungsst\u00fccks oder zum Aufn\u00e4hen auf ein Kleidungsst\u00fcck verwendet. Nach dem Falten (Dies muss manuell gemacht werden, da unsere Etiketten auf einer Rolle geliefert werden) kann das Etikett auf der linken und rechten Seite gen\u00e4ht werden. Auf diese Weise liegt das Etikett flach auf dem Kleidungsst\u00fcck.<\/p>\n\n\n\n<figure class=\"wp-block-image size-large\"><img loading=\"lazy\" decoding=\"async\" width=\"224\" height=\"110\" src=\"https:\/\/www.nominette.de\/blog\/wp-content\/uploads\/2020\/11\/Label-met-eindvouw.png\" alt=\"Welche Art von Etikett w\u00e4hlt man?\" class=\"wp-image-9208\"\/><\/figure>\n\n\n\n<figure class=\"wp-block-image size-wcstandard\"><img loading=\"lazy\" decoding=\"async\" width=\"550\" height=\"367\" src=\"https:\/\/www.nominette.de\/blog\/wp-content\/uploads\/2020\/11\/Label-plaatsen-nominette-DIY1-laag-550x367.jpg\" alt=\"Welche Art von Etikett w\u00e4hlt man?\" class=\"wp-image-9218\" srcset=\"https:\/\/www.nominette.de\/blog\/wp-content\/uploads\/2020\/11\/Label-plaatsen-nominette-DIY1-laag-550x367.jpg 550w, https:\/\/www.nominette.de\/blog\/wp-content\/uploads\/2020\/11\/Label-plaatsen-nominette-DIY1-laag-300x200.jpg 300w, https:\/\/www.nominette.de\/blog\/wp-content\/uploads\/2020\/11\/Label-plaatsen-nominette-DIY1-laag-1024x683.jpg 1024w, https:\/\/www.nominette.de\/blog\/wp-content\/uploads\/2020\/11\/Label-plaatsen-nominette-DIY1-laag-768x512.jpg 768w, https:\/\/www.nominette.de\/blog\/wp-content\/uploads\/2020\/11\/Label-plaatsen-nominette-DIY1-laag-1536x1024.jpg 1536w, https:\/\/www.nominette.de\/blog\/wp-content\/uploads\/2020\/11\/Label-plaatsen-nominette-DIY1-laag-2048x1365.jpg 2048w, https:\/\/www.nominette.de\/blog\/wp-content\/uploads\/2020\/11\/Label-plaatsen-nominette-DIY1-laag-250x167.jpg 250w, https:\/\/www.nominette.de\/blog\/wp-content\/uploads\/2020\/11\/Label-plaatsen-nominette-DIY1-laag-800x533.jpg 800w, https:\/\/www.nominette.de\/blog\/wp-content\/uploads\/2020\/11\/Label-plaatsen-nominette-DIY1-laag-270x180.jpg 270w, https:\/\/www.nominette.de\/blog\/wp-content\/uploads\/2020\/11\/Label-plaatsen-nominette-DIY1-laag-450x300.jpg 450w, https:\/\/www.nominette.de\/blog\/wp-content\/uploads\/2020\/11\/Label-plaatsen-nominette-DIY1-laag-750x500.jpg 750w\" sizes=\"auto, (max-width: 550px) 100vw, 550px\" \/><figcaption> Etikett mit Endfalte <\/figcaption><\/figure>\n\n\n\n<h3 class=\"wp-block-heading\">Etikett mit einer Mittelfalte<\/h3>\n\n\n\n<p>Ein Etikett mit einer Mittelfalte ist in einer Naht eines Produkts\/Kleidungsst\u00fccks angebracht, beispielsweise an der Seite eines Kissenbezugs. Nachdem man das Etikett in der Mitte gefaltet hat (z. B. mit Hilfe eines B\u00fcgeleisens), kann man das Etikett in die Zwischennaht schieben. Dann werden das Produkt und damit auch das Etikett gen\u00e4ht.<\/p>\n\n\n\n<figure class=\"wp-block-image size-large\"><img loading=\"lazy\" decoding=\"async\" width=\"326\" height=\"111\" src=\"https:\/\/www.nominette.de\/blog\/wp-content\/uploads\/2020\/11\/Label-met-middenvouw.png\" alt=\"\" class=\"wp-image-9203\" srcset=\"https:\/\/www.nominette.de\/blog\/wp-content\/uploads\/2020\/11\/Label-met-middenvouw.png 326w, https:\/\/www.nominette.de\/blog\/wp-content\/uploads\/2020\/11\/Label-met-middenvouw-300x102.png 300w, https:\/\/www.nominette.de\/blog\/wp-content\/uploads\/2020\/11\/Label-met-middenvouw-250x85.png 250w\" sizes=\"auto, (max-width: 326px) 100vw, 326px\" \/><\/figure>\n\n\n\n<figure class=\"wp-block-image size-wcstandard\"><img loading=\"lazy\" decoding=\"async\" width=\"550\" height=\"325\" src=\"https:\/\/www.nominette.de\/blog\/wp-content\/uploads\/2020\/11\/huppekee-550x325.jpg\" alt=\"Welche Art von Etikett w\u00e4hlt man?\" class=\"wp-image-9182\" srcset=\"https:\/\/www.nominette.de\/blog\/wp-content\/uploads\/2020\/11\/huppekee-550x325.jpg 550w, https:\/\/www.nominette.de\/blog\/wp-content\/uploads\/2020\/11\/huppekee-300x177.jpg 300w, https:\/\/www.nominette.de\/blog\/wp-content\/uploads\/2020\/11\/huppekee-250x148.jpg 250w, https:\/\/www.nominette.de\/blog\/wp-content\/uploads\/2020\/11\/huppekee-304x180.jpg 304w, https:\/\/www.nominette.de\/blog\/wp-content\/uploads\/2020\/11\/huppekee-507x300.jpg 507w, https:\/\/www.nominette.de\/blog\/wp-content\/uploads\/2020\/11\/huppekee.jpg 710w\" sizes=\"auto, (max-width: 550px) 100vw, 550px\" \/><figcaption> Etikett mit Mittelfalte <\/figcaption><\/figure>\n\n\n\n<h3 class=\"wp-block-heading\">Mittelfalte: Quer- oder Hochformat?<\/h3>\n\n\n\n<p>Bei einem Etikett mit Mittelfalte kann man ein Quer- oder Hochformat w\u00e4hlen. Was genau ist der Unterschied? Bei einem Querformat Etikett befindet sich das Etikett in horizontaler Richtung, also in der Breite. Bei einem Hochformat Etikett ist das Etikett vertikal in der H\u00f6he. Das Logo und\/oder Ihr Text bleiben mit beiden Optionen horizontal auf dem Etikett platziert.<\/p>\n\n\n\n<figure class=\"wp-block-image size-large\"><img loading=\"lazy\" decoding=\"async\" width=\"468\" height=\"319\" src=\"https:\/\/www.nominette.de\/blog\/wp-content\/uploads\/2020\/11\/middenvouw-liggend-en-staand-1.jpg\" alt=\"\" class=\"wp-image-9257\" srcset=\"https:\/\/www.nominette.de\/blog\/wp-content\/uploads\/2020\/11\/middenvouw-liggend-en-staand-1.jpg 468w, https:\/\/www.nominette.de\/blog\/wp-content\/uploads\/2020\/11\/middenvouw-liggend-en-staand-1-300x204.jpg 300w, https:\/\/www.nominette.de\/blog\/wp-content\/uploads\/2020\/11\/middenvouw-liggend-en-staand-1-250x170.jpg 250w, https:\/\/www.nominette.de\/blog\/wp-content\/uploads\/2020\/11\/middenvouw-liggend-en-staand-1-264x180.jpg 264w, https:\/\/www.nominette.de\/blog\/wp-content\/uploads\/2020\/11\/middenvouw-liggend-en-staand-1-440x300.jpg 440w\" sizes=\"auto, (max-width: 468px) 100vw, 468px\" \/><figcaption>Querformat und Hochformat<\/figcaption><\/figure>\n\n\n\n<p>Nachdem du nun wei\u00dft, wie du dein Etikett verarbeiten m\u00f6chten, und einen Etikettentyp ausgew\u00e4hlt hast kannst du mit der Gestaltung deines Etiketts fortfahren. Wenn du dich immer noch nicht sicher bist, welche Art von Etikett du m\u00f6chtest, z. B. ein Bekleidungsetikett oder ein N\u00e4hetikett, lese bitte auch unseren Blog &#8222;Welche Art von Etikett w\u00e4hle ich?&#8220;, In dem wir die verschiedenen Arten von Etiketten ausf\u00fchrlicher erl\u00e4utern Einzelheiten.<\/p>\n\n\n\n<p>Hast du andere Fragen als diese Blogs? Bitte wende dich unter +494082210455  an unseren Kundenservice, sende uns eine E-Mail an info@nominette.com oder senden Sie uns eine Nachricht auf <a rel=\"noreferrer noopener\" aria-label=\"Instagram (opens in a new tab)\" href=\"https:\/\/www.instagram.com\/nominette_labels\" target=\"_blank\">Instagram<\/a><\/p>\n","protected":false},"excerpt":{"rendered":"<p>Du hast einen Klamotten Laden, ein eigenes Studio, einen eigenen Webshop oder bist einfach nur kreativ und m\u00f6chtest deinen eigenen gewebten Etiketten in Produkten haben. Super sch\u00f6n, da dies dein Produkt erkennbarer und professioneller macht. Aber welche Art von Etikett w\u00e4hlt man? Ein Etikett mit Endfalte oder Mittelfalte? Und worauf sollte man bei der Auswahl&hellip;<\/p>\n","protected":false},"author":1,"featured_media":9263,"comment_status":"open","ping_status":"open","sticky":false,"template":"","format":"standard","meta":{"footnotes":""},"categories":[506],"tags":[],"class_list":["post-9262","post","type-post","status-publish","format-standard","has-post-thumbnail","hentry","category-faq-4"],"yoast_head":"<!-- This site is optimized with the Yoast SEO plugin v24.7 - https:\/\/yoast.com\/wordpress\/plugins\/seo\/ -->\n<title>Etikett mit Endfalte oder Mittelfalte - Entwerfe dein eigenes Etikette - Nominette<\/title>\n<meta name=\"description\" content=\"Du wirst dein eigenes Etikett entwerfen. Aber welche Art von Etikett w\u00e4hlt man? Und worauf sollte man achten? Wir erkl\u00e4ren es euch gerne!\" \/>\n<meta name=\"robots\" content=\"index, follow, max-snippet:-1, max-image-preview:large, max-video-preview:-1\" \/>\n<link rel=\"canonical\" href=\"https:\/\/www.nominette.de\/blog\/faq-4\/etikett-mit-endfalte-oder-mittelfalte\" \/>\n<meta property=\"og:locale\" content=\"de_DE\" \/>\n<meta property=\"og:type\" content=\"article\" \/>\n<meta property=\"og:title\" content=\"Etikett mit Endfalte oder Mittelfalte - Entwerfe dein eigenes Etikette - Nominette\" \/>\n<meta property=\"og:description\" content=\"Du wirst dein eigenes Etikett entwerfen. Aber welche Art von Etikett w\u00e4hlt man? Und worauf sollte man achten? Wir erkl\u00e4ren es euch gerne!\" \/>\n<meta property=\"og:url\" content=\"https:\/\/www.nominette.de\/blog\/faq-4\/etikett-mit-endfalte-oder-mittelfalte\" \/>\n<meta property=\"og:site_name\" content=\"Nominette\" \/>\n<meta property=\"article:publisher\" content=\"https:\/\/www.facebook.com\/Nominette\" \/>\n<meta property=\"article:published_time\" content=\"2020-11-10T13:02:33+00:00\" \/>\n<meta property=\"article:modified_time\" content=\"2021-05-04T08:52:23+00:00\" \/>\n<meta property=\"og:image\" content=\"https:\/\/www.nominette.de\/blog\/wp-content\/uploads\/2020\/11\/Label-plaatsen-nominette-DIY5-laag-4-scaled.jpg\" \/>\n\t<meta property=\"og:image:width\" content=\"2560\" \/>\n\t<meta property=\"og:image:height\" content=\"1707\" \/>\n\t<meta property=\"og:image:type\" content=\"image\/jpeg\" \/>\n<meta name=\"author\" content=\"Nominette\" \/>\n<meta name=\"twitter:card\" content=\"summary_large_image\" \/>\n<meta name=\"twitter:creator\" content=\"@nominette\" \/>\n<meta name=\"twitter:site\" content=\"@nominette\" \/>\n<meta name=\"twitter:label1\" content=\"Verfasst von\" \/>\n\t<meta name=\"twitter:data1\" content=\"Nominette\" \/>\n\t<meta name=\"twitter:label2\" content=\"Gesch\u00e4tzte Lesezeit\" \/>\n\t<meta name=\"twitter:data2\" content=\"2\u00a0Minuten\" \/>\n<script type=\"application\/ld+json\" class=\"yoast-schema-graph\">{\"@context\":\"https:\/\/schema.org\",\"@graph\":[{\"@type\":\"WebPage\",\"@id\":\"https:\/\/www.nominette.de\/blog\/faq-4\/etikett-mit-endfalte-oder-mittelfalte\",\"url\":\"https:\/\/www.nominette.de\/blog\/faq-4\/etikett-mit-endfalte-oder-mittelfalte\",\"name\":\"Etikett mit Endfalte oder Mittelfalte - Entwerfe dein eigenes Etikette - Nominette\",\"isPartOf\":{\"@id\":\"https:\/\/www.nominette.de\/blog#website\"},\"primaryImageOfPage\":{\"@id\":\"https:\/\/www.nominette.de\/blog\/faq-4\/etikett-mit-endfalte-oder-mittelfalte#primaryimage\"},\"image\":{\"@id\":\"https:\/\/www.nominette.de\/blog\/faq-4\/etikett-mit-endfalte-oder-mittelfalte#primaryimage\"},\"thumbnailUrl\":\"https:\/\/www.nominette.de\/blog\/wp-content\/uploads\/2020\/11\/Label-plaatsen-nominette-DIY5-laag-4-scaled.jpg\",\"datePublished\":\"2020-11-10T13:02:33+00:00\",\"dateModified\":\"2021-05-04T08:52:23+00:00\",\"author\":{\"@id\":\"https:\/\/www.nominette.de\/blog#\/schema\/person\/365e9a7b5a80cfd63ce70841993dafc6\"},\"description\":\"Du wirst dein eigenes Etikett entwerfen. Aber welche Art von Etikett w\u00e4hlt man? Und worauf sollte man achten? Wir erkl\u00e4ren es euch gerne!\",\"breadcrumb\":{\"@id\":\"https:\/\/www.nominette.de\/blog\/faq-4\/etikett-mit-endfalte-oder-mittelfalte#breadcrumb\"},\"inLanguage\":\"de\",\"potentialAction\":[{\"@type\":\"ReadAction\",\"target\":[\"https:\/\/www.nominette.de\/blog\/faq-4\/etikett-mit-endfalte-oder-mittelfalte\"]}]},{\"@type\":\"ImageObject\",\"inLanguage\":\"de\",\"@id\":\"https:\/\/www.nominette.de\/blog\/faq-4\/etikett-mit-endfalte-oder-mittelfalte#primaryimage\",\"url\":\"https:\/\/www.nominette.de\/blog\/wp-content\/uploads\/2020\/11\/Label-plaatsen-nominette-DIY5-laag-4-scaled.jpg\",\"contentUrl\":\"https:\/\/www.nominette.de\/blog\/wp-content\/uploads\/2020\/11\/Label-plaatsen-nominette-DIY5-laag-4-scaled.jpg\",\"width\":2560,\"height\":1707,\"caption\":\"Welche Art von Etikett w\u00e4hlt man?\"},{\"@type\":\"BreadcrumbList\",\"@id\":\"https:\/\/www.nominette.de\/blog\/faq-4\/etikett-mit-endfalte-oder-mittelfalte#breadcrumb\",\"itemListElement\":[{\"@type\":\"ListItem\",\"position\":1,\"name\":\"Home\",\"item\":\"https:\/\/www.nominette.de\/blog\"},{\"@type\":\"ListItem\",\"position\":2,\"name\":\"Etikett mit Endfalte oder Mittelfalte\"}]},{\"@type\":\"WebSite\",\"@id\":\"https:\/\/www.nominette.de\/blog#website\",\"url\":\"https:\/\/www.nominette.de\/blog\",\"name\":\"Nominette\",\"description\":\"gepersonaliseerde labels voor handgemaakte spulletjes\",\"potentialAction\":[{\"@type\":\"SearchAction\",\"target\":{\"@type\":\"EntryPoint\",\"urlTemplate\":\"https:\/\/www.nominette.de\/blog?s={search_term_string}\"},\"query-input\":{\"@type\":\"PropertyValueSpecification\",\"valueRequired\":true,\"valueName\":\"search_term_string\"}}],\"inLanguage\":\"de\"},{\"@type\":\"Person\",\"@id\":\"https:\/\/www.nominette.de\/blog#\/schema\/person\/365e9a7b5a80cfd63ce70841993dafc6\",\"name\":\"Nominette\",\"image\":{\"@type\":\"ImageObject\",\"inLanguage\":\"de\",\"@id\":\"https:\/\/www.nominette.de\/blog#\/schema\/person\/image\/\",\"url\":\"https:\/\/secure.gravatar.com\/avatar\/6ab92dc068d690f939e3a4dc1373a3030899b42a58fd9e031f614af68b9db652?s=96&d=mm&r=g\",\"contentUrl\":\"https:\/\/secure.gravatar.com\/avatar\/6ab92dc068d690f939e3a4dc1373a3030899b42a58fd9e031f614af68b9db652?s=96&d=mm&r=g\",\"caption\":\"Nominette\"},\"url\":\"https:\/\/www.nominette.de\/blog\/author\/nominette\"}]}<\/script>\n<!-- \/ Yoast SEO plugin. -->","yoast_head_json":{"title":"Etikett mit Endfalte oder Mittelfalte - Entwerfe dein eigenes Etikette - Nominette","description":"Du wirst dein eigenes Etikett entwerfen. Aber welche Art von Etikett w\u00e4hlt man? Und worauf sollte man achten? Wir erkl\u00e4ren es euch gerne!","robots":{"index":"index","follow":"follow","max-snippet":"max-snippet:-1","max-image-preview":"max-image-preview:large","max-video-preview":"max-video-preview:-1"},"canonical":"https:\/\/www.nominette.de\/blog\/faq-4\/etikett-mit-endfalte-oder-mittelfalte","og_locale":"de_DE","og_type":"article","og_title":"Etikett mit Endfalte oder Mittelfalte - Entwerfe dein eigenes Etikette - Nominette","og_description":"Du wirst dein eigenes Etikett entwerfen. Aber welche Art von Etikett w\u00e4hlt man? Und worauf sollte man achten? Wir erkl\u00e4ren es euch gerne!","og_url":"https:\/\/www.nominette.de\/blog\/faq-4\/etikett-mit-endfalte-oder-mittelfalte","og_site_name":"Nominette","article_publisher":"https:\/\/www.facebook.com\/Nominette","article_published_time":"2020-11-10T13:02:33+00:00","article_modified_time":"2021-05-04T08:52:23+00:00","og_image":[{"width":2560,"height":1707,"url":"https:\/\/www.nominette.de\/blog\/wp-content\/uploads\/2020\/11\/Label-plaatsen-nominette-DIY5-laag-4-scaled.jpg","type":"image\/jpeg"}],"author":"Nominette","twitter_card":"summary_large_image","twitter_creator":"@nominette","twitter_site":"@nominette","twitter_misc":{"Verfasst von":"Nominette","Gesch\u00e4tzte Lesezeit":"2\u00a0Minuten"},"schema":{"@context":"https:\/\/schema.org","@graph":[{"@type":"WebPage","@id":"https:\/\/www.nominette.de\/blog\/faq-4\/etikett-mit-endfalte-oder-mittelfalte","url":"https:\/\/www.nominette.de\/blog\/faq-4\/etikett-mit-endfalte-oder-mittelfalte","name":"Etikett mit Endfalte oder Mittelfalte - Entwerfe dein eigenes Etikette - Nominette","isPartOf":{"@id":"https:\/\/www.nominette.de\/blog#website"},"primaryImageOfPage":{"@id":"https:\/\/www.nominette.de\/blog\/faq-4\/etikett-mit-endfalte-oder-mittelfalte#primaryimage"},"image":{"@id":"https:\/\/www.nominette.de\/blog\/faq-4\/etikett-mit-endfalte-oder-mittelfalte#primaryimage"},"thumbnailUrl":"https:\/\/www.nominette.de\/blog\/wp-content\/uploads\/2020\/11\/Label-plaatsen-nominette-DIY5-laag-4-scaled.jpg","datePublished":"2020-11-10T13:02:33+00:00","dateModified":"2021-05-04T08:52:23+00:00","author":{"@id":"https:\/\/www.nominette.de\/blog#\/schema\/person\/365e9a7b5a80cfd63ce70841993dafc6"},"description":"Du wirst dein eigenes Etikett entwerfen. Aber welche Art von Etikett w\u00e4hlt man? Und worauf sollte man achten? Wir erkl\u00e4ren es euch gerne!","breadcrumb":{"@id":"https:\/\/www.nominette.de\/blog\/faq-4\/etikett-mit-endfalte-oder-mittelfalte#breadcrumb"},"inLanguage":"de","potentialAction":[{"@type":"ReadAction","target":["https:\/\/www.nominette.de\/blog\/faq-4\/etikett-mit-endfalte-oder-mittelfalte"]}]},{"@type":"ImageObject","inLanguage":"de","@id":"https:\/\/www.nominette.de\/blog\/faq-4\/etikett-mit-endfalte-oder-mittelfalte#primaryimage","url":"https:\/\/www.nominette.de\/blog\/wp-content\/uploads\/2020\/11\/Label-plaatsen-nominette-DIY5-laag-4-scaled.jpg","contentUrl":"https:\/\/www.nominette.de\/blog\/wp-content\/uploads\/2020\/11\/Label-plaatsen-nominette-DIY5-laag-4-scaled.jpg","width":2560,"height":1707,"caption":"Welche Art von Etikett w\u00e4hlt man?"},{"@type":"BreadcrumbList","@id":"https:\/\/www.nominette.de\/blog\/faq-4\/etikett-mit-endfalte-oder-mittelfalte#breadcrumb","itemListElement":[{"@type":"ListItem","position":1,"name":"Home","item":"https:\/\/www.nominette.de\/blog"},{"@type":"ListItem","position":2,"name":"Etikett mit Endfalte oder Mittelfalte"}]},{"@type":"WebSite","@id":"https:\/\/www.nominette.de\/blog#website","url":"https:\/\/www.nominette.de\/blog","name":"Nominette","description":"gepersonaliseerde labels voor handgemaakte spulletjes","potentialAction":[{"@type":"SearchAction","target":{"@type":"EntryPoint","urlTemplate":"https:\/\/www.nominette.de\/blog?s={search_term_string}"},"query-input":{"@type":"PropertyValueSpecification","valueRequired":true,"valueName":"search_term_string"}}],"inLanguage":"de"},{"@type":"Person","@id":"https:\/\/www.nominette.de\/blog#\/schema\/person\/365e9a7b5a80cfd63ce70841993dafc6","name":"Nominette","image":{"@type":"ImageObject","inLanguage":"de","@id":"https:\/\/www.nominette.de\/blog#\/schema\/person\/image\/","url":"https:\/\/secure.gravatar.com\/avatar\/6ab92dc068d690f939e3a4dc1373a3030899b42a58fd9e031f614af68b9db652?s=96&d=mm&r=g","contentUrl":"https:\/\/secure.gravatar.com\/avatar\/6ab92dc068d690f939e3a4dc1373a3030899b42a58fd9e031f614af68b9db652?s=96&d=mm&r=g","caption":"Nominette"},"url":"https:\/\/www.nominette.de\/blog\/author\/nominette"}]}},"_links":{"self":[{"href":"https:\/\/www.nominette.de\/blog\/wp-json\/wp\/v2\/posts\/9262","targetHints":{"allow":["GET"]}}],"collection":[{"href":"https:\/\/www.nominette.de\/blog\/wp-json\/wp\/v2\/posts"}],"about":[{"href":"https:\/\/www.nominette.de\/blog\/wp-json\/wp\/v2\/types\/post"}],"author":[{"embeddable":true,"href":"https:\/\/www.nominette.de\/blog\/wp-json\/wp\/v2\/users\/1"}],"replies":[{"embeddable":true,"href":"https:\/\/www.nominette.de\/blog\/wp-json\/wp\/v2\/comments?post=9262"}],"version-history":[{"count":3,"href":"https:\/\/www.nominette.de\/blog\/wp-json\/wp\/v2\/posts\/9262\/revisions"}],"predecessor-version":[{"id":9473,"href":"https:\/\/www.nominette.de\/blog\/wp-json\/wp\/v2\/posts\/9262\/revisions\/9473"}],"wp:featuredmedia":[{"embeddable":true,"href":"https:\/\/www.nominette.de\/blog\/wp-json\/wp\/v2\/media\/9263"}],"wp:attachment":[{"href":"https:\/\/www.nominette.de\/blog\/wp-json\/wp\/v2\/media?parent=9262"}],"wp:term":[{"taxonomy":"category","embeddable":true,"href":"https:\/\/www.nominette.de\/blog\/wp-json\/wp\/v2\/categories?post=9262"},{"taxonomy":"post_tag","embeddable":true,"href":"https:\/\/www.nominette.de\/blog\/wp-json\/wp\/v2\/tags?post=9262"}],"curies":[{"name":"wp","href":"https:\/\/api.w.org\/{rel}","templated":true}]}}