{"id":9060,"date":"2020-10-21T14:00:00","date_gmt":"2020-10-21T13:00:00","guid":{"rendered":"https:\/\/www.nominette.com\/blog?p=9060"},"modified":"2021-06-29T14:38:28","modified_gmt":"2021-06-29T13:38:28","slug":"hochzeitsfestival-mit-eigenen-bandern","status":"publish","type":"post","link":"https:\/\/www.nominette.de\/blog\/party\/hochzeitsfestival-mit-eigenen-bandern","title":{"rendered":"Hochzeitsfestival mit eigenen B\u00e4ndern"},"content":{"rendered":"\n<p>Da dieses Jahr aufgrund des Coronavirus alles etwas anders ist, finden leider viele Festivals nicht statt. Trotz aller Berichte \u00fcber abgesagte Veranstaltungen und Partys haben wir diese Woche eine fr\u00f6hliche Nachricht von Enya erhalten. Gl\u00fccklicherweise fand ihr gro\u00dfer Tag letzten August trotzdem statt, und dies in Form eines Hochzeitsfestival mit eigenen B\u00e4ndern! Wir k\u00f6nnten alle Inspiration gebrauchen, um ein wenig zu tr\u00e4umen und Pl\u00e4ne f\u00fcr die Zukunft zu schmieden, nicht wahr?<\/p>\n\n\n\n<figure class=\"wp-block-image size-wcstandard\"><img loading=\"lazy\" decoding=\"async\" width=\"550\" height=\"367\" src=\"https:\/\/www.nominette.com\/blog\/wp-content\/uploads\/2020\/10\/Festivalwedding-polsbandjes-2-550x367.jpg\" alt=\"Hochzeitsfestival mit eigenen B\u00e4ndern\" class=\"wp-image-9028\" srcset=\"https:\/\/www.nominette.de\/blog\/wp-content\/uploads\/2020\/10\/Festivalwedding-polsbandjes-2-550x367.jpg 550w, https:\/\/www.nominette.de\/blog\/wp-content\/uploads\/2020\/10\/Festivalwedding-polsbandjes-2-300x200.jpg 300w, https:\/\/www.nominette.de\/blog\/wp-content\/uploads\/2020\/10\/Festivalwedding-polsbandjes-2-768x512.jpg 768w, https:\/\/www.nominette.de\/blog\/wp-content\/uploads\/2020\/10\/Festivalwedding-polsbandjes-2-250x167.jpg 250w, https:\/\/www.nominette.de\/blog\/wp-content\/uploads\/2020\/10\/Festivalwedding-polsbandjes-2-800x533.jpg 800w, https:\/\/www.nominette.de\/blog\/wp-content\/uploads\/2020\/10\/Festivalwedding-polsbandjes-2-270x180.jpg 270w, https:\/\/www.nominette.de\/blog\/wp-content\/uploads\/2020\/10\/Festivalwedding-polsbandjes-2-450x300.jpg 450w, https:\/\/www.nominette.de\/blog\/wp-content\/uploads\/2020\/10\/Festivalwedding-polsbandjes-2-750x500.jpg 750w, https:\/\/www.nominette.de\/blog\/wp-content\/uploads\/2020\/10\/Festivalwedding-polsbandjes-2.jpg 828w\" sizes=\"auto, (max-width: 550px) 100vw, 550px\" \/><figcaption>Liebevoll gaben sie sich das Ja Wort<\/figcaption><\/figure>\n\n\n\n<p>Enya und Joeri trafen sich auf einem Festival, so dass die Idee f\u00fcr eine intime Festivalhochzeit schnell entstand. Und nat\u00fcrlich waren personalisierte B\u00e4nder f\u00fcr Braut, Br\u00e4utigam und G\u00e4ste ein Muss. Enya teilte mit uns die wundersch\u00f6nen Fotos (Credits: Inimini Photography) von ihrer Hochzeitsfestival mit eigenen B\u00e4ndern. M\u00f6chtet ihr dieses M\u00e4rchen mit uns genie\u00dfen?<\/p>\n\n\n\n<figure class=\"wp-block-image size-wcstandard\"><img loading=\"lazy\" decoding=\"async\" width=\"550\" height=\"825\" src=\"https:\/\/www.nominette.com\/blog\/wp-content\/uploads\/2020\/10\/Festivalwedding-polsbandjes-4-550x825.jpg\" alt=\"Hochzeitsfestival mit eigenen B\u00e4ndern\" class=\"wp-image-9033\" srcset=\"https:\/\/www.nominette.de\/blog\/wp-content\/uploads\/2020\/10\/Festivalwedding-polsbandjes-4-550x825.jpg 550w, https:\/\/www.nominette.de\/blog\/wp-content\/uploads\/2020\/10\/Festivalwedding-polsbandjes-4-200x300.jpg 200w, https:\/\/www.nominette.de\/blog\/wp-content\/uploads\/2020\/10\/Festivalwedding-polsbandjes-4-683x1024.jpg 683w, https:\/\/www.nominette.de\/blog\/wp-content\/uploads\/2020\/10\/Festivalwedding-polsbandjes-4-768x1152.jpg 768w, https:\/\/www.nominette.de\/blog\/wp-content\/uploads\/2020\/10\/Festivalwedding-polsbandjes-4-250x375.jpg 250w, https:\/\/www.nominette.de\/blog\/wp-content\/uploads\/2020\/10\/Festivalwedding-polsbandjes-4-800x1200.jpg 800w, https:\/\/www.nominette.de\/blog\/wp-content\/uploads\/2020\/10\/Festivalwedding-polsbandjes-4-120x180.jpg 120w, https:\/\/www.nominette.de\/blog\/wp-content\/uploads\/2020\/10\/Festivalwedding-polsbandjes-4-333x500.jpg 333w, https:\/\/www.nominette.de\/blog\/wp-content\/uploads\/2020\/10\/Festivalwedding-polsbandjes-4.jpg 828w\" sizes=\"auto, (max-width: 550px) 100vw, 550px\" \/><figcaption>Strahlende Festivalbraut<\/figcaption><\/figure>\n\n\n\n<figure class=\"wp-block-image size-large is-resized\"><img loading=\"lazy\" decoding=\"async\" src=\"https:\/\/www.nominette.de\/blog\/wp-content\/uploads\/2020\/10\/122377700_349301646303970_3705634517139438692_n-473x1024.jpg\" alt=\"Hochzeitsfestival mit eigenen B\u00e4ndern\" class=\"wp-image-9123\" width=\"548\" height=\"1187\" srcset=\"https:\/\/www.nominette.de\/blog\/wp-content\/uploads\/2020\/10\/122377700_349301646303970_3705634517139438692_n-473x1024.jpg 473w, https:\/\/www.nominette.de\/blog\/wp-content\/uploads\/2020\/10\/122377700_349301646303970_3705634517139438692_n-139x300.jpg 139w, https:\/\/www.nominette.de\/blog\/wp-content\/uploads\/2020\/10\/122377700_349301646303970_3705634517139438692_n-250x541.jpg 250w, https:\/\/www.nominette.de\/blog\/wp-content\/uploads\/2020\/10\/122377700_349301646303970_3705634517139438692_n-83x180.jpg 83w, https:\/\/www.nominette.de\/blog\/wp-content\/uploads\/2020\/10\/122377700_349301646303970_3705634517139438692_n-231x500.jpg 231w, https:\/\/www.nominette.de\/blog\/wp-content\/uploads\/2020\/10\/122377700_349301646303970_3705634517139438692_n.jpg 480w\" sizes=\"auto, (max-width: 548px) 100vw, 548px\" \/><figcaption>Das Brautpaar<\/figcaption><\/figure>\n\n\n\n<figure class=\"wp-block-image size-wcstandard\"><img loading=\"lazy\" decoding=\"async\" width=\"550\" height=\"733\" src=\"https:\/\/www.nominette.com\/blog\/wp-content\/uploads\/2020\/10\/festivalwedding-polsbandjes-1-550x733.jpg\" alt=\"Hochzeitsfestival mit eigenen B\u00e4ndern\" class=\"wp-image-9037\" srcset=\"https:\/\/www.nominette.de\/blog\/wp-content\/uploads\/2020\/10\/festivalwedding-polsbandjes-1-550x733.jpg 550w, https:\/\/www.nominette.de\/blog\/wp-content\/uploads\/2020\/10\/festivalwedding-polsbandjes-1-225x300.jpg 225w, https:\/\/www.nominette.de\/blog\/wp-content\/uploads\/2020\/10\/festivalwedding-polsbandjes-1-250x333.jpg 250w, https:\/\/www.nominette.de\/blog\/wp-content\/uploads\/2020\/10\/festivalwedding-polsbandjes-1-135x180.jpg 135w, https:\/\/www.nominette.de\/blog\/wp-content\/uploads\/2020\/10\/festivalwedding-polsbandjes-1-375x500.jpg 375w, https:\/\/www.nominette.de\/blog\/wp-content\/uploads\/2020\/10\/festivalwedding-polsbandjes-1.jpg 768w\" sizes=\"auto, (max-width: 550px) 100vw, 550px\" \/><figcaption>B\u00e4nder mit Namen des Brautpaares<\/figcaption><\/figure>\n\n\n\n<figure class=\"wp-block-image size-wcstandard\"><img loading=\"lazy\" decoding=\"async\" width=\"550\" height=\"367\" src=\"https:\/\/www.nominette.com\/blog\/wp-content\/uploads\/2020\/10\/122181463_347527582991793_3544923395419644870_n-550x367.jpg\" alt=\"Hochzeitsfestival mit eigenen B\u00e4ndern\" class=\"wp-image-9128\" srcset=\"https:\/\/www.nominette.de\/blog\/wp-content\/uploads\/2020\/10\/122181463_347527582991793_3544923395419644870_n-550x367.jpg 550w, https:\/\/www.nominette.de\/blog\/wp-content\/uploads\/2020\/10\/122181463_347527582991793_3544923395419644870_n-300x200.jpg 300w, https:\/\/www.nominette.de\/blog\/wp-content\/uploads\/2020\/10\/122181463_347527582991793_3544923395419644870_n-768x512.jpg 768w, https:\/\/www.nominette.de\/blog\/wp-content\/uploads\/2020\/10\/122181463_347527582991793_3544923395419644870_n-250x167.jpg 250w, https:\/\/www.nominette.de\/blog\/wp-content\/uploads\/2020\/10\/122181463_347527582991793_3544923395419644870_n-800x533.jpg 800w, https:\/\/www.nominette.de\/blog\/wp-content\/uploads\/2020\/10\/122181463_347527582991793_3544923395419644870_n-270x180.jpg 270w, https:\/\/www.nominette.de\/blog\/wp-content\/uploads\/2020\/10\/122181463_347527582991793_3544923395419644870_n-450x300.jpg 450w, https:\/\/www.nominette.de\/blog\/wp-content\/uploads\/2020\/10\/122181463_347527582991793_3544923395419644870_n-750x500.jpg 750w, https:\/\/www.nominette.de\/blog\/wp-content\/uploads\/2020\/10\/122181463_347527582991793_3544923395419644870_n.jpg 828w\" sizes=\"auto, (max-width: 550px) 100vw, 550px\" \/><figcaption>Ein wundersch\u00f6ner<\/figcaption><\/figure>\n\n\n\n<figure class=\"wp-block-image size-wcstandard\"><img loading=\"lazy\" decoding=\"async\" width=\"550\" height=\"367\" src=\"https:\/\/www.nominette.com\/blog\/wp-content\/uploads\/2020\/10\/Festivalwedding-polsbandjes-5-550x367.jpg\" alt=\"Hochzeitsfestival mit eigenen B\u00e4ndern\" class=\"wp-image-9041\" srcset=\"https:\/\/www.nominette.de\/blog\/wp-content\/uploads\/2020\/10\/Festivalwedding-polsbandjes-5-550x367.jpg 550w, https:\/\/www.nominette.de\/blog\/wp-content\/uploads\/2020\/10\/Festivalwedding-polsbandjes-5-300x200.jpg 300w, https:\/\/www.nominette.de\/blog\/wp-content\/uploads\/2020\/10\/Festivalwedding-polsbandjes-5-768x512.jpg 768w, https:\/\/www.nominette.de\/blog\/wp-content\/uploads\/2020\/10\/Festivalwedding-polsbandjes-5-250x167.jpg 250w, https:\/\/www.nominette.de\/blog\/wp-content\/uploads\/2020\/10\/Festivalwedding-polsbandjes-5-800x533.jpg 800w, https:\/\/www.nominette.de\/blog\/wp-content\/uploads\/2020\/10\/Festivalwedding-polsbandjes-5-270x180.jpg 270w, https:\/\/www.nominette.de\/blog\/wp-content\/uploads\/2020\/10\/Festivalwedding-polsbandjes-5-450x300.jpg 450w, https:\/\/www.nominette.de\/blog\/wp-content\/uploads\/2020\/10\/Festivalwedding-polsbandjes-5-750x500.jpg 750w, https:\/\/www.nominette.de\/blog\/wp-content\/uploads\/2020\/10\/Festivalwedding-polsbandjes-5.jpg 828w\" sizes=\"auto, (max-width: 550px) 100vw, 550px\" \/><figcaption>Pers\u00f6nliche Gl\u00fcckw\u00fcnsche der Hochzeitg\u00e4ste<\/figcaption><\/figure>\n\n\n\n<h3 class=\"wp-block-heading\">Hochzeitspl\u00e4ne nach Corona?<\/h3>\n\n\n\n<p>Habt ihr euch inspirieren lassen und m\u00f6chtet ihr auch eure eigenen personalisierten B\u00e4nder f\u00fcr eure (Mini) Veranstaltung oder Hochzeit, sobald Partys und Festivals wieder erlaubt sind? Dann werfe einen Blick auf unsere <a rel=\"noreferrer noopener\" aria-label=\"Website (opens in a new tab)\" href=\"https:\/\/www.nominette.de\/konzertbandchen\" target=\"_blank\">Website<\/a>. <\/p>\n\n\n\n<p>Wir lieben es zu sehen, was Sie alle mit unseren Etiketten oder selbst entworfen Armb\u00e4ndern kreieren. M\u00f6chten Sie Fotos mit uns teilen? Tag uns auf<a href=\"https:\/\/www.instagram.com\/nominette_labels\" target=\"_blank\" rel=\"noreferrer noopener\" aria-label=\" Instagram (opens in a new tab)\"> Instagram<\/a> in Ihrem Foto oder senden Sie eine E-Mail an info@nominette.com!<\/p>\n","protected":false},"excerpt":{"rendered":"<p>Da dieses Jahr aufgrund des Coronavirus alles etwas anders ist, finden leider viele Festivals nicht statt. Trotz aller Berichte \u00fcber abgesagte Veranstaltungen und Partys haben wir diese Woche eine fr\u00f6hliche Nachricht von Enya erhalten. Gl\u00fccklicherweise fand ihr gro\u00dfer Tag letzten August trotzdem statt, und dies in Form eines Hochzeitsfestival mit eigenen B\u00e4ndern! Wir k\u00f6nnten alle&hellip;<\/p>\n","protected":false},"author":1,"featured_media":9145,"comment_status":"open","ping_status":"open","sticky":false,"template":"","format":"standard","meta":{"footnotes":""},"categories":[463,214,220],"tags":[487,486,485],"class_list":["post-9060","post","type-post","status-publish","format-standard","has-post-thumbnail","hentry","category-inspirasjon","category-party","category-wedding","tag-festivalbandern","tag-hochzeit","tag-hochzeitsfestival"],"yoast_head":"<!-- This site is optimized with the Yoast SEO plugin v24.7 - https:\/\/yoast.com\/wordpress\/plugins\/seo\/ -->\n<title>Hochzeitsfestival mit eigenen B\u00e4ndern - Nominette<\/title>\n<meta name=\"description\" content=\"Bei einer Festivalhochzeit sollten nat\u00fcrlich eigenen Armb\u00e4nder nicht fehlen. Enya und Joeri teilen die Fotos ihrer Hochzeitsfestival mit eigenen B\u00e4ndern!\" \/>\n<meta name=\"robots\" content=\"index, follow, max-snippet:-1, max-image-preview:large, max-video-preview:-1\" \/>\n<link rel=\"canonical\" href=\"https:\/\/www.nominette.de\/blog\/party\/hochzeitsfestival-mit-eigenen-bandern\" \/>\n<meta property=\"og:locale\" content=\"de_DE\" \/>\n<meta property=\"og:type\" content=\"article\" \/>\n<meta property=\"og:title\" content=\"Hochzeitsfestival mit eigenen B\u00e4ndern - Nominette\" \/>\n<meta property=\"og:description\" content=\"Bei einer Festivalhochzeit sollten nat\u00fcrlich eigenen Armb\u00e4nder nicht fehlen. Enya und Joeri teilen die Fotos ihrer Hochzeitsfestival mit eigenen B\u00e4ndern!\" \/>\n<meta property=\"og:url\" content=\"https:\/\/www.nominette.de\/blog\/party\/hochzeitsfestival-mit-eigenen-bandern\" \/>\n<meta property=\"og:site_name\" content=\"Nominette\" \/>\n<meta property=\"article:publisher\" content=\"https:\/\/www.facebook.com\/Nominette\" \/>\n<meta property=\"article:published_time\" content=\"2020-10-21T13:00:00+00:00\" \/>\n<meta property=\"article:modified_time\" content=\"2021-06-29T13:38:28+00:00\" \/>\n<meta property=\"og:image\" content=\"https:\/\/www.nominette.de\/blog\/wp-content\/uploads\/2020\/10\/Festivalwedding-polsbandjes-2-10.jpg\" \/>\n\t<meta property=\"og:image:width\" content=\"828\" \/>\n\t<meta property=\"og:image:height\" content=\"552\" \/>\n\t<meta property=\"og:image:type\" content=\"image\/jpeg\" \/>\n<meta name=\"author\" content=\"Nominette\" \/>\n<meta name=\"twitter:card\" content=\"summary_large_image\" \/>\n<meta name=\"twitter:creator\" content=\"@nominette\" \/>\n<meta name=\"twitter:site\" content=\"@nominette\" \/>\n<meta name=\"twitter:label1\" content=\"Verfasst von\" \/>\n\t<meta name=\"twitter:data1\" content=\"Nominette\" \/>\n\t<meta name=\"twitter:label2\" content=\"Gesch\u00e4tzte Lesezeit\" \/>\n\t<meta name=\"twitter:data2\" content=\"1\u00a0Minute\" \/>\n<script type=\"application\/ld+json\" class=\"yoast-schema-graph\">{\"@context\":\"https:\/\/schema.org\",\"@graph\":[{\"@type\":\"WebPage\",\"@id\":\"https:\/\/www.nominette.de\/blog\/party\/hochzeitsfestival-mit-eigenen-bandern\",\"url\":\"https:\/\/www.nominette.de\/blog\/party\/hochzeitsfestival-mit-eigenen-bandern\",\"name\":\"Hochzeitsfestival mit eigenen B\u00e4ndern - Nominette\",\"isPartOf\":{\"@id\":\"https:\/\/www.nominette.de\/blog#website\"},\"primaryImageOfPage\":{\"@id\":\"https:\/\/www.nominette.de\/blog\/party\/hochzeitsfestival-mit-eigenen-bandern#primaryimage\"},\"image\":{\"@id\":\"https:\/\/www.nominette.de\/blog\/party\/hochzeitsfestival-mit-eigenen-bandern#primaryimage\"},\"thumbnailUrl\":\"https:\/\/www.nominette.de\/blog\/wp-content\/uploads\/2020\/10\/Festivalwedding-polsbandjes-2-10.jpg\",\"datePublished\":\"2020-10-21T13:00:00+00:00\",\"dateModified\":\"2021-06-29T13:38:28+00:00\",\"author\":{\"@id\":\"https:\/\/www.nominette.de\/blog#\/schema\/person\/365e9a7b5a80cfd63ce70841993dafc6\"},\"description\":\"Bei einer Festivalhochzeit sollten nat\u00fcrlich eigenen Armb\u00e4nder nicht fehlen. Enya und Joeri teilen die Fotos ihrer Hochzeitsfestival mit eigenen B\u00e4ndern!\",\"breadcrumb\":{\"@id\":\"https:\/\/www.nominette.de\/blog\/party\/hochzeitsfestival-mit-eigenen-bandern#breadcrumb\"},\"inLanguage\":\"de\",\"potentialAction\":[{\"@type\":\"ReadAction\",\"target\":[\"https:\/\/www.nominette.de\/blog\/party\/hochzeitsfestival-mit-eigenen-bandern\"]}]},{\"@type\":\"ImageObject\",\"inLanguage\":\"de\",\"@id\":\"https:\/\/www.nominette.de\/blog\/party\/hochzeitsfestival-mit-eigenen-bandern#primaryimage\",\"url\":\"https:\/\/www.nominette.de\/blog\/wp-content\/uploads\/2020\/10\/Festivalwedding-polsbandjes-2-10.jpg\",\"contentUrl\":\"https:\/\/www.nominette.de\/blog\/wp-content\/uploads\/2020\/10\/Festivalwedding-polsbandjes-2-10.jpg\",\"width\":828,\"height\":552,\"caption\":\"Hochzeitsfestival mit eigenen B\u00e4ndern\"},{\"@type\":\"BreadcrumbList\",\"@id\":\"https:\/\/www.nominette.de\/blog\/party\/hochzeitsfestival-mit-eigenen-bandern#breadcrumb\",\"itemListElement\":[{\"@type\":\"ListItem\",\"position\":1,\"name\":\"Home\",\"item\":\"https:\/\/www.nominette.de\/blog\"},{\"@type\":\"ListItem\",\"position\":2,\"name\":\"Hochzeitsfestival mit eigenen B\u00e4ndern\"}]},{\"@type\":\"WebSite\",\"@id\":\"https:\/\/www.nominette.de\/blog#website\",\"url\":\"https:\/\/www.nominette.de\/blog\",\"name\":\"Nominette\",\"description\":\"gepersonaliseerde labels voor handgemaakte spulletjes\",\"potentialAction\":[{\"@type\":\"SearchAction\",\"target\":{\"@type\":\"EntryPoint\",\"urlTemplate\":\"https:\/\/www.nominette.de\/blog?s={search_term_string}\"},\"query-input\":{\"@type\":\"PropertyValueSpecification\",\"valueRequired\":true,\"valueName\":\"search_term_string\"}}],\"inLanguage\":\"de\"},{\"@type\":\"Person\",\"@id\":\"https:\/\/www.nominette.de\/blog#\/schema\/person\/365e9a7b5a80cfd63ce70841993dafc6\",\"name\":\"Nominette\",\"image\":{\"@type\":\"ImageObject\",\"inLanguage\":\"de\",\"@id\":\"https:\/\/www.nominette.de\/blog#\/schema\/person\/image\/\",\"url\":\"https:\/\/secure.gravatar.com\/avatar\/6ab92dc068d690f939e3a4dc1373a3030899b42a58fd9e031f614af68b9db652?s=96&d=mm&r=g\",\"contentUrl\":\"https:\/\/secure.gravatar.com\/avatar\/6ab92dc068d690f939e3a4dc1373a3030899b42a58fd9e031f614af68b9db652?s=96&d=mm&r=g\",\"caption\":\"Nominette\"},\"url\":\"https:\/\/www.nominette.de\/blog\/author\/nominette\"}]}<\/script>\n<!-- \/ Yoast SEO plugin. -->","yoast_head_json":{"title":"Hochzeitsfestival mit eigenen B\u00e4ndern - Nominette","description":"Bei einer Festivalhochzeit sollten nat\u00fcrlich eigenen Armb\u00e4nder nicht fehlen. Enya und Joeri teilen die Fotos ihrer Hochzeitsfestival mit eigenen B\u00e4ndern!","robots":{"index":"index","follow":"follow","max-snippet":"max-snippet:-1","max-image-preview":"max-image-preview:large","max-video-preview":"max-video-preview:-1"},"canonical":"https:\/\/www.nominette.de\/blog\/party\/hochzeitsfestival-mit-eigenen-bandern","og_locale":"de_DE","og_type":"article","og_title":"Hochzeitsfestival mit eigenen B\u00e4ndern - Nominette","og_description":"Bei einer Festivalhochzeit sollten nat\u00fcrlich eigenen Armb\u00e4nder nicht fehlen. Enya und Joeri teilen die Fotos ihrer Hochzeitsfestival mit eigenen B\u00e4ndern!","og_url":"https:\/\/www.nominette.de\/blog\/party\/hochzeitsfestival-mit-eigenen-bandern","og_site_name":"Nominette","article_publisher":"https:\/\/www.facebook.com\/Nominette","article_published_time":"2020-10-21T13:00:00+00:00","article_modified_time":"2021-06-29T13:38:28+00:00","og_image":[{"width":828,"height":552,"url":"https:\/\/www.nominette.de\/blog\/wp-content\/uploads\/2020\/10\/Festivalwedding-polsbandjes-2-10.jpg","type":"image\/jpeg"}],"author":"Nominette","twitter_card":"summary_large_image","twitter_creator":"@nominette","twitter_site":"@nominette","twitter_misc":{"Verfasst von":"Nominette","Gesch\u00e4tzte Lesezeit":"1\u00a0Minute"},"schema":{"@context":"https:\/\/schema.org","@graph":[{"@type":"WebPage","@id":"https:\/\/www.nominette.de\/blog\/party\/hochzeitsfestival-mit-eigenen-bandern","url":"https:\/\/www.nominette.de\/blog\/party\/hochzeitsfestival-mit-eigenen-bandern","name":"Hochzeitsfestival mit eigenen B\u00e4ndern - Nominette","isPartOf":{"@id":"https:\/\/www.nominette.de\/blog#website"},"primaryImageOfPage":{"@id":"https:\/\/www.nominette.de\/blog\/party\/hochzeitsfestival-mit-eigenen-bandern#primaryimage"},"image":{"@id":"https:\/\/www.nominette.de\/blog\/party\/hochzeitsfestival-mit-eigenen-bandern#primaryimage"},"thumbnailUrl":"https:\/\/www.nominette.de\/blog\/wp-content\/uploads\/2020\/10\/Festivalwedding-polsbandjes-2-10.jpg","datePublished":"2020-10-21T13:00:00+00:00","dateModified":"2021-06-29T13:38:28+00:00","author":{"@id":"https:\/\/www.nominette.de\/blog#\/schema\/person\/365e9a7b5a80cfd63ce70841993dafc6"},"description":"Bei einer Festivalhochzeit sollten nat\u00fcrlich eigenen Armb\u00e4nder nicht fehlen. Enya und Joeri teilen die Fotos ihrer Hochzeitsfestival mit eigenen B\u00e4ndern!","breadcrumb":{"@id":"https:\/\/www.nominette.de\/blog\/party\/hochzeitsfestival-mit-eigenen-bandern#breadcrumb"},"inLanguage":"de","potentialAction":[{"@type":"ReadAction","target":["https:\/\/www.nominette.de\/blog\/party\/hochzeitsfestival-mit-eigenen-bandern"]}]},{"@type":"ImageObject","inLanguage":"de","@id":"https:\/\/www.nominette.de\/blog\/party\/hochzeitsfestival-mit-eigenen-bandern#primaryimage","url":"https:\/\/www.nominette.de\/blog\/wp-content\/uploads\/2020\/10\/Festivalwedding-polsbandjes-2-10.jpg","contentUrl":"https:\/\/www.nominette.de\/blog\/wp-content\/uploads\/2020\/10\/Festivalwedding-polsbandjes-2-10.jpg","width":828,"height":552,"caption":"Hochzeitsfestival mit eigenen B\u00e4ndern"},{"@type":"BreadcrumbList","@id":"https:\/\/www.nominette.de\/blog\/party\/hochzeitsfestival-mit-eigenen-bandern#breadcrumb","itemListElement":[{"@type":"ListItem","position":1,"name":"Home","item":"https:\/\/www.nominette.de\/blog"},{"@type":"ListItem","position":2,"name":"Hochzeitsfestival mit eigenen B\u00e4ndern"}]},{"@type":"WebSite","@id":"https:\/\/www.nominette.de\/blog#website","url":"https:\/\/www.nominette.de\/blog","name":"Nominette","description":"gepersonaliseerde labels voor handgemaakte spulletjes","potentialAction":[{"@type":"SearchAction","target":{"@type":"EntryPoint","urlTemplate":"https:\/\/www.nominette.de\/blog?s={search_term_string}"},"query-input":{"@type":"PropertyValueSpecification","valueRequired":true,"valueName":"search_term_string"}}],"inLanguage":"de"},{"@type":"Person","@id":"https:\/\/www.nominette.de\/blog#\/schema\/person\/365e9a7b5a80cfd63ce70841993dafc6","name":"Nominette","image":{"@type":"ImageObject","inLanguage":"de","@id":"https:\/\/www.nominette.de\/blog#\/schema\/person\/image\/","url":"https:\/\/secure.gravatar.com\/avatar\/6ab92dc068d690f939e3a4dc1373a3030899b42a58fd9e031f614af68b9db652?s=96&d=mm&r=g","contentUrl":"https:\/\/secure.gravatar.com\/avatar\/6ab92dc068d690f939e3a4dc1373a3030899b42a58fd9e031f614af68b9db652?s=96&d=mm&r=g","caption":"Nominette"},"url":"https:\/\/www.nominette.de\/blog\/author\/nominette"}]}},"_links":{"self":[{"href":"https:\/\/www.nominette.de\/blog\/wp-json\/wp\/v2\/posts\/9060","targetHints":{"allow":["GET"]}}],"collection":[{"href":"https:\/\/www.nominette.de\/blog\/wp-json\/wp\/v2\/posts"}],"about":[{"href":"https:\/\/www.nominette.de\/blog\/wp-json\/wp\/v2\/types\/post"}],"author":[{"embeddable":true,"href":"https:\/\/www.nominette.de\/blog\/wp-json\/wp\/v2\/users\/1"}],"replies":[{"embeddable":true,"href":"https:\/\/www.nominette.de\/blog\/wp-json\/wp\/v2\/comments?post=9060"}],"version-history":[{"count":4,"href":"https:\/\/www.nominette.de\/blog\/wp-json\/wp\/v2\/posts\/9060\/revisions"}],"predecessor-version":[{"id":9850,"href":"https:\/\/www.nominette.de\/blog\/wp-json\/wp\/v2\/posts\/9060\/revisions\/9850"}],"wp:featuredmedia":[{"embeddable":true,"href":"https:\/\/www.nominette.de\/blog\/wp-json\/wp\/v2\/media\/9145"}],"wp:attachment":[{"href":"https:\/\/www.nominette.de\/blog\/wp-json\/wp\/v2\/media?parent=9060"}],"wp:term":[{"taxonomy":"category","embeddable":true,"href":"https:\/\/www.nominette.de\/blog\/wp-json\/wp\/v2\/categories?post=9060"},{"taxonomy":"post_tag","embeddable":true,"href":"https:\/\/www.nominette.de\/blog\/wp-json\/wp\/v2\/tags?post=9060"}],"curies":[{"name":"wp","href":"https:\/\/api.w.org\/{rel}","templated":true}]}}