{"id":8333,"date":"2020-05-12T19:30:00","date_gmt":"2020-05-12T18:30:00","guid":{"rendered":"https:\/\/www.nominette.com\/blog?p=8333"},"modified":"2020-05-11T13:33:37","modified_gmt":"2020-05-11T12:33:37","slug":"deine-naehecke-ist-aufgeraeumt-und-organisiert","status":"publish","type":"post","link":"https:\/\/www.nominette.de\/blog\/mode-de\/couture\/deine-naehecke-ist-aufgeraeumt-und-organisiert","title":{"rendered":"Deine N\u00e4hecke ist aufger\u00e4umt und organisiert"},"content":{"rendered":"\n<p>Hast Du Zeit \u00fcbrig oder einfach nur lust auf etwas ganz Neues? Wenn Du deine N\u00e4hecke neu gestaltest, erh\u00e4ltst Du einen enormen Schub, um wieder hinter Deine N\u00e4hmaschine zu gelangen. Und das alles zu Hause!<\/p>\n\n\n\n<figure class=\"wp-block-image size-wcstandard\"><img loading=\"lazy\" decoding=\"async\" width=\"550\" height=\"367\" src=\"https:\/\/www.nominette.com\/blog\/wp-content\/uploads\/2020\/05\/Organiseren-eigen-naaihoekje-DIY-naaien-lintjes-en-labels21-laag-550x367.jpg\" alt=\"Nahecke organisiert\" class=\"wp-image-8311\" srcset=\"https:\/\/www.nominette.de\/blog\/wp-content\/uploads\/2020\/05\/Organiseren-eigen-naaihoekje-DIY-naaien-lintjes-en-labels21-laag-550x367.jpg 550w, https:\/\/www.nominette.de\/blog\/wp-content\/uploads\/2020\/05\/Organiseren-eigen-naaihoekje-DIY-naaien-lintjes-en-labels21-laag-300x200.jpg 300w, https:\/\/www.nominette.de\/blog\/wp-content\/uploads\/2020\/05\/Organiseren-eigen-naaihoekje-DIY-naaien-lintjes-en-labels21-laag-1024x683.jpg 1024w, https:\/\/www.nominette.de\/blog\/wp-content\/uploads\/2020\/05\/Organiseren-eigen-naaihoekje-DIY-naaien-lintjes-en-labels21-laag-768x512.jpg 768w, https:\/\/www.nominette.de\/blog\/wp-content\/uploads\/2020\/05\/Organiseren-eigen-naaihoekje-DIY-naaien-lintjes-en-labels21-laag-1536x1024.jpg 1536w, https:\/\/www.nominette.de\/blog\/wp-content\/uploads\/2020\/05\/Organiseren-eigen-naaihoekje-DIY-naaien-lintjes-en-labels21-laag-2048x1365.jpg 2048w, https:\/\/www.nominette.de\/blog\/wp-content\/uploads\/2020\/05\/Organiseren-eigen-naaihoekje-DIY-naaien-lintjes-en-labels21-laag-250x167.jpg 250w, https:\/\/www.nominette.de\/blog\/wp-content\/uploads\/2020\/05\/Organiseren-eigen-naaihoekje-DIY-naaien-lintjes-en-labels21-laag-800x533.jpg 800w, https:\/\/www.nominette.de\/blog\/wp-content\/uploads\/2020\/05\/Organiseren-eigen-naaihoekje-DIY-naaien-lintjes-en-labels21-laag-270x180.jpg 270w, https:\/\/www.nominette.de\/blog\/wp-content\/uploads\/2020\/05\/Organiseren-eigen-naaihoekje-DIY-naaien-lintjes-en-labels21-laag-450x300.jpg 450w, https:\/\/www.nominette.de\/blog\/wp-content\/uploads\/2020\/05\/Organiseren-eigen-naaihoekje-DIY-naaien-lintjes-en-labels21-laag-750x500.jpg 750w\" sizes=\"auto, (max-width: 550px) 100vw, 550px\" \/><\/figure>\n\n\n\n<h3 class=\"wp-block-heading\">Sauber und ordentlich<\/h3>\n\n\n\n<p>W\u00e4hrend Du die N\u00e4hecke aufr\u00e4umst, wirst Du auf jeden Fall auf sch\u00f6ne Stoffreste, B\u00e4nder oder Kn\u00f6pfe sto\u00dfen. Das ist einfach perfekt, denn Deine N\u00e4hwerkzeuge verdienen einen tollen Aufbewahrungsort. Mache atemberaubende Bez\u00fcge und Tabletts aus \u00fcbrig gebliebenen Stoffen. Auf diese Weise kann alles aufger\u00e4umt bleiben und wei\u00dft Du vor allem wo Du die Sachen zuletzt hingetan hast.<\/p>\n\n\n\n<figure class=\"wp-block-image size-wcstandard\"><img loading=\"lazy\" decoding=\"async\" width=\"550\" height=\"367\" src=\"https:\/\/www.nominette.de\/blog\/wp-content\/uploads\/2020\/05\/Organiseren-eigen-naaihoekje-DIY-naaien-lintjes-en-labels9-laag-1-550x367.jpg\" alt=\"Nahzeug aufbewaren\" class=\"wp-image-8243\" srcset=\"https:\/\/www.nominette.de\/blog\/wp-content\/uploads\/2020\/05\/Organiseren-eigen-naaihoekje-DIY-naaien-lintjes-en-labels9-laag-1-550x367.jpg 550w, https:\/\/www.nominette.de\/blog\/wp-content\/uploads\/2020\/05\/Organiseren-eigen-naaihoekje-DIY-naaien-lintjes-en-labels9-laag-1-300x200.jpg 300w, https:\/\/www.nominette.de\/blog\/wp-content\/uploads\/2020\/05\/Organiseren-eigen-naaihoekje-DIY-naaien-lintjes-en-labels9-laag-1-1024x683.jpg 1024w, https:\/\/www.nominette.de\/blog\/wp-content\/uploads\/2020\/05\/Organiseren-eigen-naaihoekje-DIY-naaien-lintjes-en-labels9-laag-1-768x512.jpg 768w, https:\/\/www.nominette.de\/blog\/wp-content\/uploads\/2020\/05\/Organiseren-eigen-naaihoekje-DIY-naaien-lintjes-en-labels9-laag-1-1536x1024.jpg 1536w, https:\/\/www.nominette.de\/blog\/wp-content\/uploads\/2020\/05\/Organiseren-eigen-naaihoekje-DIY-naaien-lintjes-en-labels9-laag-1-2048x1365.jpg 2048w, https:\/\/www.nominette.de\/blog\/wp-content\/uploads\/2020\/05\/Organiseren-eigen-naaihoekje-DIY-naaien-lintjes-en-labels9-laag-1-250x167.jpg 250w, https:\/\/www.nominette.de\/blog\/wp-content\/uploads\/2020\/05\/Organiseren-eigen-naaihoekje-DIY-naaien-lintjes-en-labels9-laag-1-800x533.jpg 800w, https:\/\/www.nominette.de\/blog\/wp-content\/uploads\/2020\/05\/Organiseren-eigen-naaihoekje-DIY-naaien-lintjes-en-labels9-laag-1-270x180.jpg 270w, https:\/\/www.nominette.de\/blog\/wp-content\/uploads\/2020\/05\/Organiseren-eigen-naaihoekje-DIY-naaien-lintjes-en-labels9-laag-1-450x300.jpg 450w, https:\/\/www.nominette.de\/blog\/wp-content\/uploads\/2020\/05\/Organiseren-eigen-naaihoekje-DIY-naaien-lintjes-en-labels9-laag-1-750x500.jpg 750w\" sizes=\"auto, (max-width: 550px) 100vw, 550px\" \/><\/figure>\n\n\n\n<h3 class=\"wp-block-heading\">V\u00f6llig umwerfend<\/h3>\n\n\n\n<p>Mache Deine N\u00e4hecke zu etwas ganz besonderes, indem Du deine Lieblingsdrucke und Stofffarben \u00fcberall reflektierst. Dar\u00fcber hinaus sieht es auch sehr organisiert aus, da dieselbe Farbe und denselben Stil zur\u00fcckkommt.<\/p>\n\n\n\n<figure class=\"wp-block-image size-wcstandard\"><img loading=\"lazy\" decoding=\"async\" width=\"550\" height=\"825\" src=\"https:\/\/www.nominette.de\/blog\/wp-content\/uploads\/2020\/05\/Organiseren-eigen-naaihoekje-DIY-naaien-lintjes-en-labels19-laag-550x825.jpg\" alt=\"Nahecke organisieren\" class=\"wp-image-8303\" srcset=\"https:\/\/www.nominette.de\/blog\/wp-content\/uploads\/2020\/05\/Organiseren-eigen-naaihoekje-DIY-naaien-lintjes-en-labels19-laag-550x825.jpg 550w, https:\/\/www.nominette.de\/blog\/wp-content\/uploads\/2020\/05\/Organiseren-eigen-naaihoekje-DIY-naaien-lintjes-en-labels19-laag-200x300.jpg 200w, https:\/\/www.nominette.de\/blog\/wp-content\/uploads\/2020\/05\/Organiseren-eigen-naaihoekje-DIY-naaien-lintjes-en-labels19-laag-683x1024.jpg 683w, https:\/\/www.nominette.de\/blog\/wp-content\/uploads\/2020\/05\/Organiseren-eigen-naaihoekje-DIY-naaien-lintjes-en-labels19-laag-768x1152.jpg 768w, https:\/\/www.nominette.de\/blog\/wp-content\/uploads\/2020\/05\/Organiseren-eigen-naaihoekje-DIY-naaien-lintjes-en-labels19-laag-1024x1536.jpg 1024w, https:\/\/www.nominette.de\/blog\/wp-content\/uploads\/2020\/05\/Organiseren-eigen-naaihoekje-DIY-naaien-lintjes-en-labels19-laag-1365x2048.jpg 1365w, https:\/\/www.nominette.de\/blog\/wp-content\/uploads\/2020\/05\/Organiseren-eigen-naaihoekje-DIY-naaien-lintjes-en-labels19-laag-250x375.jpg 250w, https:\/\/www.nominette.de\/blog\/wp-content\/uploads\/2020\/05\/Organiseren-eigen-naaihoekje-DIY-naaien-lintjes-en-labels19-laag-800x1200.jpg 800w, https:\/\/www.nominette.de\/blog\/wp-content\/uploads\/2020\/05\/Organiseren-eigen-naaihoekje-DIY-naaien-lintjes-en-labels19-laag-120x180.jpg 120w, https:\/\/www.nominette.de\/blog\/wp-content\/uploads\/2020\/05\/Organiseren-eigen-naaihoekje-DIY-naaien-lintjes-en-labels19-laag-333x500.jpg 333w, https:\/\/www.nominette.de\/blog\/wp-content\/uploads\/2020\/05\/Organiseren-eigen-naaihoekje-DIY-naaien-lintjes-en-labels19-laag-scaled.jpg 1707w\" sizes=\"auto, (max-width: 550px) 100vw, 550px\" \/><figcaption><a href=\"https:\/\/www.nominette.de\/kleideretikett-25mm\">https:\/\/www.nominette.de\/kleideretikett-25mm<\/a><\/figcaption><\/figure>\n\n\n\n<h3 class=\"wp-block-heading\">Finishing Touch<\/h3>\n\n\n\n<p>Und vergesse nicht, ein cooles Etikett zu n\u00e4hen! Nominette bietet gen\u00fcgend M\u00f6glichkeiten, um deine hausgemachten Kreationen mit einem gewebten Etikett zu personalisieren. Auf diese Weise kannst Du personalisierte Farbkombinationen, verschiedene Schriftarten und sogar die M\u00f6glichkeit w\u00e4hlen, ein eigenes Logo zu weben. Bist Du auch eine fanatische N\u00e4herin oder Friseurin, dann hoffen wir, dass dies Dich in Stimmung bringst. Viel Spa\u00df!<\/p>\n\n\n\n<figure class=\"wp-block-image size-wcstandard\"><img loading=\"lazy\" decoding=\"async\" width=\"550\" height=\"367\" src=\"https:\/\/www.nominette.de\/blog\/wp-content\/uploads\/2020\/05\/Organiseren-eigen-naaihoekje-DIY-naaien-lintjes-en-labels5-laag-1-550x367.jpg\" alt=\"Personalisieren Kreationen\" class=\"wp-image-8271\" srcset=\"https:\/\/www.nominette.de\/blog\/wp-content\/uploads\/2020\/05\/Organiseren-eigen-naaihoekje-DIY-naaien-lintjes-en-labels5-laag-1-550x367.jpg 550w, https:\/\/www.nominette.de\/blog\/wp-content\/uploads\/2020\/05\/Organiseren-eigen-naaihoekje-DIY-naaien-lintjes-en-labels5-laag-1-300x200.jpg 300w, https:\/\/www.nominette.de\/blog\/wp-content\/uploads\/2020\/05\/Organiseren-eigen-naaihoekje-DIY-naaien-lintjes-en-labels5-laag-1-1024x683.jpg 1024w, https:\/\/www.nominette.de\/blog\/wp-content\/uploads\/2020\/05\/Organiseren-eigen-naaihoekje-DIY-naaien-lintjes-en-labels5-laag-1-768x512.jpg 768w, https:\/\/www.nominette.de\/blog\/wp-content\/uploads\/2020\/05\/Organiseren-eigen-naaihoekje-DIY-naaien-lintjes-en-labels5-laag-1-1536x1024.jpg 1536w, https:\/\/www.nominette.de\/blog\/wp-content\/uploads\/2020\/05\/Organiseren-eigen-naaihoekje-DIY-naaien-lintjes-en-labels5-laag-1-2048x1365.jpg 2048w, https:\/\/www.nominette.de\/blog\/wp-content\/uploads\/2020\/05\/Organiseren-eigen-naaihoekje-DIY-naaien-lintjes-en-labels5-laag-1-250x167.jpg 250w, https:\/\/www.nominette.de\/blog\/wp-content\/uploads\/2020\/05\/Organiseren-eigen-naaihoekje-DIY-naaien-lintjes-en-labels5-laag-1-800x533.jpg 800w, https:\/\/www.nominette.de\/blog\/wp-content\/uploads\/2020\/05\/Organiseren-eigen-naaihoekje-DIY-naaien-lintjes-en-labels5-laag-1-270x180.jpg 270w, https:\/\/www.nominette.de\/blog\/wp-content\/uploads\/2020\/05\/Organiseren-eigen-naaihoekje-DIY-naaien-lintjes-en-labels5-laag-1-450x300.jpg 450w, https:\/\/www.nominette.de\/blog\/wp-content\/uploads\/2020\/05\/Organiseren-eigen-naaihoekje-DIY-naaien-lintjes-en-labels5-laag-1-750x500.jpg 750w\" sizes=\"auto, (max-width: 550px) 100vw, 550px\" \/><\/figure>\n\n\n\n<p>Vielen Dank Annelies fur deine Kreativit\u00e4t!<\/p>\n","protected":false},"excerpt":{"rendered":"<p>Hast Du Zeit \u00fcbrig oder einfach nur lust auf etwas ganz Neues? Wenn Du deine N\u00e4hecke neu gestaltest, erh\u00e4ltst Du einen enormen Schub, um wieder hinter Deine N\u00e4hmaschine zu gelangen. Und das alles zu Hause! Sauber und ordentlich W\u00e4hrend Du die N\u00e4hecke aufr\u00e4umst, wirst Du auf jeden Fall auf sch\u00f6ne Stoffreste, B\u00e4nder oder Kn\u00f6pfe sto\u00dfen.&hellip;<\/p>\n","protected":false},"author":1,"featured_media":8335,"comment_status":"open","ping_status":"open","sticky":false,"template":"","format":"standard","meta":{"footnotes":""},"categories":[388,390],"tags":[],"class_list":["post-8333","post","type-post","status-publish","format-standard","has-post-thumbnail","hentry","category-couture","category-selbmach-mode"],"yoast_head":"<!-- This site is optimized with the Yoast SEO plugin v24.7 - https:\/\/yoast.com\/wordpress\/plugins\/seo\/ -->\n<title>Deine N\u00e4hecke ist aufger\u00e4umt und organisiert - Nominette<\/title>\n<meta name=\"description\" content=\"Wenn Du deine N\u00e4hecke neu gestaltest, erh\u00e4ltst Du einen enormen Schub, um wieder hinter Deine N\u00e4hmaschine zu gelangen. Und das alles zu Hause!\" \/>\n<meta name=\"robots\" content=\"index, follow, max-snippet:-1, max-image-preview:large, max-video-preview:-1\" \/>\n<link rel=\"canonical\" href=\"https:\/\/www.nominette.de\/blog\/mode-de\/couture\/deine-naehecke-ist-aufgeraeumt-und-organisiert\" \/>\n<meta property=\"og:locale\" content=\"de_DE\" \/>\n<meta property=\"og:type\" content=\"article\" \/>\n<meta property=\"og:title\" content=\"Deine N\u00e4hecke ist aufger\u00e4umt und organisiert - Nominette\" \/>\n<meta property=\"og:description\" content=\"Wenn Du deine N\u00e4hecke neu gestaltest, erh\u00e4ltst Du einen enormen Schub, um wieder hinter Deine N\u00e4hmaschine zu gelangen. Und das alles zu Hause!\" \/>\n<meta property=\"og:url\" content=\"https:\/\/www.nominette.de\/blog\/mode-de\/couture\/deine-naehecke-ist-aufgeraeumt-und-organisiert\" \/>\n<meta property=\"og:site_name\" content=\"Nominette\" \/>\n<meta property=\"article:publisher\" content=\"https:\/\/www.facebook.com\/Nominette\" \/>\n<meta property=\"article:published_time\" content=\"2020-05-12T18:30:00+00:00\" \/>\n<meta property=\"og:image\" content=\"https:\/\/www.nominette.de\/blog\/wp-content\/uploads\/2020\/05\/Organiseren-eigen-naaihoekje-DIY-naaien-lintjes-en-labels20-laag-2-scaled.jpg\" \/>\n\t<meta property=\"og:image:width\" content=\"2560\" \/>\n\t<meta property=\"og:image:height\" content=\"1707\" \/>\n\t<meta property=\"og:image:type\" content=\"image\/jpeg\" \/>\n<meta name=\"author\" content=\"Nominette\" \/>\n<meta name=\"twitter:card\" content=\"summary_large_image\" \/>\n<meta name=\"twitter:creator\" content=\"@nominette\" \/>\n<meta name=\"twitter:site\" content=\"@nominette\" \/>\n<meta name=\"twitter:label1\" content=\"Verfasst von\" \/>\n\t<meta name=\"twitter:data1\" content=\"Nominette\" \/>\n\t<meta name=\"twitter:label2\" content=\"Gesch\u00e4tzte Lesezeit\" \/>\n\t<meta name=\"twitter:data2\" content=\"1\u00a0Minute\" \/>\n<script type=\"application\/ld+json\" class=\"yoast-schema-graph\">{\"@context\":\"https:\/\/schema.org\",\"@graph\":[{\"@type\":\"WebPage\",\"@id\":\"https:\/\/www.nominette.de\/blog\/mode-de\/couture\/deine-naehecke-ist-aufgeraeumt-und-organisiert\",\"url\":\"https:\/\/www.nominette.de\/blog\/mode-de\/couture\/deine-naehecke-ist-aufgeraeumt-und-organisiert\",\"name\":\"Deine N\u00e4hecke ist aufger\u00e4umt und organisiert - Nominette\",\"isPartOf\":{\"@id\":\"https:\/\/www.nominette.de\/blog#website\"},\"primaryImageOfPage\":{\"@id\":\"https:\/\/www.nominette.de\/blog\/mode-de\/couture\/deine-naehecke-ist-aufgeraeumt-und-organisiert#primaryimage\"},\"image\":{\"@id\":\"https:\/\/www.nominette.de\/blog\/mode-de\/couture\/deine-naehecke-ist-aufgeraeumt-und-organisiert#primaryimage\"},\"thumbnailUrl\":\"https:\/\/www.nominette.de\/blog\/wp-content\/uploads\/2020\/05\/Organiseren-eigen-naaihoekje-DIY-naaien-lintjes-en-labels20-laag-2-scaled.jpg\",\"datePublished\":\"2020-05-12T18:30:00+00:00\",\"author\":{\"@id\":\"https:\/\/www.nominette.de\/blog#\/schema\/person\/365e9a7b5a80cfd63ce70841993dafc6\"},\"description\":\"Wenn Du deine N\u00e4hecke neu gestaltest, erh\u00e4ltst Du einen enormen Schub, um wieder hinter Deine N\u00e4hmaschine zu gelangen. Und das alles zu Hause!\",\"breadcrumb\":{\"@id\":\"https:\/\/www.nominette.de\/blog\/mode-de\/couture\/deine-naehecke-ist-aufgeraeumt-und-organisiert#breadcrumb\"},\"inLanguage\":\"de\",\"potentialAction\":[{\"@type\":\"ReadAction\",\"target\":[\"https:\/\/www.nominette.de\/blog\/mode-de\/couture\/deine-naehecke-ist-aufgeraeumt-und-organisiert\"]}]},{\"@type\":\"ImageObject\",\"inLanguage\":\"de\",\"@id\":\"https:\/\/www.nominette.de\/blog\/mode-de\/couture\/deine-naehecke-ist-aufgeraeumt-und-organisiert#primaryimage\",\"url\":\"https:\/\/www.nominette.de\/blog\/wp-content\/uploads\/2020\/05\/Organiseren-eigen-naaihoekje-DIY-naaien-lintjes-en-labels20-laag-2-scaled.jpg\",\"contentUrl\":\"https:\/\/www.nominette.de\/blog\/wp-content\/uploads\/2020\/05\/Organiseren-eigen-naaihoekje-DIY-naaien-lintjes-en-labels20-laag-2-scaled.jpg\",\"width\":2560,\"height\":1707,\"caption\":\"N\u00e4hzeug aufr\u00e4umen\"},{\"@type\":\"BreadcrumbList\",\"@id\":\"https:\/\/www.nominette.de\/blog\/mode-de\/couture\/deine-naehecke-ist-aufgeraeumt-und-organisiert#breadcrumb\",\"itemListElement\":[{\"@type\":\"ListItem\",\"position\":1,\"name\":\"Home\",\"item\":\"https:\/\/www.nominette.de\/blog\"},{\"@type\":\"ListItem\",\"position\":2,\"name\":\"Deine N\u00e4hecke ist aufger\u00e4umt und organisiert\"}]},{\"@type\":\"WebSite\",\"@id\":\"https:\/\/www.nominette.de\/blog#website\",\"url\":\"https:\/\/www.nominette.de\/blog\",\"name\":\"Nominette\",\"description\":\"gepersonaliseerde labels voor handgemaakte spulletjes\",\"potentialAction\":[{\"@type\":\"SearchAction\",\"target\":{\"@type\":\"EntryPoint\",\"urlTemplate\":\"https:\/\/www.nominette.de\/blog?s={search_term_string}\"},\"query-input\":{\"@type\":\"PropertyValueSpecification\",\"valueRequired\":true,\"valueName\":\"search_term_string\"}}],\"inLanguage\":\"de\"},{\"@type\":\"Person\",\"@id\":\"https:\/\/www.nominette.de\/blog#\/schema\/person\/365e9a7b5a80cfd63ce70841993dafc6\",\"name\":\"Nominette\",\"image\":{\"@type\":\"ImageObject\",\"inLanguage\":\"de\",\"@id\":\"https:\/\/www.nominette.de\/blog#\/schema\/person\/image\/\",\"url\":\"https:\/\/secure.gravatar.com\/avatar\/6ab92dc068d690f939e3a4dc1373a3030899b42a58fd9e031f614af68b9db652?s=96&d=mm&r=g\",\"contentUrl\":\"https:\/\/secure.gravatar.com\/avatar\/6ab92dc068d690f939e3a4dc1373a3030899b42a58fd9e031f614af68b9db652?s=96&d=mm&r=g\",\"caption\":\"Nominette\"},\"url\":\"https:\/\/www.nominette.de\/blog\/author\/nominette\"}]}<\/script>\n<!-- \/ Yoast SEO plugin. -->","yoast_head_json":{"title":"Deine N\u00e4hecke ist aufger\u00e4umt und organisiert - Nominette","description":"Wenn Du deine N\u00e4hecke neu gestaltest, erh\u00e4ltst Du einen enormen Schub, um wieder hinter Deine N\u00e4hmaschine zu gelangen. Und das alles zu Hause!","robots":{"index":"index","follow":"follow","max-snippet":"max-snippet:-1","max-image-preview":"max-image-preview:large","max-video-preview":"max-video-preview:-1"},"canonical":"https:\/\/www.nominette.de\/blog\/mode-de\/couture\/deine-naehecke-ist-aufgeraeumt-und-organisiert","og_locale":"de_DE","og_type":"article","og_title":"Deine N\u00e4hecke ist aufger\u00e4umt und organisiert - Nominette","og_description":"Wenn Du deine N\u00e4hecke neu gestaltest, erh\u00e4ltst Du einen enormen Schub, um wieder hinter Deine N\u00e4hmaschine zu gelangen. Und das alles zu Hause!","og_url":"https:\/\/www.nominette.de\/blog\/mode-de\/couture\/deine-naehecke-ist-aufgeraeumt-und-organisiert","og_site_name":"Nominette","article_publisher":"https:\/\/www.facebook.com\/Nominette","article_published_time":"2020-05-12T18:30:00+00:00","og_image":[{"width":2560,"height":1707,"url":"https:\/\/www.nominette.de\/blog\/wp-content\/uploads\/2020\/05\/Organiseren-eigen-naaihoekje-DIY-naaien-lintjes-en-labels20-laag-2-scaled.jpg","type":"image\/jpeg"}],"author":"Nominette","twitter_card":"summary_large_image","twitter_creator":"@nominette","twitter_site":"@nominette","twitter_misc":{"Verfasst von":"Nominette","Gesch\u00e4tzte Lesezeit":"1\u00a0Minute"},"schema":{"@context":"https:\/\/schema.org","@graph":[{"@type":"WebPage","@id":"https:\/\/www.nominette.de\/blog\/mode-de\/couture\/deine-naehecke-ist-aufgeraeumt-und-organisiert","url":"https:\/\/www.nominette.de\/blog\/mode-de\/couture\/deine-naehecke-ist-aufgeraeumt-und-organisiert","name":"Deine N\u00e4hecke ist aufger\u00e4umt und organisiert - Nominette","isPartOf":{"@id":"https:\/\/www.nominette.de\/blog#website"},"primaryImageOfPage":{"@id":"https:\/\/www.nominette.de\/blog\/mode-de\/couture\/deine-naehecke-ist-aufgeraeumt-und-organisiert#primaryimage"},"image":{"@id":"https:\/\/www.nominette.de\/blog\/mode-de\/couture\/deine-naehecke-ist-aufgeraeumt-und-organisiert#primaryimage"},"thumbnailUrl":"https:\/\/www.nominette.de\/blog\/wp-content\/uploads\/2020\/05\/Organiseren-eigen-naaihoekje-DIY-naaien-lintjes-en-labels20-laag-2-scaled.jpg","datePublished":"2020-05-12T18:30:00+00:00","author":{"@id":"https:\/\/www.nominette.de\/blog#\/schema\/person\/365e9a7b5a80cfd63ce70841993dafc6"},"description":"Wenn Du deine N\u00e4hecke neu gestaltest, erh\u00e4ltst Du einen enormen Schub, um wieder hinter Deine N\u00e4hmaschine zu gelangen. Und das alles zu Hause!","breadcrumb":{"@id":"https:\/\/www.nominette.de\/blog\/mode-de\/couture\/deine-naehecke-ist-aufgeraeumt-und-organisiert#breadcrumb"},"inLanguage":"de","potentialAction":[{"@type":"ReadAction","target":["https:\/\/www.nominette.de\/blog\/mode-de\/couture\/deine-naehecke-ist-aufgeraeumt-und-organisiert"]}]},{"@type":"ImageObject","inLanguage":"de","@id":"https:\/\/www.nominette.de\/blog\/mode-de\/couture\/deine-naehecke-ist-aufgeraeumt-und-organisiert#primaryimage","url":"https:\/\/www.nominette.de\/blog\/wp-content\/uploads\/2020\/05\/Organiseren-eigen-naaihoekje-DIY-naaien-lintjes-en-labels20-laag-2-scaled.jpg","contentUrl":"https:\/\/www.nominette.de\/blog\/wp-content\/uploads\/2020\/05\/Organiseren-eigen-naaihoekje-DIY-naaien-lintjes-en-labels20-laag-2-scaled.jpg","width":2560,"height":1707,"caption":"N\u00e4hzeug aufr\u00e4umen"},{"@type":"BreadcrumbList","@id":"https:\/\/www.nominette.de\/blog\/mode-de\/couture\/deine-naehecke-ist-aufgeraeumt-und-organisiert#breadcrumb","itemListElement":[{"@type":"ListItem","position":1,"name":"Home","item":"https:\/\/www.nominette.de\/blog"},{"@type":"ListItem","position":2,"name":"Deine N\u00e4hecke ist aufger\u00e4umt und organisiert"}]},{"@type":"WebSite","@id":"https:\/\/www.nominette.de\/blog#website","url":"https:\/\/www.nominette.de\/blog","name":"Nominette","description":"gepersonaliseerde labels voor handgemaakte spulletjes","potentialAction":[{"@type":"SearchAction","target":{"@type":"EntryPoint","urlTemplate":"https:\/\/www.nominette.de\/blog?s={search_term_string}"},"query-input":{"@type":"PropertyValueSpecification","valueRequired":true,"valueName":"search_term_string"}}],"inLanguage":"de"},{"@type":"Person","@id":"https:\/\/www.nominette.de\/blog#\/schema\/person\/365e9a7b5a80cfd63ce70841993dafc6","name":"Nominette","image":{"@type":"ImageObject","inLanguage":"de","@id":"https:\/\/www.nominette.de\/blog#\/schema\/person\/image\/","url":"https:\/\/secure.gravatar.com\/avatar\/6ab92dc068d690f939e3a4dc1373a3030899b42a58fd9e031f614af68b9db652?s=96&d=mm&r=g","contentUrl":"https:\/\/secure.gravatar.com\/avatar\/6ab92dc068d690f939e3a4dc1373a3030899b42a58fd9e031f614af68b9db652?s=96&d=mm&r=g","caption":"Nominette"},"url":"https:\/\/www.nominette.de\/blog\/author\/nominette"}]}},"_links":{"self":[{"href":"https:\/\/www.nominette.de\/blog\/wp-json\/wp\/v2\/posts\/8333","targetHints":{"allow":["GET"]}}],"collection":[{"href":"https:\/\/www.nominette.de\/blog\/wp-json\/wp\/v2\/posts"}],"about":[{"href":"https:\/\/www.nominette.de\/blog\/wp-json\/wp\/v2\/types\/post"}],"author":[{"embeddable":true,"href":"https:\/\/www.nominette.de\/blog\/wp-json\/wp\/v2\/users\/1"}],"replies":[{"embeddable":true,"href":"https:\/\/www.nominette.de\/blog\/wp-json\/wp\/v2\/comments?post=8333"}],"version-history":[{"count":1,"href":"https:\/\/www.nominette.de\/blog\/wp-json\/wp\/v2\/posts\/8333\/revisions"}],"predecessor-version":[{"id":8334,"href":"https:\/\/www.nominette.de\/blog\/wp-json\/wp\/v2\/posts\/8333\/revisions\/8334"}],"wp:featuredmedia":[{"embeddable":true,"href":"https:\/\/www.nominette.de\/blog\/wp-json\/wp\/v2\/media\/8335"}],"wp:attachment":[{"href":"https:\/\/www.nominette.de\/blog\/wp-json\/wp\/v2\/media?parent=8333"}],"wp:term":[{"taxonomy":"category","embeddable":true,"href":"https:\/\/www.nominette.de\/blog\/wp-json\/wp\/v2\/categories?post=8333"},{"taxonomy":"post_tag","embeddable":true,"href":"https:\/\/www.nominette.de\/blog\/wp-json\/wp\/v2\/tags?post=8333"}],"curies":[{"name":"wp","href":"https:\/\/api.w.org\/{rel}","templated":true}]}}