{"id":7796,"date":"2019-12-11T15:18:00","date_gmt":"2019-12-11T14:18:00","guid":{"rendered":"https:\/\/www.nominette.com\/blog?p=7796"},"modified":"2019-12-10T12:21:05","modified_gmt":"2019-12-10T11:21:05","slug":"weihnachten-ist-fast-da","status":"publish","type":"post","link":"https:\/\/www.nominette.de\/blog\/fest\/weihnachten\/weihnachten-ist-fast-da","title":{"rendered":"Weihnachten ist fast da!"},"content":{"rendered":"\n<p>Tja\u2026 die Tage werden k\u00e4lter und die Abende l\u00e4nger, aber denke daran, dass die Lichter des Weihnachtsbaums, der Duft des Kamins und deine Lieblingsmenschen dieses Weihnachtsfest zu einem besonderen Ereignis machen werden. Nur noch eine kurze Weile und es wird endlich wieder die \u201esch\u00f6nste Zeit des Jahres\u201c. Nat\u00fcrlich k\u00f6nnen wir nicht fr\u00fch genug damit beginnen, die Weihnachtsstimmung wieder aufleben zu lassen. Wir haben also bereits einige sch\u00f6ne Weihnachtsinspirationen f\u00fcr 2019 vorbereitet.<\/p>\n\n\n\n<h3 class=\"wp-block-heading\">Wer sitzt am Tisch?<\/h3>\n\n\n\n<p>Schon mit dem Weihnachtsessen besch\u00e4ftigt? Obwohl es manchmal Stress verursachen kann, ist es auch super lustig, dieses Jahr fr\u00fch anzufangen. Es gibt Dutzende wundervoller Weihnachtsrezepte und M\u00f6glichkeiten, deinen Tisch zu dekorieren. Und jetzt der goldene Tipp von uns. Und damit meinen wir es wirklich wortw\u00f6rtlich: GOLD !!! Abgesehen davon, dass die Farbe absolut scharf und trendy ist, ist dies in den Ferien eine atemberaubende Farbe. Sehr empfehlenswert. Decke den Tisch mit nat\u00fcrlichen Elementen ein, es wird frisch und originell aussehen. Mache einen sch\u00f6nen Spaziergang im Wald und du wirst mit allen Arten von sch\u00f6nen Dingen zur\u00fcckkommen. Vielleicht auch sch\u00f6n Gold zu spr\u00fchen? Mach es so verr\u00fcckt wie du willst. <\/p>\n\n\n\n<figure class=\"wp-block-image size-wcstandard\"><img loading=\"lazy\" decoding=\"async\" width=\"550\" height=\"825\" src=\"https:\/\/www.nominette.com\/blog\/wp-content\/uploads\/2019\/12\/Kerst_christmas_diner_tafel_dekken_gezellig_lint_label_laag-550x825.jpg\" alt=\"\" class=\"wp-image-7772\" srcset=\"https:\/\/www.nominette.de\/blog\/wp-content\/uploads\/2019\/12\/Kerst_christmas_diner_tafel_dekken_gezellig_lint_label_laag-550x825.jpg 550w, https:\/\/www.nominette.de\/blog\/wp-content\/uploads\/2019\/12\/Kerst_christmas_diner_tafel_dekken_gezellig_lint_label_laag-200x300.jpg 200w, https:\/\/www.nominette.de\/blog\/wp-content\/uploads\/2019\/12\/Kerst_christmas_diner_tafel_dekken_gezellig_lint_label_laag-683x1024.jpg 683w, https:\/\/www.nominette.de\/blog\/wp-content\/uploads\/2019\/12\/Kerst_christmas_diner_tafel_dekken_gezellig_lint_label_laag-768x1152.jpg 768w, https:\/\/www.nominette.de\/blog\/wp-content\/uploads\/2019\/12\/Kerst_christmas_diner_tafel_dekken_gezellig_lint_label_laag-1024x1536.jpg 1024w, https:\/\/www.nominette.de\/blog\/wp-content\/uploads\/2019\/12\/Kerst_christmas_diner_tafel_dekken_gezellig_lint_label_laag-1365x2048.jpg 1365w, https:\/\/www.nominette.de\/blog\/wp-content\/uploads\/2019\/12\/Kerst_christmas_diner_tafel_dekken_gezellig_lint_label_laag-250x375.jpg 250w, https:\/\/www.nominette.de\/blog\/wp-content\/uploads\/2019\/12\/Kerst_christmas_diner_tafel_dekken_gezellig_lint_label_laag-800x1200.jpg 800w, https:\/\/www.nominette.de\/blog\/wp-content\/uploads\/2019\/12\/Kerst_christmas_diner_tafel_dekken_gezellig_lint_label_laag-120x180.jpg 120w, https:\/\/www.nominette.de\/blog\/wp-content\/uploads\/2019\/12\/Kerst_christmas_diner_tafel_dekken_gezellig_lint_label_laag-333x500.jpg 333w, https:\/\/www.nominette.de\/blog\/wp-content\/uploads\/2019\/12\/Kerst_christmas_diner_tafel_dekken_gezellig_lint_label_laag-scaled.jpg 1707w\" sizes=\"auto, (max-width: 550px) 100vw, 550px\" \/><figcaption><a href=\"https:\/\/www.nominette.de\/direkt-bestellen-bugeletiketten\">https:\/\/www.nominette.de\/direkt-bestellen-bugeletiketten<\/a><\/figcaption><\/figure>\n\n\n\n<h3 class=\"wp-block-heading\">Sch\u00f6ner Weihnachtswunsch<\/h3>\n\n\n\n<p>Es bleibt eine Tradition, Weihnachtsw\u00fcnsche zu senden. Dies geschieht in der Regel \u00fcber eine umwerfende Weihnachtskarte. Aber wie sch\u00f6n w\u00e4re es, wenn du deinen Liebsten mit hausgemachten Keksen \u00fcberraschen w\u00fcrdest? Wenn du die Kekse in eine Schachtel packst und ein Band mit Ihrem Weihnachtswunsch oder Ihrer Weihnachtsbotschaft hinzuf\u00fcgst, hast du zwei in einem erreicht. Viel kreativer und auch sehr pers\u00f6nlich. Mache es originell und dekorieren es genau so, wie du es m\u00f6chtest. Denke an Bl\u00e4tter, Zweige, B\u00e4nder, Fotos, Glitzer usw.<\/p>\n\n\n\n<figure class=\"wp-block-image size-wcstandard\"><img loading=\"lazy\" decoding=\"async\" width=\"550\" height=\"825\" src=\"https:\/\/www.nominette.com\/blog\/wp-content\/uploads\/2019\/12\/Kerst_christmas_koekjes_bakken_inpakken_lint_label3_laag-550x825.jpg\" alt=\"\" class=\"wp-image-7788\" srcset=\"https:\/\/www.nominette.de\/blog\/wp-content\/uploads\/2019\/12\/Kerst_christmas_koekjes_bakken_inpakken_lint_label3_laag-550x825.jpg 550w, https:\/\/www.nominette.de\/blog\/wp-content\/uploads\/2019\/12\/Kerst_christmas_koekjes_bakken_inpakken_lint_label3_laag-200x300.jpg 200w, https:\/\/www.nominette.de\/blog\/wp-content\/uploads\/2019\/12\/Kerst_christmas_koekjes_bakken_inpakken_lint_label3_laag-683x1024.jpg 683w, https:\/\/www.nominette.de\/blog\/wp-content\/uploads\/2019\/12\/Kerst_christmas_koekjes_bakken_inpakken_lint_label3_laag-768x1152.jpg 768w, https:\/\/www.nominette.de\/blog\/wp-content\/uploads\/2019\/12\/Kerst_christmas_koekjes_bakken_inpakken_lint_label3_laag-1024x1536.jpg 1024w, https:\/\/www.nominette.de\/blog\/wp-content\/uploads\/2019\/12\/Kerst_christmas_koekjes_bakken_inpakken_lint_label3_laag-1365x2048.jpg 1365w, https:\/\/www.nominette.de\/blog\/wp-content\/uploads\/2019\/12\/Kerst_christmas_koekjes_bakken_inpakken_lint_label3_laag-250x375.jpg 250w, https:\/\/www.nominette.de\/blog\/wp-content\/uploads\/2019\/12\/Kerst_christmas_koekjes_bakken_inpakken_lint_label3_laag-800x1200.jpg 800w, https:\/\/www.nominette.de\/blog\/wp-content\/uploads\/2019\/12\/Kerst_christmas_koekjes_bakken_inpakken_lint_label3_laag-120x180.jpg 120w, https:\/\/www.nominette.de\/blog\/wp-content\/uploads\/2019\/12\/Kerst_christmas_koekjes_bakken_inpakken_lint_label3_laag-333x500.jpg 333w, https:\/\/www.nominette.de\/blog\/wp-content\/uploads\/2019\/12\/Kerst_christmas_koekjes_bakken_inpakken_lint_label3_laag-scaled.jpg 1707w\" sizes=\"auto, (max-width: 550px) 100vw, 550px\" \/><figcaption><a href=\"https:\/\/www.nominette.de\/direkt-bestellen-textband\">https:\/\/www.nominette.de\/direkt-bestellen-textband<\/a><\/figcaption><\/figure>\n\n\n\n<h3 class=\"wp-block-heading\">Funkelnde Ber\u00fchrung<\/h3>\n\n\n\n<p>Die Zeit ist gekommen, der Tisch ist gedeckt, der Geruch eines k\u00f6stlich gef\u00fcllten Truthahns kommt aus der K\u00fcche und deine Familie kann jedes Moment kommen. Dein lieblings Weihnachtsoutfit darf nat\u00fcrlich nicht fehlen. Gebe es deinen eigenen Twist und werde mit B\u00e4ndern oder Aufkleber kreativ. Es ist Zeit zu gl\u00e4nzen, daher ist auch hier die perfekte Gelegenheit, eine dunkle Farbe in Kombination mit Silber oder Gold zu verwenden. W\u00e4hlst du ein Label? Ein sch\u00f6nes Band am \u00c4rmel oder ein Etikett am Ausschnitt? Auswahl in H\u00fclle und F\u00fclle.<\/p>\n\n\n\n<figure class=\"wp-block-image size-large\"><img loading=\"lazy\" decoding=\"async\" width=\"683\" height=\"1024\" src=\"https:\/\/www.nominette.de\/blog\/wp-content\/uploads\/2019\/12\/Kerst_christmas_label_lint1_laag-683x1024.jpg\" alt=\"\" class=\"wp-image-7784\" srcset=\"https:\/\/www.nominette.de\/blog\/wp-content\/uploads\/2019\/12\/Kerst_christmas_label_lint1_laag-683x1024.jpg 683w, https:\/\/www.nominette.de\/blog\/wp-content\/uploads\/2019\/12\/Kerst_christmas_label_lint1_laag-200x300.jpg 200w, https:\/\/www.nominette.de\/blog\/wp-content\/uploads\/2019\/12\/Kerst_christmas_label_lint1_laag-768x1152.jpg 768w, https:\/\/www.nominette.de\/blog\/wp-content\/uploads\/2019\/12\/Kerst_christmas_label_lint1_laag-1024x1536.jpg 1024w, https:\/\/www.nominette.de\/blog\/wp-content\/uploads\/2019\/12\/Kerst_christmas_label_lint1_laag-1365x2048.jpg 1365w, https:\/\/www.nominette.de\/blog\/wp-content\/uploads\/2019\/12\/Kerst_christmas_label_lint1_laag-250x375.jpg 250w, https:\/\/www.nominette.de\/blog\/wp-content\/uploads\/2019\/12\/Kerst_christmas_label_lint1_laag-550x825.jpg 550w, https:\/\/www.nominette.de\/blog\/wp-content\/uploads\/2019\/12\/Kerst_christmas_label_lint1_laag-800x1200.jpg 800w, https:\/\/www.nominette.de\/blog\/wp-content\/uploads\/2019\/12\/Kerst_christmas_label_lint1_laag-120x180.jpg 120w, https:\/\/www.nominette.de\/blog\/wp-content\/uploads\/2019\/12\/Kerst_christmas_label_lint1_laag-333x500.jpg 333w, https:\/\/www.nominette.de\/blog\/wp-content\/uploads\/2019\/12\/Kerst_christmas_label_lint1_laag-scaled.jpg 1707w\" sizes=\"auto, (max-width: 683px) 100vw, 683px\" \/><figcaption><a href=\"https:\/\/www.nominette.de\/direkt-bestellen-kleideretikett\">https:\/\/www.nominette.de\/direkt-bestellen-kleideretikett<\/a><\/figcaption><\/figure>\n\n\n\n<p>Wir wunschen ihnen schone Feiertagen!<\/p>\n","protected":false},"excerpt":{"rendered":"<p>Tja\u2026 die Tage werden k\u00e4lter und die Abende l\u00e4nger, aber denke daran, dass die Lichter des Weihnachtsbaums, der Duft des Kamins und deine Lieblingsmenschen dieses Weihnachtsfest zu einem besonderen Ereignis machen werden. Nur noch eine kurze Weile und es wird endlich wieder die \u201esch\u00f6nste Zeit des Jahres\u201c. Nat\u00fcrlich k\u00f6nnen wir nicht fr\u00fch genug damit beginnen,&hellip;<\/p>\n","protected":false},"author":1,"featured_media":7802,"comment_status":"open","ping_status":"open","sticky":false,"template":"","format":"standard","meta":{"footnotes":""},"categories":[230],"tags":[],"class_list":["post-7796","post","type-post","status-publish","format-standard","has-post-thumbnail","hentry","category-weihnachten"],"yoast_head":"<!-- This site is optimized with the Yoast SEO plugin v24.7 - https:\/\/yoast.com\/wordpress\/plugins\/seo\/ -->\n<title>Weihnachten ist fast da! - Nominette<\/title>\n<meta name=\"description\" content=\"Wir haben einige sch\u00f6ne Weihnachtsinspirationen f\u00fcr 2019 vorbereitet. Fur dein lieblings Weihnachtsoutfit und Weihnachtsrezepte oder Dekoration .\" \/>\n<meta name=\"robots\" content=\"index, follow, max-snippet:-1, max-image-preview:large, max-video-preview:-1\" \/>\n<link rel=\"canonical\" href=\"https:\/\/www.nominette.de\/blog\/fest\/weihnachten\/weihnachten-ist-fast-da\" \/>\n<meta property=\"og:locale\" content=\"de_DE\" \/>\n<meta property=\"og:type\" content=\"article\" \/>\n<meta property=\"og:title\" content=\"Weihnachten ist fast da! - Nominette\" \/>\n<meta property=\"og:description\" content=\"Wir haben einige sch\u00f6ne Weihnachtsinspirationen f\u00fcr 2019 vorbereitet. Fur dein lieblings Weihnachtsoutfit und Weihnachtsrezepte oder Dekoration .\" \/>\n<meta property=\"og:url\" content=\"https:\/\/www.nominette.de\/blog\/fest\/weihnachten\/weihnachten-ist-fast-da\" \/>\n<meta property=\"og:site_name\" content=\"Nominette\" \/>\n<meta property=\"article:publisher\" content=\"https:\/\/www.facebook.com\/Nominette\" \/>\n<meta property=\"article:published_time\" content=\"2019-12-11T14:18:00+00:00\" \/>\n<meta property=\"og:image\" content=\"https:\/\/www.nominette.de\/blog\/wp-content\/uploads\/2019\/12\/Kerst_christmas_koekjes_bakken_inpakken_lint_label2_laag-2-scaled.jpg\" \/>\n\t<meta property=\"og:image:width\" content=\"2560\" \/>\n\t<meta property=\"og:image:height\" content=\"1707\" \/>\n\t<meta property=\"og:image:type\" content=\"image\/jpeg\" \/>\n<meta name=\"author\" content=\"Nominette\" \/>\n<meta name=\"twitter:card\" content=\"summary_large_image\" \/>\n<meta name=\"twitter:creator\" content=\"@nominette\" \/>\n<meta name=\"twitter:site\" content=\"@nominette\" \/>\n<meta name=\"twitter:label1\" content=\"Verfasst von\" \/>\n\t<meta name=\"twitter:data1\" content=\"Nominette\" \/>\n\t<meta name=\"twitter:label2\" content=\"Gesch\u00e4tzte Lesezeit\" \/>\n\t<meta name=\"twitter:data2\" content=\"2\u00a0Minuten\" \/>\n<script type=\"application\/ld+json\" class=\"yoast-schema-graph\">{\"@context\":\"https:\/\/schema.org\",\"@graph\":[{\"@type\":\"WebPage\",\"@id\":\"https:\/\/www.nominette.de\/blog\/fest\/weihnachten\/weihnachten-ist-fast-da\",\"url\":\"https:\/\/www.nominette.de\/blog\/fest\/weihnachten\/weihnachten-ist-fast-da\",\"name\":\"Weihnachten ist fast da! - Nominette\",\"isPartOf\":{\"@id\":\"https:\/\/www.nominette.de\/blog#website\"},\"primaryImageOfPage\":{\"@id\":\"https:\/\/www.nominette.de\/blog\/fest\/weihnachten\/weihnachten-ist-fast-da#primaryimage\"},\"image\":{\"@id\":\"https:\/\/www.nominette.de\/blog\/fest\/weihnachten\/weihnachten-ist-fast-da#primaryimage\"},\"thumbnailUrl\":\"https:\/\/www.nominette.de\/blog\/wp-content\/uploads\/2019\/12\/Kerst_christmas_koekjes_bakken_inpakken_lint_label2_laag-2-scaled.jpg\",\"datePublished\":\"2019-12-11T14:18:00+00:00\",\"author\":{\"@id\":\"https:\/\/www.nominette.de\/blog#\/schema\/person\/365e9a7b5a80cfd63ce70841993dafc6\"},\"description\":\"Wir haben einige sch\u00f6ne Weihnachtsinspirationen f\u00fcr 2019 vorbereitet. Fur dein lieblings Weihnachtsoutfit und Weihnachtsrezepte oder Dekoration .\",\"breadcrumb\":{\"@id\":\"https:\/\/www.nominette.de\/blog\/fest\/weihnachten\/weihnachten-ist-fast-da#breadcrumb\"},\"inLanguage\":\"de\",\"potentialAction\":[{\"@type\":\"ReadAction\",\"target\":[\"https:\/\/www.nominette.de\/blog\/fest\/weihnachten\/weihnachten-ist-fast-da\"]}]},{\"@type\":\"ImageObject\",\"inLanguage\":\"de\",\"@id\":\"https:\/\/www.nominette.de\/blog\/fest\/weihnachten\/weihnachten-ist-fast-da#primaryimage\",\"url\":\"https:\/\/www.nominette.de\/blog\/wp-content\/uploads\/2019\/12\/Kerst_christmas_koekjes_bakken_inpakken_lint_label2_laag-2-scaled.jpg\",\"contentUrl\":\"https:\/\/www.nominette.de\/blog\/wp-content\/uploads\/2019\/12\/Kerst_christmas_koekjes_bakken_inpakken_lint_label2_laag-2-scaled.jpg\",\"width\":2560,\"height\":1707},{\"@type\":\"BreadcrumbList\",\"@id\":\"https:\/\/www.nominette.de\/blog\/fest\/weihnachten\/weihnachten-ist-fast-da#breadcrumb\",\"itemListElement\":[{\"@type\":\"ListItem\",\"position\":1,\"name\":\"Home\",\"item\":\"https:\/\/www.nominette.de\/blog\"},{\"@type\":\"ListItem\",\"position\":2,\"name\":\"Weihnachten ist fast da!\"}]},{\"@type\":\"WebSite\",\"@id\":\"https:\/\/www.nominette.de\/blog#website\",\"url\":\"https:\/\/www.nominette.de\/blog\",\"name\":\"Nominette\",\"description\":\"gepersonaliseerde labels voor handgemaakte spulletjes\",\"potentialAction\":[{\"@type\":\"SearchAction\",\"target\":{\"@type\":\"EntryPoint\",\"urlTemplate\":\"https:\/\/www.nominette.de\/blog?s={search_term_string}\"},\"query-input\":{\"@type\":\"PropertyValueSpecification\",\"valueRequired\":true,\"valueName\":\"search_term_string\"}}],\"inLanguage\":\"de\"},{\"@type\":\"Person\",\"@id\":\"https:\/\/www.nominette.de\/blog#\/schema\/person\/365e9a7b5a80cfd63ce70841993dafc6\",\"name\":\"Nominette\",\"image\":{\"@type\":\"ImageObject\",\"inLanguage\":\"de\",\"@id\":\"https:\/\/www.nominette.de\/blog#\/schema\/person\/image\/\",\"url\":\"https:\/\/secure.gravatar.com\/avatar\/6ab92dc068d690f939e3a4dc1373a3030899b42a58fd9e031f614af68b9db652?s=96&d=mm&r=g\",\"contentUrl\":\"https:\/\/secure.gravatar.com\/avatar\/6ab92dc068d690f939e3a4dc1373a3030899b42a58fd9e031f614af68b9db652?s=96&d=mm&r=g\",\"caption\":\"Nominette\"},\"url\":\"https:\/\/www.nominette.de\/blog\/author\/nominette\"}]}<\/script>\n<!-- \/ Yoast SEO plugin. -->","yoast_head_json":{"title":"Weihnachten ist fast da! - Nominette","description":"Wir haben einige sch\u00f6ne Weihnachtsinspirationen f\u00fcr 2019 vorbereitet. Fur dein lieblings Weihnachtsoutfit und Weihnachtsrezepte oder Dekoration .","robots":{"index":"index","follow":"follow","max-snippet":"max-snippet:-1","max-image-preview":"max-image-preview:large","max-video-preview":"max-video-preview:-1"},"canonical":"https:\/\/www.nominette.de\/blog\/fest\/weihnachten\/weihnachten-ist-fast-da","og_locale":"de_DE","og_type":"article","og_title":"Weihnachten ist fast da! - Nominette","og_description":"Wir haben einige sch\u00f6ne Weihnachtsinspirationen f\u00fcr 2019 vorbereitet. Fur dein lieblings Weihnachtsoutfit und Weihnachtsrezepte oder Dekoration .","og_url":"https:\/\/www.nominette.de\/blog\/fest\/weihnachten\/weihnachten-ist-fast-da","og_site_name":"Nominette","article_publisher":"https:\/\/www.facebook.com\/Nominette","article_published_time":"2019-12-11T14:18:00+00:00","og_image":[{"width":2560,"height":1707,"url":"https:\/\/www.nominette.de\/blog\/wp-content\/uploads\/2019\/12\/Kerst_christmas_koekjes_bakken_inpakken_lint_label2_laag-2-scaled.jpg","type":"image\/jpeg"}],"author":"Nominette","twitter_card":"summary_large_image","twitter_creator":"@nominette","twitter_site":"@nominette","twitter_misc":{"Verfasst von":"Nominette","Gesch\u00e4tzte Lesezeit":"2\u00a0Minuten"},"schema":{"@context":"https:\/\/schema.org","@graph":[{"@type":"WebPage","@id":"https:\/\/www.nominette.de\/blog\/fest\/weihnachten\/weihnachten-ist-fast-da","url":"https:\/\/www.nominette.de\/blog\/fest\/weihnachten\/weihnachten-ist-fast-da","name":"Weihnachten ist fast da! - Nominette","isPartOf":{"@id":"https:\/\/www.nominette.de\/blog#website"},"primaryImageOfPage":{"@id":"https:\/\/www.nominette.de\/blog\/fest\/weihnachten\/weihnachten-ist-fast-da#primaryimage"},"image":{"@id":"https:\/\/www.nominette.de\/blog\/fest\/weihnachten\/weihnachten-ist-fast-da#primaryimage"},"thumbnailUrl":"https:\/\/www.nominette.de\/blog\/wp-content\/uploads\/2019\/12\/Kerst_christmas_koekjes_bakken_inpakken_lint_label2_laag-2-scaled.jpg","datePublished":"2019-12-11T14:18:00+00:00","author":{"@id":"https:\/\/www.nominette.de\/blog#\/schema\/person\/365e9a7b5a80cfd63ce70841993dafc6"},"description":"Wir haben einige sch\u00f6ne Weihnachtsinspirationen f\u00fcr 2019 vorbereitet. Fur dein lieblings Weihnachtsoutfit und Weihnachtsrezepte oder Dekoration .","breadcrumb":{"@id":"https:\/\/www.nominette.de\/blog\/fest\/weihnachten\/weihnachten-ist-fast-da#breadcrumb"},"inLanguage":"de","potentialAction":[{"@type":"ReadAction","target":["https:\/\/www.nominette.de\/blog\/fest\/weihnachten\/weihnachten-ist-fast-da"]}]},{"@type":"ImageObject","inLanguage":"de","@id":"https:\/\/www.nominette.de\/blog\/fest\/weihnachten\/weihnachten-ist-fast-da#primaryimage","url":"https:\/\/www.nominette.de\/blog\/wp-content\/uploads\/2019\/12\/Kerst_christmas_koekjes_bakken_inpakken_lint_label2_laag-2-scaled.jpg","contentUrl":"https:\/\/www.nominette.de\/blog\/wp-content\/uploads\/2019\/12\/Kerst_christmas_koekjes_bakken_inpakken_lint_label2_laag-2-scaled.jpg","width":2560,"height":1707},{"@type":"BreadcrumbList","@id":"https:\/\/www.nominette.de\/blog\/fest\/weihnachten\/weihnachten-ist-fast-da#breadcrumb","itemListElement":[{"@type":"ListItem","position":1,"name":"Home","item":"https:\/\/www.nominette.de\/blog"},{"@type":"ListItem","position":2,"name":"Weihnachten ist fast da!"}]},{"@type":"WebSite","@id":"https:\/\/www.nominette.de\/blog#website","url":"https:\/\/www.nominette.de\/blog","name":"Nominette","description":"gepersonaliseerde labels voor handgemaakte spulletjes","potentialAction":[{"@type":"SearchAction","target":{"@type":"EntryPoint","urlTemplate":"https:\/\/www.nominette.de\/blog?s={search_term_string}"},"query-input":{"@type":"PropertyValueSpecification","valueRequired":true,"valueName":"search_term_string"}}],"inLanguage":"de"},{"@type":"Person","@id":"https:\/\/www.nominette.de\/blog#\/schema\/person\/365e9a7b5a80cfd63ce70841993dafc6","name":"Nominette","image":{"@type":"ImageObject","inLanguage":"de","@id":"https:\/\/www.nominette.de\/blog#\/schema\/person\/image\/","url":"https:\/\/secure.gravatar.com\/avatar\/6ab92dc068d690f939e3a4dc1373a3030899b42a58fd9e031f614af68b9db652?s=96&d=mm&r=g","contentUrl":"https:\/\/secure.gravatar.com\/avatar\/6ab92dc068d690f939e3a4dc1373a3030899b42a58fd9e031f614af68b9db652?s=96&d=mm&r=g","caption":"Nominette"},"url":"https:\/\/www.nominette.de\/blog\/author\/nominette"}]}},"_links":{"self":[{"href":"https:\/\/www.nominette.de\/blog\/wp-json\/wp\/v2\/posts\/7796","targetHints":{"allow":["GET"]}}],"collection":[{"href":"https:\/\/www.nominette.de\/blog\/wp-json\/wp\/v2\/posts"}],"about":[{"href":"https:\/\/www.nominette.de\/blog\/wp-json\/wp\/v2\/types\/post"}],"author":[{"embeddable":true,"href":"https:\/\/www.nominette.de\/blog\/wp-json\/wp\/v2\/users\/1"}],"replies":[{"embeddable":true,"href":"https:\/\/www.nominette.de\/blog\/wp-json\/wp\/v2\/comments?post=7796"}],"version-history":[{"count":1,"href":"https:\/\/www.nominette.de\/blog\/wp-json\/wp\/v2\/posts\/7796\/revisions"}],"predecessor-version":[{"id":7797,"href":"https:\/\/www.nominette.de\/blog\/wp-json\/wp\/v2\/posts\/7796\/revisions\/7797"}],"wp:featuredmedia":[{"embeddable":true,"href":"https:\/\/www.nominette.de\/blog\/wp-json\/wp\/v2\/media\/7802"}],"wp:attachment":[{"href":"https:\/\/www.nominette.de\/blog\/wp-json\/wp\/v2\/media?parent=7796"}],"wp:term":[{"taxonomy":"category","embeddable":true,"href":"https:\/\/www.nominette.de\/blog\/wp-json\/wp\/v2\/categories?post=7796"},{"taxonomy":"post_tag","embeddable":true,"href":"https:\/\/www.nominette.de\/blog\/wp-json\/wp\/v2\/tags?post=7796"}],"curies":[{"name":"wp","href":"https:\/\/api.w.org\/{rel}","templated":true}]}}