{"id":7454,"date":"2019-10-02T16:00:27","date_gmt":"2019-10-02T15:00:27","guid":{"rendered":"https:\/\/www.nominette.com\/blog?p=7454"},"modified":"2019-10-01T11:04:01","modified_gmt":"2019-10-01T10:04:01","slug":"die-blaetter-fallen-herbst-ruft","status":"publish","type":"post","link":"https:\/\/www.nominette.de\/blog\/haus-garten\/die-blaetter-fallen-herbst-ruft","title":{"rendered":"DIE BL\u00c4TTER FALLEN HERBST RUFT"},"content":{"rendered":"\n<p>Seien wir ehrlich, dieser Saison, die wir Herbst nennen, ist auch wunderbar. Diese letzten Sonnenstrahlen, die durch die B\u00e4ume scheinen, die Bl\u00e4tter, die sich zwischen den Pilzen sammeln, und von eine gem\u00fctliche Atmosph\u00e4re umringt. Wenn es drau\u00dfen dunkel wird und die Temperaturen sinken, hat man einen guten Grund, wieder kreativ zu werden. Der Herbst ist ein guter Ausgangspunkt f\u00fcr neue Inspirationen. Spazieren Sie durch den Wald und sammeln Sie farbenfrohe Materialien. Ein gro\u00dfartiger Einstieg um&#8230;\u00a0<\/p>\n\n\n\n<h3 class=\"wp-block-heading\">HERBST IM HAUS  HOLEN<\/h3>\n\n\n\n<p>Da wir viel mehr Zeit im Haus verbringen, Spiele spielen, stundenlang Filme auf der Couch schauen oder tolle Dinnerpartys haben, ist es ein gro\u00dfartiger Zeitpunkt, um die Herbstatmosph\u00e4re auch ins Haus zu holen. Mit deinen gesammelten Materialien kann man in den sch\u00f6nsten Herbstfarben ein warmes Kerzendekor kreieren. Wenn man ein passenden Farbbands hinzugef\u00fcgt gibt man es einen zus\u00e4tzlichen Touch. Wusstest du, dass Gold eine atemberaubende Farbe ist, die Perfect zu einer herbstlichen Farbpalette hinzugef\u00fcgt werden kann?<\/p>\n\n\n\n<figure class=\"wp-block-image\"><img loading=\"lazy\" decoding=\"async\" width=\"550\" height=\"825\" src=\"https:\/\/www.nominette.de\/blog\/wp-content\/uploads\/2019\/10\/Letitglow_kaarsjes_herfst_DIY_versieren_lint_label4_laag-550x825.jpg\" alt=\"Herbst Kerzendecor\" class=\"wp-image-7455\" srcset=\"https:\/\/www.nominette.de\/blog\/wp-content\/uploads\/2019\/10\/Letitglow_kaarsjes_herfst_DIY_versieren_lint_label4_laag-550x825.jpg 550w, https:\/\/www.nominette.de\/blog\/wp-content\/uploads\/2019\/10\/Letitglow_kaarsjes_herfst_DIY_versieren_lint_label4_laag-200x300.jpg 200w, https:\/\/www.nominette.de\/blog\/wp-content\/uploads\/2019\/10\/Letitglow_kaarsjes_herfst_DIY_versieren_lint_label4_laag-683x1024.jpg 683w, https:\/\/www.nominette.de\/blog\/wp-content\/uploads\/2019\/10\/Letitglow_kaarsjes_herfst_DIY_versieren_lint_label4_laag-768x1152.jpg 768w, https:\/\/www.nominette.de\/blog\/wp-content\/uploads\/2019\/10\/Letitglow_kaarsjes_herfst_DIY_versieren_lint_label4_laag-1024x1536.jpg 1024w, https:\/\/www.nominette.de\/blog\/wp-content\/uploads\/2019\/10\/Letitglow_kaarsjes_herfst_DIY_versieren_lint_label4_laag-1365x2048.jpg 1365w, https:\/\/www.nominette.de\/blog\/wp-content\/uploads\/2019\/10\/Letitglow_kaarsjes_herfst_DIY_versieren_lint_label4_laag-250x375.jpg 250w, https:\/\/www.nominette.de\/blog\/wp-content\/uploads\/2019\/10\/Letitglow_kaarsjes_herfst_DIY_versieren_lint_label4_laag-800x1200.jpg 800w, https:\/\/www.nominette.de\/blog\/wp-content\/uploads\/2019\/10\/Letitglow_kaarsjes_herfst_DIY_versieren_lint_label4_laag-120x180.jpg 120w, https:\/\/www.nominette.de\/blog\/wp-content\/uploads\/2019\/10\/Letitglow_kaarsjes_herfst_DIY_versieren_lint_label4_laag-333x500.jpg 333w, https:\/\/www.nominette.de\/blog\/wp-content\/uploads\/2019\/10\/Letitglow_kaarsjes_herfst_DIY_versieren_lint_label4_laag-scaled.jpg 1707w\" sizes=\"auto, (max-width: 550px) 100vw, 550px\" \/><figcaption><a href=\"https:\/\/www.nominette.de\/textbandchen\">https:\/\/www.nominette.de\/textbandchen<\/a><\/figcaption><\/figure>\n\n\n\n<h3 class=\"wp-block-heading\">WILLKOMMEN HERBST<\/h3>\n\n\n\n<p>Dein Nachbar? Ein guter Freund? Oder Post Zusteller, der wieder vor der Haust\u00fcr steht? Du m\u00f6chtest sie immer herzlich willkommen hei\u00dfen. Wie w\u00e4re es, wenn du einen atemberaubenden Herbstkranz schaffst? Mit all den Bl\u00e4ttern, die von den B\u00e4umen fallen, wirst du definitiv in der Lage sein, es voll zu bekommen. Und mit einem sch\u00f6nen Text sorgst auch du daf\u00fcr, dass dein Nachbar noch ein bisschen l\u00e4nger vor der T\u00fcr verweilt, sodass man ein paar Sekunden extra Zeit hat, um sein Spiegelbild zu \u00fcberpr\u00fcfen. Tipp: W\u00e4hle zur besseren Lesbarkeit ein breiteres Farbband.<\/p>\n\n\n\n<figure class=\"wp-block-image\"><img loading=\"lazy\" decoding=\"async\" width=\"550\" height=\"367\" src=\"https:\/\/www.nominette.de\/blog\/wp-content\/uploads\/2019\/09\/Herfstkrans_DIY_oppimpen_welkomherfst_lint_label1_laag-2-550x367.jpg\" alt=\"Herbstkranz decorieren\" class=\"wp-image-7434\" srcset=\"https:\/\/www.nominette.de\/blog\/wp-content\/uploads\/2019\/09\/Herfstkrans_DIY_oppimpen_welkomherfst_lint_label1_laag-2-550x367.jpg 550w, https:\/\/www.nominette.de\/blog\/wp-content\/uploads\/2019\/09\/Herfstkrans_DIY_oppimpen_welkomherfst_lint_label1_laag-2-300x200.jpg 300w, https:\/\/www.nominette.de\/blog\/wp-content\/uploads\/2019\/09\/Herfstkrans_DIY_oppimpen_welkomherfst_lint_label1_laag-2-768x512.jpg 768w, https:\/\/www.nominette.de\/blog\/wp-content\/uploads\/2019\/09\/Herfstkrans_DIY_oppimpen_welkomherfst_lint_label1_laag-2-1024x683.jpg 1024w, https:\/\/www.nominette.de\/blog\/wp-content\/uploads\/2019\/09\/Herfstkrans_DIY_oppimpen_welkomherfst_lint_label1_laag-2-250x167.jpg 250w, https:\/\/www.nominette.de\/blog\/wp-content\/uploads\/2019\/09\/Herfstkrans_DIY_oppimpen_welkomherfst_lint_label1_laag-2-800x533.jpg 800w, https:\/\/www.nominette.de\/blog\/wp-content\/uploads\/2019\/09\/Herfstkrans_DIY_oppimpen_welkomherfst_lint_label1_laag-2-270x180.jpg 270w, https:\/\/www.nominette.de\/blog\/wp-content\/uploads\/2019\/09\/Herfstkrans_DIY_oppimpen_welkomherfst_lint_label1_laag-2-450x300.jpg 450w, https:\/\/www.nominette.de\/blog\/wp-content\/uploads\/2019\/09\/Herfstkrans_DIY_oppimpen_welkomherfst_lint_label1_laag-2-750x500.jpg 750w\" sizes=\"auto, (max-width: 550px) 100vw, 550px\" \/><\/figure>\n\n\n\n<h3 class=\"wp-block-heading\">Stunden am Tisch<\/h3>\n\n\n\n<p>Wir d\u00fcrfen wieder unsere sch\u00f6nen dicken Wollpullover tragen, was praktisch ist, um das zus\u00e4tzliche Gewicht zu vertuschen, das wir zugenommen haben. Also lass uns das Essen genie\u00dfen! Vergessen wir nicht, den Tisch warm und gem\u00fctlich zu decken. Mit einigen sch\u00f6nen Stoffen macht man die coolsten Servietten und indem du ein h\u00fcbsches Etikett oder ein Band anbringst, auf dem man sein eigenen Text anbringt, kann man es komplett abrunden.<\/p>\n\n\n\n<figure class=\"wp-block-image\"><img loading=\"lazy\" decoding=\"async\" width=\"550\" height=\"825\" src=\"https:\/\/www.nominette.de\/blog\/wp-content\/uploads\/2019\/09\/Servet_tafeldekken_DIY_stylen_lint_label3_laag-1-550x825.jpg\" alt=\"\" class=\"wp-image-7446\" srcset=\"https:\/\/www.nominette.de\/blog\/wp-content\/uploads\/2019\/09\/Servet_tafeldekken_DIY_stylen_lint_label3_laag-1-550x825.jpg 550w, https:\/\/www.nominette.de\/blog\/wp-content\/uploads\/2019\/09\/Servet_tafeldekken_DIY_stylen_lint_label3_laag-1-200x300.jpg 200w, https:\/\/www.nominette.de\/blog\/wp-content\/uploads\/2019\/09\/Servet_tafeldekken_DIY_stylen_lint_label3_laag-1-768x1152.jpg 768w, https:\/\/www.nominette.de\/blog\/wp-content\/uploads\/2019\/09\/Servet_tafeldekken_DIY_stylen_lint_label3_laag-1-683x1024.jpg 683w, https:\/\/www.nominette.de\/blog\/wp-content\/uploads\/2019\/09\/Servet_tafeldekken_DIY_stylen_lint_label3_laag-1-250x375.jpg 250w, https:\/\/www.nominette.de\/blog\/wp-content\/uploads\/2019\/09\/Servet_tafeldekken_DIY_stylen_lint_label3_laag-1-800x1200.jpg 800w, https:\/\/www.nominette.de\/blog\/wp-content\/uploads\/2019\/09\/Servet_tafeldekken_DIY_stylen_lint_label3_laag-1-120x180.jpg 120w, https:\/\/www.nominette.de\/blog\/wp-content\/uploads\/2019\/09\/Servet_tafeldekken_DIY_stylen_lint_label3_laag-1-333x500.jpg 333w\" sizes=\"auto, (max-width: 550px) 100vw, 550px\" \/><figcaption><a href=\"https:\/\/www.nominette.de\/direkt-bestellen-logo-etiketten\">https:\/\/www.nominette.de\/direkt-bestellen-logo-etiketten<\/a><\/figcaption><\/figure>\n\n\n\n<h3 class=\"wp-block-heading\">HANDWERK MIT DEN KINDERN<\/h3>\n\n\n\n<p>All die sch\u00f6nen Dinge, die im Wald gesammelt werden, werden nat\u00fcrlich am besten in einer selbstgemachten Tasche transportiert. Plane deshalb einen Bastelnachmittag f\u00fcr dich und die Kinder. Super Spa\u00df zusammen kreativ zu sein. Auf diese Weise macht das Waldwandern auch mehr Spa\u00df und musst du nicht jeden Tannenzapfen aufheben, an dem du vorbeigehst. Mit einem Namensschild kann man beispielsweise die Kindertaschen personalisieren.<\/p>\n\n\n\n<figure class=\"wp-block-image\"><img loading=\"lazy\" decoding=\"async\" width=\"550\" height=\"825\" src=\"https:\/\/www.nominette.de\/blog\/wp-content\/uploads\/2019\/09\/Herfst_zakje_knutselen_DIY_lint_label1_laag-550x825.jpg\" alt=\"Personalisierte Herbstkindertasche\" class=\"wp-image-7430\" srcset=\"https:\/\/www.nominette.de\/blog\/wp-content\/uploads\/2019\/09\/Herfst_zakje_knutselen_DIY_lint_label1_laag-550x825.jpg 550w, https:\/\/www.nominette.de\/blog\/wp-content\/uploads\/2019\/09\/Herfst_zakje_knutselen_DIY_lint_label1_laag-200x300.jpg 200w, https:\/\/www.nominette.de\/blog\/wp-content\/uploads\/2019\/09\/Herfst_zakje_knutselen_DIY_lint_label1_laag-768x1152.jpg 768w, https:\/\/www.nominette.de\/blog\/wp-content\/uploads\/2019\/09\/Herfst_zakje_knutselen_DIY_lint_label1_laag-683x1024.jpg 683w, https:\/\/www.nominette.de\/blog\/wp-content\/uploads\/2019\/09\/Herfst_zakje_knutselen_DIY_lint_label1_laag-250x375.jpg 250w, https:\/\/www.nominette.de\/blog\/wp-content\/uploads\/2019\/09\/Herfst_zakje_knutselen_DIY_lint_label1_laag-800x1200.jpg 800w, https:\/\/www.nominette.de\/blog\/wp-content\/uploads\/2019\/09\/Herfst_zakje_knutselen_DIY_lint_label1_laag-120x180.jpg 120w, https:\/\/www.nominette.de\/blog\/wp-content\/uploads\/2019\/09\/Herfst_zakje_knutselen_DIY_lint_label1_laag-333x500.jpg 333w\" sizes=\"auto, (max-width: 550px) 100vw, 550px\" \/><\/figure>\n\n\n\n<p>Bist du aufgeregt, sofort anzufangen? Teilen deine Herbstkreationen mit uns, wir sind gespannt!  Instagram: nominette_labels \/ Pinterest : Nominette<\/p>\n","protected":false},"excerpt":{"rendered":"<p>Seien wir ehrlich, dieser Saison, die wir Herbst nennen, ist auch wunderbar. Diese letzten Sonnenstrahlen, die durch die B\u00e4ume scheinen, die Bl\u00e4tter, die sich zwischen den Pilzen sammeln, und von eine gem\u00fctliche Atmosph\u00e4re umringt. Wenn es drau\u00dfen dunkel wird und die Temperaturen sinken, hat man einen guten Grund, wieder kreativ zu werden. Der Herbst ist&hellip;<\/p>\n","protected":false},"author":1,"featured_media":7459,"comment_status":"open","ping_status":"open","sticky":false,"template":"","format":"standard","meta":{"footnotes":""},"categories":[255,399,367,396],"tags":[],"class_list":["post-7454","post","type-post","status-publish","format-standard","has-post-thumbnail","hentry","category-haus-garten","category-herbst","category-kinder","category-urlaub"],"yoast_head":"<!-- This site is optimized with the Yoast SEO plugin v24.7 - https:\/\/yoast.com\/wordpress\/plugins\/seo\/ -->\n<title>DIE BL\u00c4TTER FALLEN HERBST RUFT - Nominette<\/title>\n<meta name=\"robots\" content=\"index, follow, max-snippet:-1, max-image-preview:large, max-video-preview:-1\" \/>\n<link rel=\"canonical\" href=\"https:\/\/www.nominette.de\/blog\/haus-garten\/die-blaetter-fallen-herbst-ruft\" \/>\n<meta property=\"og:locale\" content=\"de_DE\" \/>\n<meta property=\"og:type\" content=\"article\" \/>\n<meta property=\"og:title\" content=\"DIE BL\u00c4TTER FALLEN HERBST RUFT - Nominette\" \/>\n<meta property=\"og:description\" content=\"Seien wir ehrlich, dieser Saison, die wir Herbst nennen, ist auch wunderbar. Diese letzten Sonnenstrahlen, die durch die B\u00e4ume scheinen, die Bl\u00e4tter, die sich zwischen den Pilzen sammeln, und von eine gem\u00fctliche Atmosph\u00e4re umringt. Wenn es drau\u00dfen dunkel wird und die Temperaturen sinken, hat man einen guten Grund, wieder kreativ zu werden. Der Herbst ist&hellip;\" \/>\n<meta property=\"og:url\" content=\"https:\/\/www.nominette.de\/blog\/haus-garten\/die-blaetter-fallen-herbst-ruft\" \/>\n<meta property=\"og:site_name\" content=\"Nominette\" \/>\n<meta property=\"article:publisher\" content=\"https:\/\/www.facebook.com\/Nominette\" \/>\n<meta property=\"article:published_time\" content=\"2019-10-02T15:00:27+00:00\" \/>\n<meta property=\"og:image\" content=\"https:\/\/www.nominette.de\/blog\/wp-content\/uploads\/2019\/10\/Herfst_zakje_knutselen_DIY_lint_label4_laag-scaled.jpg\" \/>\n\t<meta property=\"og:image:width\" content=\"1707\" \/>\n\t<meta property=\"og:image:height\" content=\"2560\" \/>\n\t<meta property=\"og:image:type\" content=\"image\/jpeg\" \/>\n<meta name=\"author\" content=\"Nominette\" \/>\n<meta name=\"twitter:card\" content=\"summary_large_image\" \/>\n<meta name=\"twitter:creator\" content=\"@nominette\" \/>\n<meta name=\"twitter:site\" content=\"@nominette\" \/>\n<meta name=\"twitter:label1\" content=\"Verfasst von\" \/>\n\t<meta name=\"twitter:data1\" content=\"Nominette\" \/>\n\t<meta name=\"twitter:label2\" content=\"Gesch\u00e4tzte Lesezeit\" \/>\n\t<meta name=\"twitter:data2\" content=\"2\u00a0Minuten\" \/>\n<script type=\"application\/ld+json\" class=\"yoast-schema-graph\">{\"@context\":\"https:\/\/schema.org\",\"@graph\":[{\"@type\":\"WebPage\",\"@id\":\"https:\/\/www.nominette.de\/blog\/haus-garten\/die-blaetter-fallen-herbst-ruft\",\"url\":\"https:\/\/www.nominette.de\/blog\/haus-garten\/die-blaetter-fallen-herbst-ruft\",\"name\":\"DIE BL\u00c4TTER FALLEN HERBST RUFT - Nominette\",\"isPartOf\":{\"@id\":\"https:\/\/www.nominette.de\/blog#website\"},\"primaryImageOfPage\":{\"@id\":\"https:\/\/www.nominette.de\/blog\/haus-garten\/die-blaetter-fallen-herbst-ruft#primaryimage\"},\"image\":{\"@id\":\"https:\/\/www.nominette.de\/blog\/haus-garten\/die-blaetter-fallen-herbst-ruft#primaryimage\"},\"thumbnailUrl\":\"https:\/\/www.nominette.de\/blog\/wp-content\/uploads\/2019\/10\/Herfst_zakje_knutselen_DIY_lint_label4_laag-scaled.jpg\",\"datePublished\":\"2019-10-02T15:00:27+00:00\",\"author\":{\"@id\":\"https:\/\/www.nominette.de\/blog#\/schema\/person\/365e9a7b5a80cfd63ce70841993dafc6\"},\"breadcrumb\":{\"@id\":\"https:\/\/www.nominette.de\/blog\/haus-garten\/die-blaetter-fallen-herbst-ruft#breadcrumb\"},\"inLanguage\":\"de\",\"potentialAction\":[{\"@type\":\"ReadAction\",\"target\":[\"https:\/\/www.nominette.de\/blog\/haus-garten\/die-blaetter-fallen-herbst-ruft\"]}]},{\"@type\":\"ImageObject\",\"inLanguage\":\"de\",\"@id\":\"https:\/\/www.nominette.de\/blog\/haus-garten\/die-blaetter-fallen-herbst-ruft#primaryimage\",\"url\":\"https:\/\/www.nominette.de\/blog\/wp-content\/uploads\/2019\/10\/Herfst_zakje_knutselen_DIY_lint_label4_laag-scaled.jpg\",\"contentUrl\":\"https:\/\/www.nominette.de\/blog\/wp-content\/uploads\/2019\/10\/Herfst_zakje_knutselen_DIY_lint_label4_laag-scaled.jpg\",\"width\":1707,\"height\":2560},{\"@type\":\"BreadcrumbList\",\"@id\":\"https:\/\/www.nominette.de\/blog\/haus-garten\/die-blaetter-fallen-herbst-ruft#breadcrumb\",\"itemListElement\":[{\"@type\":\"ListItem\",\"position\":1,\"name\":\"Home\",\"item\":\"https:\/\/www.nominette.de\/blog\"},{\"@type\":\"ListItem\",\"position\":2,\"name\":\"DIE BL\u00c4TTER FALLEN HERBST RUFT\"}]},{\"@type\":\"WebSite\",\"@id\":\"https:\/\/www.nominette.de\/blog#website\",\"url\":\"https:\/\/www.nominette.de\/blog\",\"name\":\"Nominette\",\"description\":\"gepersonaliseerde labels voor handgemaakte spulletjes\",\"potentialAction\":[{\"@type\":\"SearchAction\",\"target\":{\"@type\":\"EntryPoint\",\"urlTemplate\":\"https:\/\/www.nominette.de\/blog?s={search_term_string}\"},\"query-input\":{\"@type\":\"PropertyValueSpecification\",\"valueRequired\":true,\"valueName\":\"search_term_string\"}}],\"inLanguage\":\"de\"},{\"@type\":\"Person\",\"@id\":\"https:\/\/www.nominette.de\/blog#\/schema\/person\/365e9a7b5a80cfd63ce70841993dafc6\",\"name\":\"Nominette\",\"image\":{\"@type\":\"ImageObject\",\"inLanguage\":\"de\",\"@id\":\"https:\/\/www.nominette.de\/blog#\/schema\/person\/image\/\",\"url\":\"https:\/\/secure.gravatar.com\/avatar\/6ab92dc068d690f939e3a4dc1373a3030899b42a58fd9e031f614af68b9db652?s=96&d=mm&r=g\",\"contentUrl\":\"https:\/\/secure.gravatar.com\/avatar\/6ab92dc068d690f939e3a4dc1373a3030899b42a58fd9e031f614af68b9db652?s=96&d=mm&r=g\",\"caption\":\"Nominette\"},\"url\":\"https:\/\/www.nominette.de\/blog\/author\/nominette\"}]}<\/script>\n<!-- \/ Yoast SEO plugin. -->","yoast_head_json":{"title":"DIE BL\u00c4TTER FALLEN HERBST RUFT - Nominette","robots":{"index":"index","follow":"follow","max-snippet":"max-snippet:-1","max-image-preview":"max-image-preview:large","max-video-preview":"max-video-preview:-1"},"canonical":"https:\/\/www.nominette.de\/blog\/haus-garten\/die-blaetter-fallen-herbst-ruft","og_locale":"de_DE","og_type":"article","og_title":"DIE BL\u00c4TTER FALLEN HERBST RUFT - Nominette","og_description":"Seien wir ehrlich, dieser Saison, die wir Herbst nennen, ist auch wunderbar. Diese letzten Sonnenstrahlen, die durch die B\u00e4ume scheinen, die Bl\u00e4tter, die sich zwischen den Pilzen sammeln, und von eine gem\u00fctliche Atmosph\u00e4re umringt. Wenn es drau\u00dfen dunkel wird und die Temperaturen sinken, hat man einen guten Grund, wieder kreativ zu werden. Der Herbst ist&hellip;","og_url":"https:\/\/www.nominette.de\/blog\/haus-garten\/die-blaetter-fallen-herbst-ruft","og_site_name":"Nominette","article_publisher":"https:\/\/www.facebook.com\/Nominette","article_published_time":"2019-10-02T15:00:27+00:00","og_image":[{"width":1707,"height":2560,"url":"https:\/\/www.nominette.de\/blog\/wp-content\/uploads\/2019\/10\/Herfst_zakje_knutselen_DIY_lint_label4_laag-scaled.jpg","type":"image\/jpeg"}],"author":"Nominette","twitter_card":"summary_large_image","twitter_creator":"@nominette","twitter_site":"@nominette","twitter_misc":{"Verfasst von":"Nominette","Gesch\u00e4tzte Lesezeit":"2\u00a0Minuten"},"schema":{"@context":"https:\/\/schema.org","@graph":[{"@type":"WebPage","@id":"https:\/\/www.nominette.de\/blog\/haus-garten\/die-blaetter-fallen-herbst-ruft","url":"https:\/\/www.nominette.de\/blog\/haus-garten\/die-blaetter-fallen-herbst-ruft","name":"DIE BL\u00c4TTER FALLEN HERBST RUFT - Nominette","isPartOf":{"@id":"https:\/\/www.nominette.de\/blog#website"},"primaryImageOfPage":{"@id":"https:\/\/www.nominette.de\/blog\/haus-garten\/die-blaetter-fallen-herbst-ruft#primaryimage"},"image":{"@id":"https:\/\/www.nominette.de\/blog\/haus-garten\/die-blaetter-fallen-herbst-ruft#primaryimage"},"thumbnailUrl":"https:\/\/www.nominette.de\/blog\/wp-content\/uploads\/2019\/10\/Herfst_zakje_knutselen_DIY_lint_label4_laag-scaled.jpg","datePublished":"2019-10-02T15:00:27+00:00","author":{"@id":"https:\/\/www.nominette.de\/blog#\/schema\/person\/365e9a7b5a80cfd63ce70841993dafc6"},"breadcrumb":{"@id":"https:\/\/www.nominette.de\/blog\/haus-garten\/die-blaetter-fallen-herbst-ruft#breadcrumb"},"inLanguage":"de","potentialAction":[{"@type":"ReadAction","target":["https:\/\/www.nominette.de\/blog\/haus-garten\/die-blaetter-fallen-herbst-ruft"]}]},{"@type":"ImageObject","inLanguage":"de","@id":"https:\/\/www.nominette.de\/blog\/haus-garten\/die-blaetter-fallen-herbst-ruft#primaryimage","url":"https:\/\/www.nominette.de\/blog\/wp-content\/uploads\/2019\/10\/Herfst_zakje_knutselen_DIY_lint_label4_laag-scaled.jpg","contentUrl":"https:\/\/www.nominette.de\/blog\/wp-content\/uploads\/2019\/10\/Herfst_zakje_knutselen_DIY_lint_label4_laag-scaled.jpg","width":1707,"height":2560},{"@type":"BreadcrumbList","@id":"https:\/\/www.nominette.de\/blog\/haus-garten\/die-blaetter-fallen-herbst-ruft#breadcrumb","itemListElement":[{"@type":"ListItem","position":1,"name":"Home","item":"https:\/\/www.nominette.de\/blog"},{"@type":"ListItem","position":2,"name":"DIE BL\u00c4TTER FALLEN HERBST RUFT"}]},{"@type":"WebSite","@id":"https:\/\/www.nominette.de\/blog#website","url":"https:\/\/www.nominette.de\/blog","name":"Nominette","description":"gepersonaliseerde labels voor handgemaakte spulletjes","potentialAction":[{"@type":"SearchAction","target":{"@type":"EntryPoint","urlTemplate":"https:\/\/www.nominette.de\/blog?s={search_term_string}"},"query-input":{"@type":"PropertyValueSpecification","valueRequired":true,"valueName":"search_term_string"}}],"inLanguage":"de"},{"@type":"Person","@id":"https:\/\/www.nominette.de\/blog#\/schema\/person\/365e9a7b5a80cfd63ce70841993dafc6","name":"Nominette","image":{"@type":"ImageObject","inLanguage":"de","@id":"https:\/\/www.nominette.de\/blog#\/schema\/person\/image\/","url":"https:\/\/secure.gravatar.com\/avatar\/6ab92dc068d690f939e3a4dc1373a3030899b42a58fd9e031f614af68b9db652?s=96&d=mm&r=g","contentUrl":"https:\/\/secure.gravatar.com\/avatar\/6ab92dc068d690f939e3a4dc1373a3030899b42a58fd9e031f614af68b9db652?s=96&d=mm&r=g","caption":"Nominette"},"url":"https:\/\/www.nominette.de\/blog\/author\/nominette"}]}},"_links":{"self":[{"href":"https:\/\/www.nominette.de\/blog\/wp-json\/wp\/v2\/posts\/7454","targetHints":{"allow":["GET"]}}],"collection":[{"href":"https:\/\/www.nominette.de\/blog\/wp-json\/wp\/v2\/posts"}],"about":[{"href":"https:\/\/www.nominette.de\/blog\/wp-json\/wp\/v2\/types\/post"}],"author":[{"embeddable":true,"href":"https:\/\/www.nominette.de\/blog\/wp-json\/wp\/v2\/users\/1"}],"replies":[{"embeddable":true,"href":"https:\/\/www.nominette.de\/blog\/wp-json\/wp\/v2\/comments?post=7454"}],"version-history":[{"count":1,"href":"https:\/\/www.nominette.de\/blog\/wp-json\/wp\/v2\/posts\/7454\/revisions"}],"predecessor-version":[{"id":7463,"href":"https:\/\/www.nominette.de\/blog\/wp-json\/wp\/v2\/posts\/7454\/revisions\/7463"}],"wp:featuredmedia":[{"embeddable":true,"href":"https:\/\/www.nominette.de\/blog\/wp-json\/wp\/v2\/media\/7459"}],"wp:attachment":[{"href":"https:\/\/www.nominette.de\/blog\/wp-json\/wp\/v2\/media?parent=7454"}],"wp:term":[{"taxonomy":"category","embeddable":true,"href":"https:\/\/www.nominette.de\/blog\/wp-json\/wp\/v2\/categories?post=7454"},{"taxonomy":"post_tag","embeddable":true,"href":"https:\/\/www.nominette.de\/blog\/wp-json\/wp\/v2\/tags?post=7454"}],"curies":[{"name":"wp","href":"https:\/\/api.w.org\/{rel}","templated":true}]}}