{"id":7343,"date":"2019-09-13T08:23:36","date_gmt":"2019-09-13T07:23:36","guid":{"rendered":"https:\/\/www.nominette.com\/blog?p=7343"},"modified":"2019-09-12T08:52:47","modified_gmt":"2019-09-12T07:52:47","slug":"im-spaetsommer","status":"publish","type":"post","link":"https:\/\/www.nominette.de\/blog\/fest\/im-spaetsommer","title":{"rendered":"Im Sp\u00e4tsommer"},"content":{"rendered":"\n<p>Obwohl die Sommerferien zu Ende sind, ist das sonnige Wetter ein Beweis daf\u00fcr, dass wir den Sommer immer noch genie\u00dfen k\u00f6nnen. Und wer sagt, dass wir nicht in der Lage sind, einen kleinen Kurztrip dazwischen zu planen &#8230; Wie einen Tag am Strand, einen sch\u00f6nen Spaziergang oder vielleicht einfach frische Getr\u00e4nke im Garten.<\/p>\n\n\n\n<h3 class=\"wp-block-heading\">DU STRAHLST<\/h3>\n\n\n\n<p>Sonne auf deinem Gesicht und dein Tag kann nicht mehr kaputt! Um die letzten Sonnenstrahlen zu genie\u00dfen, gibt es nichts Sch\u00f6neres, als einen tollen Spaziergang zu machen und ein sch\u00f6nes wildes Bouquet zu pfl\u00fccken. \u00dcberrasche deine Tante, Gro\u00dfmutter, Schwester oder einen guten Freund mit diesen wundersch\u00f6nen Blumen und binde sie mit einem farbenfrohen und verspielten Band zusammen. Auf diese Weise verbreiten wir das letzte bisschen Sommer.<\/p>\n\n\n\n<figure class=\"wp-block-image\"><img loading=\"lazy\" decoding=\"async\" width=\"550\" height=\"367\" src=\"https:\/\/www.nominette.de\/blog\/wp-content\/uploads\/2019\/09\/Plukboeket_bloemen_fleurig_plukken_zomer_zon_lint_label3_laag-3-550x367.jpg\" alt=\"gewebenes Blumenband\" class=\"wp-image-7344\" srcset=\"https:\/\/www.nominette.de\/blog\/wp-content\/uploads\/2019\/09\/Plukboeket_bloemen_fleurig_plukken_zomer_zon_lint_label3_laag-3-550x367.jpg 550w, https:\/\/www.nominette.de\/blog\/wp-content\/uploads\/2019\/09\/Plukboeket_bloemen_fleurig_plukken_zomer_zon_lint_label3_laag-3-300x200.jpg 300w, https:\/\/www.nominette.de\/blog\/wp-content\/uploads\/2019\/09\/Plukboeket_bloemen_fleurig_plukken_zomer_zon_lint_label3_laag-3-1024x683.jpg 1024w, https:\/\/www.nominette.de\/blog\/wp-content\/uploads\/2019\/09\/Plukboeket_bloemen_fleurig_plukken_zomer_zon_lint_label3_laag-3-768x512.jpg 768w, https:\/\/www.nominette.de\/blog\/wp-content\/uploads\/2019\/09\/Plukboeket_bloemen_fleurig_plukken_zomer_zon_lint_label3_laag-3-1536x1024.jpg 1536w, https:\/\/www.nominette.de\/blog\/wp-content\/uploads\/2019\/09\/Plukboeket_bloemen_fleurig_plukken_zomer_zon_lint_label3_laag-3-2048x1365.jpg 2048w, https:\/\/www.nominette.de\/blog\/wp-content\/uploads\/2019\/09\/Plukboeket_bloemen_fleurig_plukken_zomer_zon_lint_label3_laag-3-250x167.jpg 250w, https:\/\/www.nominette.de\/blog\/wp-content\/uploads\/2019\/09\/Plukboeket_bloemen_fleurig_plukken_zomer_zon_lint_label3_laag-3-800x533.jpg 800w, https:\/\/www.nominette.de\/blog\/wp-content\/uploads\/2019\/09\/Plukboeket_bloemen_fleurig_plukken_zomer_zon_lint_label3_laag-3-270x180.jpg 270w, https:\/\/www.nominette.de\/blog\/wp-content\/uploads\/2019\/09\/Plukboeket_bloemen_fleurig_plukken_zomer_zon_lint_label3_laag-3-450x300.jpg 450w, https:\/\/www.nominette.de\/blog\/wp-content\/uploads\/2019\/09\/Plukboeket_bloemen_fleurig_plukken_zomer_zon_lint_label3_laag-3-750x500.jpg 750w\" sizes=\"auto, (max-width: 550px) 100vw, 550px\" \/><\/figure>\n\n\n\n<h3 class=\"wp-block-heading\">HAPPY HOUR<\/h3>\n\n\n\n<p>Sonne auf deinem Gesicht und dein Tag kann nicht mehr kaputt! Um die letzten Sonnenstrahlen zu genie\u00dfen, gibt es nichts Sch\u00f6neres, als einen tollen Spaziergang zu machen und ein sch\u00f6nes wildes Bouquet zu pfl\u00fccken. \u00dcberrasche deine Tante, Gro\u00dfmutter, Schwester oder einen guten Freund mit diesen wundersch\u00f6nen Blumen und binde sie mit einem farbenfrohen und verspielten Band zusammen. Auf diese Weise verbreiten wir das letzte bisschen Sommer.<\/p>\n\n\n\n<figure class=\"wp-block-image\"><img loading=\"lazy\" decoding=\"async\" width=\"550\" height=\"825\" src=\"https:\/\/www.nominette.de\/blog\/wp-content\/uploads\/2019\/09\/Gintonic_drinks_versieren_lint_label_fleurig_zomer_laag-1-550x825.jpg\" alt=\"Gin tonic decorationband\" class=\"wp-image-7348\" srcset=\"https:\/\/www.nominette.de\/blog\/wp-content\/uploads\/2019\/09\/Gintonic_drinks_versieren_lint_label_fleurig_zomer_laag-1-550x825.jpg 550w, https:\/\/www.nominette.de\/blog\/wp-content\/uploads\/2019\/09\/Gintonic_drinks_versieren_lint_label_fleurig_zomer_laag-1-200x300.jpg 200w, https:\/\/www.nominette.de\/blog\/wp-content\/uploads\/2019\/09\/Gintonic_drinks_versieren_lint_label_fleurig_zomer_laag-1-683x1024.jpg 683w, https:\/\/www.nominette.de\/blog\/wp-content\/uploads\/2019\/09\/Gintonic_drinks_versieren_lint_label_fleurig_zomer_laag-1-768x1152.jpg 768w, https:\/\/www.nominette.de\/blog\/wp-content\/uploads\/2019\/09\/Gintonic_drinks_versieren_lint_label_fleurig_zomer_laag-1-1024x1536.jpg 1024w, https:\/\/www.nominette.de\/blog\/wp-content\/uploads\/2019\/09\/Gintonic_drinks_versieren_lint_label_fleurig_zomer_laag-1-1365x2048.jpg 1365w, https:\/\/www.nominette.de\/blog\/wp-content\/uploads\/2019\/09\/Gintonic_drinks_versieren_lint_label_fleurig_zomer_laag-1-250x375.jpg 250w, https:\/\/www.nominette.de\/blog\/wp-content\/uploads\/2019\/09\/Gintonic_drinks_versieren_lint_label_fleurig_zomer_laag-1-800x1200.jpg 800w, https:\/\/www.nominette.de\/blog\/wp-content\/uploads\/2019\/09\/Gintonic_drinks_versieren_lint_label_fleurig_zomer_laag-1-120x180.jpg 120w, https:\/\/www.nominette.de\/blog\/wp-content\/uploads\/2019\/09\/Gintonic_drinks_versieren_lint_label_fleurig_zomer_laag-1-333x500.jpg 333w, https:\/\/www.nominette.de\/blog\/wp-content\/uploads\/2019\/09\/Gintonic_drinks_versieren_lint_label_fleurig_zomer_laag-1-scaled.jpg 1707w\" sizes=\"auto, (max-width: 550px) 100vw, 550px\" \/><\/figure>\n\n\n\n<h3 class=\"wp-block-heading\">LOS GEHT\u2018S<\/h3>\n\n\n\n<p>Wir lieben den Turnieren des Sommers und \u00fcberraschenderweise wollen wir alle gewinnen. Um dies die Teamkollegen sofort klar zu machen, kann man sie auf kreative und originelle Weise in die richtige Richtung lenken. Abgesehen von der Tatsache, dass es super sch\u00f6n und originell aussieht, kann jetzt nichts mehr schief gehen, oder?<\/p>\n\n\n\n<figure class=\"wp-block-image\"><img loading=\"lazy\" decoding=\"async\" width=\"550\" height=\"825\" src=\"https:\/\/www.nominette.de\/blog\/wp-content\/uploads\/2019\/09\/Hockeytoernooi_bandjes_winningteam_lint_label1_laag-550x825.jpg\" alt=\"Gewebenes Armband Sportevent\" class=\"wp-image-7352\" srcset=\"https:\/\/www.nominette.de\/blog\/wp-content\/uploads\/2019\/09\/Hockeytoernooi_bandjes_winningteam_lint_label1_laag-550x825.jpg 550w, https:\/\/www.nominette.de\/blog\/wp-content\/uploads\/2019\/09\/Hockeytoernooi_bandjes_winningteam_lint_label1_laag-200x300.jpg 200w, https:\/\/www.nominette.de\/blog\/wp-content\/uploads\/2019\/09\/Hockeytoernooi_bandjes_winningteam_lint_label1_laag-683x1024.jpg 683w, https:\/\/www.nominette.de\/blog\/wp-content\/uploads\/2019\/09\/Hockeytoernooi_bandjes_winningteam_lint_label1_laag-768x1152.jpg 768w, https:\/\/www.nominette.de\/blog\/wp-content\/uploads\/2019\/09\/Hockeytoernooi_bandjes_winningteam_lint_label1_laag-1024x1536.jpg 1024w, https:\/\/www.nominette.de\/blog\/wp-content\/uploads\/2019\/09\/Hockeytoernooi_bandjes_winningteam_lint_label1_laag-1365x2048.jpg 1365w, https:\/\/www.nominette.de\/blog\/wp-content\/uploads\/2019\/09\/Hockeytoernooi_bandjes_winningteam_lint_label1_laag-250x375.jpg 250w, https:\/\/www.nominette.de\/blog\/wp-content\/uploads\/2019\/09\/Hockeytoernooi_bandjes_winningteam_lint_label1_laag-800x1200.jpg 800w, https:\/\/www.nominette.de\/blog\/wp-content\/uploads\/2019\/09\/Hockeytoernooi_bandjes_winningteam_lint_label1_laag-120x180.jpg 120w, https:\/\/www.nominette.de\/blog\/wp-content\/uploads\/2019\/09\/Hockeytoernooi_bandjes_winningteam_lint_label1_laag-333x500.jpg 333w, https:\/\/www.nominette.de\/blog\/wp-content\/uploads\/2019\/09\/Hockeytoernooi_bandjes_winningteam_lint_label1_laag-scaled.jpg 1707w\" sizes=\"auto, (max-width: 550px) 100vw, 550px\" \/><figcaption><a href=\"https:\/\/www.nominette.de\/konzertbandchen\">https:\/\/www.nominette.de\/konzertbandchen<\/a><\/figcaption><\/figure>\n\n\n\n<h3 class=\"wp-block-heading\">SONNE, MEER UND SAND ZWISCHEN DEN ZEHEN<\/h3>\n\n\n\n<p>Ich kann nur sagen, mach schon! Abgesehen von der Tatsache, dass die Temperaturen dich nicht aufhalten, tut es dir gut. Ein Tag, an dem nichts n\u00f6tig ist und alles erlaubt ist, vor allem Entspannen. Hast du bereits eine Strandtasche oder m\u00f6chtest du lieber selbst anfangen? Mit einer selbst gefertigten Strandtasche hat man die M\u00f6glichkeit, diese selbst zu gestalten und kann man damit in alle kreativen Richtungen gehen. Mit einigen hellen und sonnigen Etiketten und deinem eigenen Logo oder einem coolen Text gibst du ihm einen zus\u00e4tzlichen Touch. Sch\u00f6n f\u00fcr dich selbst, aber auch als Geschenk.<\/p>\n\n\n\n<figure class=\"wp-block-image\"><img loading=\"lazy\" decoding=\"async\" width=\"550\" height=\"825\" src=\"https:\/\/www.nominette.de\/blog\/wp-content\/uploads\/2019\/09\/Beachday_strandtas_fleurig_nazomeren_label_logo_DIY_zelfgemaakt2_laag-2-550x825.jpg\" alt=\"Bekleidungsetikett \" class=\"wp-image-7356\" srcset=\"https:\/\/www.nominette.de\/blog\/wp-content\/uploads\/2019\/09\/Beachday_strandtas_fleurig_nazomeren_label_logo_DIY_zelfgemaakt2_laag-2-550x825.jpg 550w, https:\/\/www.nominette.de\/blog\/wp-content\/uploads\/2019\/09\/Beachday_strandtas_fleurig_nazomeren_label_logo_DIY_zelfgemaakt2_laag-2-200x300.jpg 200w, https:\/\/www.nominette.de\/blog\/wp-content\/uploads\/2019\/09\/Beachday_strandtas_fleurig_nazomeren_label_logo_DIY_zelfgemaakt2_laag-2-683x1024.jpg 683w, https:\/\/www.nominette.de\/blog\/wp-content\/uploads\/2019\/09\/Beachday_strandtas_fleurig_nazomeren_label_logo_DIY_zelfgemaakt2_laag-2-768x1152.jpg 768w, https:\/\/www.nominette.de\/blog\/wp-content\/uploads\/2019\/09\/Beachday_strandtas_fleurig_nazomeren_label_logo_DIY_zelfgemaakt2_laag-2-1024x1536.jpg 1024w, https:\/\/www.nominette.de\/blog\/wp-content\/uploads\/2019\/09\/Beachday_strandtas_fleurig_nazomeren_label_logo_DIY_zelfgemaakt2_laag-2-1365x2048.jpg 1365w, https:\/\/www.nominette.de\/blog\/wp-content\/uploads\/2019\/09\/Beachday_strandtas_fleurig_nazomeren_label_logo_DIY_zelfgemaakt2_laag-2-250x375.jpg 250w, https:\/\/www.nominette.de\/blog\/wp-content\/uploads\/2019\/09\/Beachday_strandtas_fleurig_nazomeren_label_logo_DIY_zelfgemaakt2_laag-2-800x1200.jpg 800w, https:\/\/www.nominette.de\/blog\/wp-content\/uploads\/2019\/09\/Beachday_strandtas_fleurig_nazomeren_label_logo_DIY_zelfgemaakt2_laag-2-120x180.jpg 120w, https:\/\/www.nominette.de\/blog\/wp-content\/uploads\/2019\/09\/Beachday_strandtas_fleurig_nazomeren_label_logo_DIY_zelfgemaakt2_laag-2-333x500.jpg 333w, https:\/\/www.nominette.de\/blog\/wp-content\/uploads\/2019\/09\/Beachday_strandtas_fleurig_nazomeren_label_logo_DIY_zelfgemaakt2_laag-2-scaled.jpg 1707w\" sizes=\"auto, (max-width: 550px) 100vw, 550px\" \/><figcaption><a href=\"https:\/\/www.nominette.de\/kleideretikett-25mm\">https:\/\/www.nominette.de\/kleideretikett-25mm<\/a><\/figcaption><\/figure>\n\n\n\n<p>Neugierig auf unsere Produkte? Schauen Sie sich  <br><a href=\"https:\/\/www.nominette.de\/\">https:\/\/www.nominette.de\/<\/a> <\/p>\n","protected":false},"excerpt":{"rendered":"<p>Obwohl die Sommerferien zu Ende sind, ist das sonnige Wetter ein Beweis daf\u00fcr, dass wir den Sommer immer noch genie\u00dfen k\u00f6nnen. Und wer sagt, dass wir nicht in der Lage sind, einen kleinen Kurztrip dazwischen zu planen &#8230; Wie einen Tag am Strand, einen sch\u00f6nen Spaziergang oder vielleicht einfach frische Getr\u00e4nke im Garten. DU STRAHLST&hellip;<\/p>\n","protected":false},"author":1,"featured_media":7360,"comment_status":"open","ping_status":"open","sticky":false,"template":"","format":"standard","meta":{"footnotes":""},"categories":[258,219,388,402,413],"tags":[],"class_list":["post-7343","post","type-post","status-publish","format-standard","has-post-thumbnail","hentry","category-essen-trinken","category-fest","category-couture","category-sommer","category-sport"],"yoast_head":"<!-- This site is optimized with the Yoast SEO plugin v24.7 - https:\/\/yoast.com\/wordpress\/plugins\/seo\/ -->\n<title>Im Sp\u00e4tsommer - Nominette<\/title>\n<meta name=\"robots\" content=\"index, follow, max-snippet:-1, max-image-preview:large, max-video-preview:-1\" \/>\n<link rel=\"canonical\" href=\"https:\/\/www.nominette.de\/blog\/fest\/im-spaetsommer\" \/>\n<meta property=\"og:locale\" content=\"de_DE\" \/>\n<meta property=\"og:type\" content=\"article\" \/>\n<meta property=\"og:title\" content=\"Im Sp\u00e4tsommer - Nominette\" \/>\n<meta property=\"og:description\" content=\"Obwohl die Sommerferien zu Ende sind, ist das sonnige Wetter ein Beweis daf\u00fcr, dass wir den Sommer immer noch genie\u00dfen k\u00f6nnen. Und wer sagt, dass wir nicht in der Lage sind, einen kleinen Kurztrip dazwischen zu planen &#8230; Wie einen Tag am Strand, einen sch\u00f6nen Spaziergang oder vielleicht einfach frische Getr\u00e4nke im Garten. DU STRAHLST&hellip;\" \/>\n<meta property=\"og:url\" content=\"https:\/\/www.nominette.de\/blog\/fest\/im-spaetsommer\" \/>\n<meta property=\"og:site_name\" content=\"Nominette\" \/>\n<meta property=\"article:publisher\" content=\"https:\/\/www.facebook.com\/Nominette\" \/>\n<meta property=\"article:published_time\" content=\"2019-09-13T07:23:36+00:00\" \/>\n<meta property=\"og:image\" content=\"https:\/\/www.nominette.com\/blog\/wp-content\/uploads\/2019\/09\/Gintonic_drinks_versieren_lint_label_fleurig_zomer_laag-2-scaled.jpg\" \/>\n\t<meta property=\"og:image:width\" content=\"1707\" \/>\n\t<meta property=\"og:image:height\" content=\"2560\" \/>\n\t<meta property=\"og:image:type\" content=\"image\/jpeg\" \/>\n<meta name=\"author\" content=\"Nominette\" \/>\n<meta name=\"twitter:card\" content=\"summary_large_image\" \/>\n<meta name=\"twitter:creator\" content=\"@nominette\" \/>\n<meta name=\"twitter:site\" content=\"@nominette\" \/>\n<meta name=\"twitter:label1\" content=\"Verfasst von\" \/>\n\t<meta name=\"twitter:data1\" content=\"Nominette\" \/>\n\t<meta name=\"twitter:label2\" content=\"Gesch\u00e4tzte Lesezeit\" \/>\n\t<meta name=\"twitter:data2\" content=\"2\u00a0Minuten\" \/>\n<script type=\"application\/ld+json\" class=\"yoast-schema-graph\">{\"@context\":\"https:\/\/schema.org\",\"@graph\":[{\"@type\":\"WebPage\",\"@id\":\"https:\/\/www.nominette.de\/blog\/fest\/im-spaetsommer\",\"url\":\"https:\/\/www.nominette.de\/blog\/fest\/im-spaetsommer\",\"name\":\"Im Sp\u00e4tsommer - Nominette\",\"isPartOf\":{\"@id\":\"https:\/\/www.nominette.de\/blog#website\"},\"primaryImageOfPage\":{\"@id\":\"https:\/\/www.nominette.de\/blog\/fest\/im-spaetsommer#primaryimage\"},\"image\":{\"@id\":\"https:\/\/www.nominette.de\/blog\/fest\/im-spaetsommer#primaryimage\"},\"thumbnailUrl\":\"https:\/\/www.nominette.de\/blog\/wp-content\/uploads\/2019\/09\/Gintonic_drinks_versieren_lint_label_fleurig_zomer_laag-2-scaled.jpg\",\"datePublished\":\"2019-09-13T07:23:36+00:00\",\"author\":{\"@id\":\"https:\/\/www.nominette.de\/blog#\/schema\/person\/365e9a7b5a80cfd63ce70841993dafc6\"},\"breadcrumb\":{\"@id\":\"https:\/\/www.nominette.de\/blog\/fest\/im-spaetsommer#breadcrumb\"},\"inLanguage\":\"de\",\"potentialAction\":[{\"@type\":\"ReadAction\",\"target\":[\"https:\/\/www.nominette.de\/blog\/fest\/im-spaetsommer\"]}]},{\"@type\":\"ImageObject\",\"inLanguage\":\"de\",\"@id\":\"https:\/\/www.nominette.de\/blog\/fest\/im-spaetsommer#primaryimage\",\"url\":\"https:\/\/www.nominette.de\/blog\/wp-content\/uploads\/2019\/09\/Gintonic_drinks_versieren_lint_label_fleurig_zomer_laag-2-scaled.jpg\",\"contentUrl\":\"https:\/\/www.nominette.de\/blog\/wp-content\/uploads\/2019\/09\/Gintonic_drinks_versieren_lint_label_fleurig_zomer_laag-2-scaled.jpg\",\"width\":1707,\"height\":2560},{\"@type\":\"BreadcrumbList\",\"@id\":\"https:\/\/www.nominette.de\/blog\/fest\/im-spaetsommer#breadcrumb\",\"itemListElement\":[{\"@type\":\"ListItem\",\"position\":1,\"name\":\"Home\",\"item\":\"https:\/\/www.nominette.de\/blog\"},{\"@type\":\"ListItem\",\"position\":2,\"name\":\"Im Sp\u00e4tsommer\"}]},{\"@type\":\"WebSite\",\"@id\":\"https:\/\/www.nominette.de\/blog#website\",\"url\":\"https:\/\/www.nominette.de\/blog\",\"name\":\"Nominette\",\"description\":\"gepersonaliseerde labels voor handgemaakte spulletjes\",\"potentialAction\":[{\"@type\":\"SearchAction\",\"target\":{\"@type\":\"EntryPoint\",\"urlTemplate\":\"https:\/\/www.nominette.de\/blog?s={search_term_string}\"},\"query-input\":{\"@type\":\"PropertyValueSpecification\",\"valueRequired\":true,\"valueName\":\"search_term_string\"}}],\"inLanguage\":\"de\"},{\"@type\":\"Person\",\"@id\":\"https:\/\/www.nominette.de\/blog#\/schema\/person\/365e9a7b5a80cfd63ce70841993dafc6\",\"name\":\"Nominette\",\"image\":{\"@type\":\"ImageObject\",\"inLanguage\":\"de\",\"@id\":\"https:\/\/www.nominette.de\/blog#\/schema\/person\/image\/\",\"url\":\"https:\/\/secure.gravatar.com\/avatar\/6ab92dc068d690f939e3a4dc1373a3030899b42a58fd9e031f614af68b9db652?s=96&d=mm&r=g\",\"contentUrl\":\"https:\/\/secure.gravatar.com\/avatar\/6ab92dc068d690f939e3a4dc1373a3030899b42a58fd9e031f614af68b9db652?s=96&d=mm&r=g\",\"caption\":\"Nominette\"},\"url\":\"https:\/\/www.nominette.de\/blog\/author\/nominette\"}]}<\/script>\n<!-- \/ Yoast SEO plugin. -->","yoast_head_json":{"title":"Im Sp\u00e4tsommer - Nominette","robots":{"index":"index","follow":"follow","max-snippet":"max-snippet:-1","max-image-preview":"max-image-preview:large","max-video-preview":"max-video-preview:-1"},"canonical":"https:\/\/www.nominette.de\/blog\/fest\/im-spaetsommer","og_locale":"de_DE","og_type":"article","og_title":"Im Sp\u00e4tsommer - Nominette","og_description":"Obwohl die Sommerferien zu Ende sind, ist das sonnige Wetter ein Beweis daf\u00fcr, dass wir den Sommer immer noch genie\u00dfen k\u00f6nnen. Und wer sagt, dass wir nicht in der Lage sind, einen kleinen Kurztrip dazwischen zu planen &#8230; Wie einen Tag am Strand, einen sch\u00f6nen Spaziergang oder vielleicht einfach frische Getr\u00e4nke im Garten. DU STRAHLST&hellip;","og_url":"https:\/\/www.nominette.de\/blog\/fest\/im-spaetsommer","og_site_name":"Nominette","article_publisher":"https:\/\/www.facebook.com\/Nominette","article_published_time":"2019-09-13T07:23:36+00:00","og_image":[{"width":1707,"height":2560,"url":"https:\/\/www.nominette.com\/blog\/wp-content\/uploads\/2019\/09\/Gintonic_drinks_versieren_lint_label_fleurig_zomer_laag-2-scaled.jpg","type":"image\/jpeg"}],"author":"Nominette","twitter_card":"summary_large_image","twitter_creator":"@nominette","twitter_site":"@nominette","twitter_misc":{"Verfasst von":"Nominette","Gesch\u00e4tzte Lesezeit":"2\u00a0Minuten"},"schema":{"@context":"https:\/\/schema.org","@graph":[{"@type":"WebPage","@id":"https:\/\/www.nominette.de\/blog\/fest\/im-spaetsommer","url":"https:\/\/www.nominette.de\/blog\/fest\/im-spaetsommer","name":"Im Sp\u00e4tsommer - Nominette","isPartOf":{"@id":"https:\/\/www.nominette.de\/blog#website"},"primaryImageOfPage":{"@id":"https:\/\/www.nominette.de\/blog\/fest\/im-spaetsommer#primaryimage"},"image":{"@id":"https:\/\/www.nominette.de\/blog\/fest\/im-spaetsommer#primaryimage"},"thumbnailUrl":"https:\/\/www.nominette.de\/blog\/wp-content\/uploads\/2019\/09\/Gintonic_drinks_versieren_lint_label_fleurig_zomer_laag-2-scaled.jpg","datePublished":"2019-09-13T07:23:36+00:00","author":{"@id":"https:\/\/www.nominette.de\/blog#\/schema\/person\/365e9a7b5a80cfd63ce70841993dafc6"},"breadcrumb":{"@id":"https:\/\/www.nominette.de\/blog\/fest\/im-spaetsommer#breadcrumb"},"inLanguage":"de","potentialAction":[{"@type":"ReadAction","target":["https:\/\/www.nominette.de\/blog\/fest\/im-spaetsommer"]}]},{"@type":"ImageObject","inLanguage":"de","@id":"https:\/\/www.nominette.de\/blog\/fest\/im-spaetsommer#primaryimage","url":"https:\/\/www.nominette.de\/blog\/wp-content\/uploads\/2019\/09\/Gintonic_drinks_versieren_lint_label_fleurig_zomer_laag-2-scaled.jpg","contentUrl":"https:\/\/www.nominette.de\/blog\/wp-content\/uploads\/2019\/09\/Gintonic_drinks_versieren_lint_label_fleurig_zomer_laag-2-scaled.jpg","width":1707,"height":2560},{"@type":"BreadcrumbList","@id":"https:\/\/www.nominette.de\/blog\/fest\/im-spaetsommer#breadcrumb","itemListElement":[{"@type":"ListItem","position":1,"name":"Home","item":"https:\/\/www.nominette.de\/blog"},{"@type":"ListItem","position":2,"name":"Im Sp\u00e4tsommer"}]},{"@type":"WebSite","@id":"https:\/\/www.nominette.de\/blog#website","url":"https:\/\/www.nominette.de\/blog","name":"Nominette","description":"gepersonaliseerde labels voor handgemaakte spulletjes","potentialAction":[{"@type":"SearchAction","target":{"@type":"EntryPoint","urlTemplate":"https:\/\/www.nominette.de\/blog?s={search_term_string}"},"query-input":{"@type":"PropertyValueSpecification","valueRequired":true,"valueName":"search_term_string"}}],"inLanguage":"de"},{"@type":"Person","@id":"https:\/\/www.nominette.de\/blog#\/schema\/person\/365e9a7b5a80cfd63ce70841993dafc6","name":"Nominette","image":{"@type":"ImageObject","inLanguage":"de","@id":"https:\/\/www.nominette.de\/blog#\/schema\/person\/image\/","url":"https:\/\/secure.gravatar.com\/avatar\/6ab92dc068d690f939e3a4dc1373a3030899b42a58fd9e031f614af68b9db652?s=96&d=mm&r=g","contentUrl":"https:\/\/secure.gravatar.com\/avatar\/6ab92dc068d690f939e3a4dc1373a3030899b42a58fd9e031f614af68b9db652?s=96&d=mm&r=g","caption":"Nominette"},"url":"https:\/\/www.nominette.de\/blog\/author\/nominette"}]}},"_links":{"self":[{"href":"https:\/\/www.nominette.de\/blog\/wp-json\/wp\/v2\/posts\/7343","targetHints":{"allow":["GET"]}}],"collection":[{"href":"https:\/\/www.nominette.de\/blog\/wp-json\/wp\/v2\/posts"}],"about":[{"href":"https:\/\/www.nominette.de\/blog\/wp-json\/wp\/v2\/types\/post"}],"author":[{"embeddable":true,"href":"https:\/\/www.nominette.de\/blog\/wp-json\/wp\/v2\/users\/1"}],"replies":[{"embeddable":true,"href":"https:\/\/www.nominette.de\/blog\/wp-json\/wp\/v2\/comments?post=7343"}],"version-history":[{"count":1,"href":"https:\/\/www.nominette.de\/blog\/wp-json\/wp\/v2\/posts\/7343\/revisions"}],"predecessor-version":[{"id":7364,"href":"https:\/\/www.nominette.de\/blog\/wp-json\/wp\/v2\/posts\/7343\/revisions\/7364"}],"wp:featuredmedia":[{"embeddable":true,"href":"https:\/\/www.nominette.de\/blog\/wp-json\/wp\/v2\/media\/7360"}],"wp:attachment":[{"href":"https:\/\/www.nominette.de\/blog\/wp-json\/wp\/v2\/media?parent=7343"}],"wp:term":[{"taxonomy":"category","embeddable":true,"href":"https:\/\/www.nominette.de\/blog\/wp-json\/wp\/v2\/categories?post=7343"},{"taxonomy":"post_tag","embeddable":true,"href":"https:\/\/www.nominette.de\/blog\/wp-json\/wp\/v2\/tags?post=7343"}],"curies":[{"name":"wp","href":"https:\/\/api.w.org\/{rel}","templated":true}]}}