{"id":7190,"date":"2019-08-15T10:28:15","date_gmt":"2019-08-15T09:28:15","guid":{"rendered":"https:\/\/www.nominette.com\/blog?p=7190"},"modified":"2019-08-15T13:12:54","modified_gmt":"2019-08-15T12:12:54","slug":"sommer-fieber","status":"publish","type":"post","link":"https:\/\/www.nominette.de\/blog\/haus-garten\/karten-bucher\/sommer-fieber","title":{"rendered":"SOMMER FIEBER"},"content":{"rendered":"\n<p>Ich wei\u00df nicht, wie ihr zur diese Aussage steht, aber wegen dieses erstaunlichen Wetters sp\u00fcren wir das Sommerfieber! Das kann nur eines bedeuten &#8230; Nun, eigentlich bedeutet es mehr als nur das. Denn jetzt k\u00f6nnen die Sommerkleider wieder aus dem Schrank gezogen werden und es ist Zeit drau\u00dfen auf der Terrasse zu sitzen, diesen einen coolen Beachclub oder vielleicht sogar einen sonnigen Urlaub zu verbringen. Wahrscheinlich sp\u00fcren Sie auch die Freude. Dies gibt uns einen guten Grund, euch zu zeigen, wie wir mit B\u00e4nder und Labels arbeiten, und uns von diesem wunderbaren Sommer inspirieren lassen.<\/p>\n\n\n\n<h3 class=\"wp-block-heading\">FESSELENDE B\u00dcCHER<\/h3>\n\n\n\n<p>Ich nehme an, du kennst dieses Gef\u00fchl &#8230; Du nimmst ein Buch mit in deinen Urlaub und nach ein paar Seiten kannst du es nicht mehr hinlegen. In diesem Fall gibt es nur einen Lebensretter. Ein sch\u00f6nes Lesezeichen !! Auf diese Weise m\u00fcsst ihr kein Kapitel, Zeile oder Wort \u00fcberspringen und k\u00f6nnt ihr dort weiterlesen, wo man aufgeh\u00f6rt habt. Mit fr\u00f6hlichen Farben und einem aufregenden Text wird deins noch mehr auffallen.<\/p>\n\n\n\n<figure class=\"wp-block-image\"><img loading=\"lazy\" decoding=\"async\" width=\"550\" height=\"825\" src=\"https:\/\/www.nominette.de\/blog\/wp-content\/uploads\/2019\/08\/Lint_label_boekenlegger_lezen_teks2t_laag-1-550x825.jpg\" alt=\"gewebtes band Lesezeichen\" class=\"wp-image-7123\" srcset=\"https:\/\/www.nominette.de\/blog\/wp-content\/uploads\/2019\/08\/Lint_label_boekenlegger_lezen_teks2t_laag-1-550x825.jpg 550w, https:\/\/www.nominette.de\/blog\/wp-content\/uploads\/2019\/08\/Lint_label_boekenlegger_lezen_teks2t_laag-1-200x300.jpg 200w, https:\/\/www.nominette.de\/blog\/wp-content\/uploads\/2019\/08\/Lint_label_boekenlegger_lezen_teks2t_laag-1-768x1152.jpg 768w, https:\/\/www.nominette.de\/blog\/wp-content\/uploads\/2019\/08\/Lint_label_boekenlegger_lezen_teks2t_laag-1-683x1024.jpg 683w, https:\/\/www.nominette.de\/blog\/wp-content\/uploads\/2019\/08\/Lint_label_boekenlegger_lezen_teks2t_laag-1-250x375.jpg 250w, https:\/\/www.nominette.de\/blog\/wp-content\/uploads\/2019\/08\/Lint_label_boekenlegger_lezen_teks2t_laag-1-800x1200.jpg 800w, https:\/\/www.nominette.de\/blog\/wp-content\/uploads\/2019\/08\/Lint_label_boekenlegger_lezen_teks2t_laag-1-120x180.jpg 120w, https:\/\/www.nominette.de\/blog\/wp-content\/uploads\/2019\/08\/Lint_label_boekenlegger_lezen_teks2t_laag-1-333x500.jpg 333w\" sizes=\"auto, (max-width: 550px) 100vw, 550px\" \/><\/figure>\n\n\n\n<h3 class=\"wp-block-heading\">SUMMER VIBES ONLY<\/h3>\n\n\n\n<p>Auf zum Strand? Der Park oder im Urlaub? Dann ziehen Sie das Strandtuch aus dem Schrank. Egal, ob man es selber gemacht hat oder ob man es gekauft hat, indem du ein Etikett mit einem Zitat oder einem Logo hinzuf\u00fcgst, wird dein Handtuch in der Masse rausstechen. Indem man fluoreszierende Farben hinzuf\u00fcgt, kannst du es noch sommerlicher gestalten!<\/p>\n\n\n\n<figure class=\"wp-block-image\"><img loading=\"lazy\" decoding=\"async\" width=\"550\" height=\"367\" src=\"https:\/\/www.nominette.de\/blog\/wp-content\/uploads\/2019\/07\/Lint_label_strandlaken_zomer_strand_logo1_laag-550x367.jpg\" alt=\"gewebtes Etiket Strandtuch\" class=\"wp-image-7074\" srcset=\"https:\/\/www.nominette.de\/blog\/wp-content\/uploads\/2019\/07\/Lint_label_strandlaken_zomer_strand_logo1_laag-550x367.jpg 550w, https:\/\/www.nominette.de\/blog\/wp-content\/uploads\/2019\/07\/Lint_label_strandlaken_zomer_strand_logo1_laag-300x200.jpg 300w, https:\/\/www.nominette.de\/blog\/wp-content\/uploads\/2019\/07\/Lint_label_strandlaken_zomer_strand_logo1_laag-768x512.jpg 768w, https:\/\/www.nominette.de\/blog\/wp-content\/uploads\/2019\/07\/Lint_label_strandlaken_zomer_strand_logo1_laag-1024x683.jpg 1024w, https:\/\/www.nominette.de\/blog\/wp-content\/uploads\/2019\/07\/Lint_label_strandlaken_zomer_strand_logo1_laag-250x167.jpg 250w, https:\/\/www.nominette.de\/blog\/wp-content\/uploads\/2019\/07\/Lint_label_strandlaken_zomer_strand_logo1_laag-800x533.jpg 800w, https:\/\/www.nominette.de\/blog\/wp-content\/uploads\/2019\/07\/Lint_label_strandlaken_zomer_strand_logo1_laag-270x180.jpg 270w, https:\/\/www.nominette.de\/blog\/wp-content\/uploads\/2019\/07\/Lint_label_strandlaken_zomer_strand_logo1_laag-450x300.jpg 450w, https:\/\/www.nominette.de\/blog\/wp-content\/uploads\/2019\/07\/Lint_label_strandlaken_zomer_strand_logo1_laag-750x500.jpg 750w\" sizes=\"auto, (max-width: 550px) 100vw, 550px\" \/><\/figure>\n\n\n\n<h3 class=\"wp-block-heading\">ENTSPANNUNG PUR<\/h3>\n\n\n\n<p>Mit euer Kleinen am Strand, aber trotzdem entspannen wollen? Mit einem SOS-Armband f\u00fchlt man sich viel wohler. Durch das Hinzuf\u00fcgen von sch\u00f6nen Symbolen (Sonne, Smiley, Herz) sieht es auch cool f\u00fcr die Kids aus!<\/p>\n\n\n\n<figure class=\"wp-block-image\"><img loading=\"lazy\" decoding=\"async\" width=\"550\" height=\"368\" src=\"https:\/\/www.nominette.de\/blog\/wp-content\/uploads\/2019\/07\/Lint_label_sosbandje_telefoonnummer_kinderen3_laag-1-550x368.jpg\" alt=\"SOS Armband Kind\" class=\"wp-image-7095\" srcset=\"https:\/\/www.nominette.de\/blog\/wp-content\/uploads\/2019\/07\/Lint_label_sosbandje_telefoonnummer_kinderen3_laag-1-550x368.jpg 550w, https:\/\/www.nominette.de\/blog\/wp-content\/uploads\/2019\/07\/Lint_label_sosbandje_telefoonnummer_kinderen3_laag-1-300x201.jpg 300w, https:\/\/www.nominette.de\/blog\/wp-content\/uploads\/2019\/07\/Lint_label_sosbandje_telefoonnummer_kinderen3_laag-1-768x514.jpg 768w, https:\/\/www.nominette.de\/blog\/wp-content\/uploads\/2019\/07\/Lint_label_sosbandje_telefoonnummer_kinderen3_laag-1-1024x686.jpg 1024w, https:\/\/www.nominette.de\/blog\/wp-content\/uploads\/2019\/07\/Lint_label_sosbandje_telefoonnummer_kinderen3_laag-1-250x167.jpg 250w, https:\/\/www.nominette.de\/blog\/wp-content\/uploads\/2019\/07\/Lint_label_sosbandje_telefoonnummer_kinderen3_laag-1-800x536.jpg 800w, https:\/\/www.nominette.de\/blog\/wp-content\/uploads\/2019\/07\/Lint_label_sosbandje_telefoonnummer_kinderen3_laag-1-269x180.jpg 269w, https:\/\/www.nominette.de\/blog\/wp-content\/uploads\/2019\/07\/Lint_label_sosbandje_telefoonnummer_kinderen3_laag-1-448x300.jpg 448w, https:\/\/www.nominette.de\/blog\/wp-content\/uploads\/2019\/07\/Lint_label_sosbandje_telefoonnummer_kinderen3_laag-1-747x500.jpg 747w\" sizes=\"auto, (max-width: 550px) 100vw, 550px\" \/><\/figure>\n\n\n\n<h3 class=\"wp-block-heading\">DRESS TO IMPRESS<\/h3>\n\n\n\n<p>Auch in diesem Urlaub sollte Ihr Lieblingsstrandkleid nicht fehlen. Mit einem sch\u00f6nen Kragen, Namen, Logo oder Zitat kann man daraus eine tolle Party mit fr\u00f6hlichen Farben machen. Oder mach es noch verspielter mit einer Zick-Zack-Schere oder einer Farbkombination aus Band und Faden. Genie\u00dfe das Wetter, die Sommerfarben und lass dich von der ganzen Sch\u00f6nheit dieser Saison \u00fcberraschen.<\/p>\n\n\n\n<figure class=\"wp-block-image\"><img loading=\"lazy\" decoding=\"async\" width=\"550\" height=\"367\" src=\"https:\/\/www.nominette.de\/blog\/wp-content\/uploads\/2019\/07\/Lint_label_zelfmaakmode_zomerjurk_bloemenprint_laag-550x367.jpg\" alt=\"Sommerkleid\" class=\"wp-image-7082\" srcset=\"https:\/\/www.nominette.de\/blog\/wp-content\/uploads\/2019\/07\/Lint_label_zelfmaakmode_zomerjurk_bloemenprint_laag-550x367.jpg 550w, https:\/\/www.nominette.de\/blog\/wp-content\/uploads\/2019\/07\/Lint_label_zelfmaakmode_zomerjurk_bloemenprint_laag-300x200.jpg 300w, https:\/\/www.nominette.de\/blog\/wp-content\/uploads\/2019\/07\/Lint_label_zelfmaakmode_zomerjurk_bloemenprint_laag-768x512.jpg 768w, https:\/\/www.nominette.de\/blog\/wp-content\/uploads\/2019\/07\/Lint_label_zelfmaakmode_zomerjurk_bloemenprint_laag-1024x683.jpg 1024w, https:\/\/www.nominette.de\/blog\/wp-content\/uploads\/2019\/07\/Lint_label_zelfmaakmode_zomerjurk_bloemenprint_laag-250x167.jpg 250w, https:\/\/www.nominette.de\/blog\/wp-content\/uploads\/2019\/07\/Lint_label_zelfmaakmode_zomerjurk_bloemenprint_laag-800x533.jpg 800w, https:\/\/www.nominette.de\/blog\/wp-content\/uploads\/2019\/07\/Lint_label_zelfmaakmode_zomerjurk_bloemenprint_laag-270x180.jpg 270w, https:\/\/www.nominette.de\/blog\/wp-content\/uploads\/2019\/07\/Lint_label_zelfmaakmode_zomerjurk_bloemenprint_laag-450x300.jpg 450w, https:\/\/www.nominette.de\/blog\/wp-content\/uploads\/2019\/07\/Lint_label_zelfmaakmode_zomerjurk_bloemenprint_laag-750x500.jpg 750w\" sizes=\"auto, (max-width: 550px) 100vw, 550px\" \/><\/figure>\n","protected":false},"excerpt":{"rendered":"<p>Ich wei\u00df nicht, wie ihr zur diese Aussage steht, aber wegen dieses erstaunlichen Wetters sp\u00fcren wir das Sommerfieber! Das kann nur eines bedeuten &#8230; Nun, eigentlich bedeutet es mehr als nur das. Denn jetzt k\u00f6nnen die Sommerkleider wieder aus dem Schrank gezogen werden und es ist Zeit drau\u00dfen auf der Terrasse zu sitzen, diesen einen&hellip;<\/p>\n","protected":false},"author":1,"featured_media":7192,"comment_status":"closed","ping_status":"closed","sticky":false,"template":"","format":"standard","meta":{"footnotes":""},"categories":[267,388,402,396],"tags":[],"class_list":["post-7190","post","type-post","status-publish","format-standard","has-post-thumbnail","hentry","category-karten-bucher","category-couture","category-sommer","category-urlaub"],"yoast_head":"<!-- This site is optimized with the Yoast SEO plugin v24.7 - https:\/\/yoast.com\/wordpress\/plugins\/seo\/ -->\n<title>SOMMER FIEBER - Nominette<\/title>\n<meta name=\"robots\" content=\"index, follow, max-snippet:-1, max-image-preview:large, max-video-preview:-1\" \/>\n<link rel=\"canonical\" href=\"https:\/\/www.nominette.de\/blog\/haus-garten\/karten-bucher\/sommer-fieber\" \/>\n<meta property=\"og:locale\" content=\"de_DE\" \/>\n<meta property=\"og:type\" content=\"article\" \/>\n<meta property=\"og:title\" content=\"SOMMER FIEBER - Nominette\" \/>\n<meta property=\"og:description\" content=\"Ich wei\u00df nicht, wie ihr zur diese Aussage steht, aber wegen dieses erstaunlichen Wetters sp\u00fcren wir das Sommerfieber! Das kann nur eines bedeuten &#8230; Nun, eigentlich bedeutet es mehr als nur das. Denn jetzt k\u00f6nnen die Sommerkleider wieder aus dem Schrank gezogen werden und es ist Zeit drau\u00dfen auf der Terrasse zu sitzen, diesen einen&hellip;\" \/>\n<meta property=\"og:url\" content=\"https:\/\/www.nominette.de\/blog\/haus-garten\/karten-bucher\/sommer-fieber\" \/>\n<meta property=\"og:site_name\" content=\"Nominette\" \/>\n<meta property=\"article:publisher\" content=\"https:\/\/www.facebook.com\/Nominette\" \/>\n<meta property=\"article:published_time\" content=\"2019-08-15T09:28:15+00:00\" \/>\n<meta property=\"article:modified_time\" content=\"2019-08-15T12:12:54+00:00\" \/>\n<meta property=\"og:image\" content=\"https:\/\/www.nominette.de\/blog\/wp-content\/uploads\/2019\/08\/Lint_label_strandlaken_zomer_strand_logo1_laag-scaled.jpg\" \/>\n\t<meta property=\"og:image:width\" content=\"2560\" \/>\n\t<meta property=\"og:image:height\" content=\"1707\" \/>\n\t<meta property=\"og:image:type\" content=\"image\/jpeg\" \/>\n<meta name=\"author\" content=\"Nominette\" \/>\n<meta name=\"twitter:card\" content=\"summary_large_image\" \/>\n<meta name=\"twitter:creator\" content=\"@nominette\" \/>\n<meta name=\"twitter:site\" content=\"@nominette\" \/>\n<meta name=\"twitter:label1\" content=\"Verfasst von\" \/>\n\t<meta name=\"twitter:data1\" content=\"Nominette\" \/>\n\t<meta name=\"twitter:label2\" content=\"Gesch\u00e4tzte Lesezeit\" \/>\n\t<meta name=\"twitter:data2\" content=\"2\u00a0Minuten\" \/>\n<script type=\"application\/ld+json\" class=\"yoast-schema-graph\">{\"@context\":\"https:\/\/schema.org\",\"@graph\":[{\"@type\":\"WebPage\",\"@id\":\"https:\/\/www.nominette.de\/blog\/haus-garten\/karten-bucher\/sommer-fieber\",\"url\":\"https:\/\/www.nominette.de\/blog\/haus-garten\/karten-bucher\/sommer-fieber\",\"name\":\"SOMMER FIEBER - Nominette\",\"isPartOf\":{\"@id\":\"https:\/\/www.nominette.de\/blog#website\"},\"primaryImageOfPage\":{\"@id\":\"https:\/\/www.nominette.de\/blog\/haus-garten\/karten-bucher\/sommer-fieber#primaryimage\"},\"image\":{\"@id\":\"https:\/\/www.nominette.de\/blog\/haus-garten\/karten-bucher\/sommer-fieber#primaryimage\"},\"thumbnailUrl\":\"https:\/\/www.nominette.de\/blog\/wp-content\/uploads\/2019\/08\/Lint_label_strandlaken_zomer_strand_logo1_laag-scaled.jpg\",\"datePublished\":\"2019-08-15T09:28:15+00:00\",\"dateModified\":\"2019-08-15T12:12:54+00:00\",\"author\":{\"@id\":\"https:\/\/www.nominette.de\/blog#\/schema\/person\/365e9a7b5a80cfd63ce70841993dafc6\"},\"breadcrumb\":{\"@id\":\"https:\/\/www.nominette.de\/blog\/haus-garten\/karten-bucher\/sommer-fieber#breadcrumb\"},\"inLanguage\":\"de\",\"potentialAction\":[{\"@type\":\"ReadAction\",\"target\":[\"https:\/\/www.nominette.de\/blog\/haus-garten\/karten-bucher\/sommer-fieber\"]}]},{\"@type\":\"ImageObject\",\"inLanguage\":\"de\",\"@id\":\"https:\/\/www.nominette.de\/blog\/haus-garten\/karten-bucher\/sommer-fieber#primaryimage\",\"url\":\"https:\/\/www.nominette.de\/blog\/wp-content\/uploads\/2019\/08\/Lint_label_strandlaken_zomer_strand_logo1_laag-scaled.jpg\",\"contentUrl\":\"https:\/\/www.nominette.de\/blog\/wp-content\/uploads\/2019\/08\/Lint_label_strandlaken_zomer_strand_logo1_laag-scaled.jpg\",\"width\":2560,\"height\":1707,\"caption\":\"personalisiertes Strandtuch\"},{\"@type\":\"BreadcrumbList\",\"@id\":\"https:\/\/www.nominette.de\/blog\/haus-garten\/karten-bucher\/sommer-fieber#breadcrumb\",\"itemListElement\":[{\"@type\":\"ListItem\",\"position\":1,\"name\":\"Home\",\"item\":\"https:\/\/www.nominette.de\/blog\"},{\"@type\":\"ListItem\",\"position\":2,\"name\":\"SOMMER FIEBER\"}]},{\"@type\":\"WebSite\",\"@id\":\"https:\/\/www.nominette.de\/blog#website\",\"url\":\"https:\/\/www.nominette.de\/blog\",\"name\":\"Nominette\",\"description\":\"gepersonaliseerde labels voor handgemaakte spulletjes\",\"potentialAction\":[{\"@type\":\"SearchAction\",\"target\":{\"@type\":\"EntryPoint\",\"urlTemplate\":\"https:\/\/www.nominette.de\/blog?s={search_term_string}\"},\"query-input\":{\"@type\":\"PropertyValueSpecification\",\"valueRequired\":true,\"valueName\":\"search_term_string\"}}],\"inLanguage\":\"de\"},{\"@type\":\"Person\",\"@id\":\"https:\/\/www.nominette.de\/blog#\/schema\/person\/365e9a7b5a80cfd63ce70841993dafc6\",\"name\":\"Nominette\",\"image\":{\"@type\":\"ImageObject\",\"inLanguage\":\"de\",\"@id\":\"https:\/\/www.nominette.de\/blog#\/schema\/person\/image\/\",\"url\":\"https:\/\/secure.gravatar.com\/avatar\/6ab92dc068d690f939e3a4dc1373a3030899b42a58fd9e031f614af68b9db652?s=96&d=mm&r=g\",\"contentUrl\":\"https:\/\/secure.gravatar.com\/avatar\/6ab92dc068d690f939e3a4dc1373a3030899b42a58fd9e031f614af68b9db652?s=96&d=mm&r=g\",\"caption\":\"Nominette\"},\"url\":\"https:\/\/www.nominette.de\/blog\/author\/nominette\"}]}<\/script>\n<!-- \/ Yoast SEO plugin. -->","yoast_head_json":{"title":"SOMMER FIEBER - Nominette","robots":{"index":"index","follow":"follow","max-snippet":"max-snippet:-1","max-image-preview":"max-image-preview:large","max-video-preview":"max-video-preview:-1"},"canonical":"https:\/\/www.nominette.de\/blog\/haus-garten\/karten-bucher\/sommer-fieber","og_locale":"de_DE","og_type":"article","og_title":"SOMMER FIEBER - Nominette","og_description":"Ich wei\u00df nicht, wie ihr zur diese Aussage steht, aber wegen dieses erstaunlichen Wetters sp\u00fcren wir das Sommerfieber! Das kann nur eines bedeuten &#8230; Nun, eigentlich bedeutet es mehr als nur das. Denn jetzt k\u00f6nnen die Sommerkleider wieder aus dem Schrank gezogen werden und es ist Zeit drau\u00dfen auf der Terrasse zu sitzen, diesen einen&hellip;","og_url":"https:\/\/www.nominette.de\/blog\/haus-garten\/karten-bucher\/sommer-fieber","og_site_name":"Nominette","article_publisher":"https:\/\/www.facebook.com\/Nominette","article_published_time":"2019-08-15T09:28:15+00:00","article_modified_time":"2019-08-15T12:12:54+00:00","og_image":[{"width":2560,"height":1707,"url":"https:\/\/www.nominette.de\/blog\/wp-content\/uploads\/2019\/08\/Lint_label_strandlaken_zomer_strand_logo1_laag-scaled.jpg","type":"image\/jpeg"}],"author":"Nominette","twitter_card":"summary_large_image","twitter_creator":"@nominette","twitter_site":"@nominette","twitter_misc":{"Verfasst von":"Nominette","Gesch\u00e4tzte Lesezeit":"2\u00a0Minuten"},"schema":{"@context":"https:\/\/schema.org","@graph":[{"@type":"WebPage","@id":"https:\/\/www.nominette.de\/blog\/haus-garten\/karten-bucher\/sommer-fieber","url":"https:\/\/www.nominette.de\/blog\/haus-garten\/karten-bucher\/sommer-fieber","name":"SOMMER FIEBER - Nominette","isPartOf":{"@id":"https:\/\/www.nominette.de\/blog#website"},"primaryImageOfPage":{"@id":"https:\/\/www.nominette.de\/blog\/haus-garten\/karten-bucher\/sommer-fieber#primaryimage"},"image":{"@id":"https:\/\/www.nominette.de\/blog\/haus-garten\/karten-bucher\/sommer-fieber#primaryimage"},"thumbnailUrl":"https:\/\/www.nominette.de\/blog\/wp-content\/uploads\/2019\/08\/Lint_label_strandlaken_zomer_strand_logo1_laag-scaled.jpg","datePublished":"2019-08-15T09:28:15+00:00","dateModified":"2019-08-15T12:12:54+00:00","author":{"@id":"https:\/\/www.nominette.de\/blog#\/schema\/person\/365e9a7b5a80cfd63ce70841993dafc6"},"breadcrumb":{"@id":"https:\/\/www.nominette.de\/blog\/haus-garten\/karten-bucher\/sommer-fieber#breadcrumb"},"inLanguage":"de","potentialAction":[{"@type":"ReadAction","target":["https:\/\/www.nominette.de\/blog\/haus-garten\/karten-bucher\/sommer-fieber"]}]},{"@type":"ImageObject","inLanguage":"de","@id":"https:\/\/www.nominette.de\/blog\/haus-garten\/karten-bucher\/sommer-fieber#primaryimage","url":"https:\/\/www.nominette.de\/blog\/wp-content\/uploads\/2019\/08\/Lint_label_strandlaken_zomer_strand_logo1_laag-scaled.jpg","contentUrl":"https:\/\/www.nominette.de\/blog\/wp-content\/uploads\/2019\/08\/Lint_label_strandlaken_zomer_strand_logo1_laag-scaled.jpg","width":2560,"height":1707,"caption":"personalisiertes Strandtuch"},{"@type":"BreadcrumbList","@id":"https:\/\/www.nominette.de\/blog\/haus-garten\/karten-bucher\/sommer-fieber#breadcrumb","itemListElement":[{"@type":"ListItem","position":1,"name":"Home","item":"https:\/\/www.nominette.de\/blog"},{"@type":"ListItem","position":2,"name":"SOMMER FIEBER"}]},{"@type":"WebSite","@id":"https:\/\/www.nominette.de\/blog#website","url":"https:\/\/www.nominette.de\/blog","name":"Nominette","description":"gepersonaliseerde labels voor handgemaakte spulletjes","potentialAction":[{"@type":"SearchAction","target":{"@type":"EntryPoint","urlTemplate":"https:\/\/www.nominette.de\/blog?s={search_term_string}"},"query-input":{"@type":"PropertyValueSpecification","valueRequired":true,"valueName":"search_term_string"}}],"inLanguage":"de"},{"@type":"Person","@id":"https:\/\/www.nominette.de\/blog#\/schema\/person\/365e9a7b5a80cfd63ce70841993dafc6","name":"Nominette","image":{"@type":"ImageObject","inLanguage":"de","@id":"https:\/\/www.nominette.de\/blog#\/schema\/person\/image\/","url":"https:\/\/secure.gravatar.com\/avatar\/6ab92dc068d690f939e3a4dc1373a3030899b42a58fd9e031f614af68b9db652?s=96&d=mm&r=g","contentUrl":"https:\/\/secure.gravatar.com\/avatar\/6ab92dc068d690f939e3a4dc1373a3030899b42a58fd9e031f614af68b9db652?s=96&d=mm&r=g","caption":"Nominette"},"url":"https:\/\/www.nominette.de\/blog\/author\/nominette"}]}},"_links":{"self":[{"href":"https:\/\/www.nominette.de\/blog\/wp-json\/wp\/v2\/posts\/7190","targetHints":{"allow":["GET"]}}],"collection":[{"href":"https:\/\/www.nominette.de\/blog\/wp-json\/wp\/v2\/posts"}],"about":[{"href":"https:\/\/www.nominette.de\/blog\/wp-json\/wp\/v2\/types\/post"}],"author":[{"embeddable":true,"href":"https:\/\/www.nominette.de\/blog\/wp-json\/wp\/v2\/users\/1"}],"replies":[{"embeddable":true,"href":"https:\/\/www.nominette.de\/blog\/wp-json\/wp\/v2\/comments?post=7190"}],"version-history":[{"count":5,"href":"https:\/\/www.nominette.de\/blog\/wp-json\/wp\/v2\/posts\/7190\/revisions"}],"predecessor-version":[{"id":7199,"href":"https:\/\/www.nominette.de\/blog\/wp-json\/wp\/v2\/posts\/7190\/revisions\/7199"}],"wp:featuredmedia":[{"embeddable":true,"href":"https:\/\/www.nominette.de\/blog\/wp-json\/wp\/v2\/media\/7192"}],"wp:attachment":[{"href":"https:\/\/www.nominette.de\/blog\/wp-json\/wp\/v2\/media?parent=7190"}],"wp:term":[{"taxonomy":"category","embeddable":true,"href":"https:\/\/www.nominette.de\/blog\/wp-json\/wp\/v2\/categories?post=7190"},{"taxonomy":"post_tag","embeddable":true,"href":"https:\/\/www.nominette.de\/blog\/wp-json\/wp\/v2\/tags?post=7190"}],"curies":[{"name":"wp","href":"https:\/\/api.w.org\/{rel}","templated":true}]}}