{"id":6629,"date":"2019-04-23T12:38:08","date_gmt":"2019-04-23T11:38:08","guid":{"rendered":"https:\/\/www.nominette.com\/blog\/?p=6629"},"modified":"2019-04-25T13:18:59","modified_gmt":"2019-04-25T12:18:59","slug":"zeit-fuer-die-kommunion","status":"publish","type":"post","link":"https:\/\/www.nominette.de\/blog\/unkategorisiert\/zeit-fuer-die-kommunion","title":{"rendered":"Zeit f\u00fcr die Kommunion"},"content":{"rendered":"\n<p>Hast du einen Kommunikanten zu Hause? Wir kennen das Gef\u00fchl. An einem sch\u00f6nen Sonntagmorgen ist es dann soweit. Der Tag auf dem Ihre Kind lange gewartet hat: \u201cDie erste Kommunion\u201d. Zus\u00e4tzlich zu den Vorbereitungen, werden am Morgen die letzte Details genau abgestimmt, damit alles glatt l\u00e4uft und gut aussieht. Der Moment, in dem Ihr Kind gl\u00e4nzen kann, ist die Zeit in der Sie sie ins Rampenlicht stellen.<\/p>\n\n\n\n<figure class=\"wp-block-image is-resized\"><img decoding=\"async\" src=\"https:\/\/www.nominette.nl\/blog\/wp-content\/uploads\/2019\/04\/Polsbandje_uitnodigen_invited_lintjes_labels1_laag-1024x683.jpg\" alt=\"Eine gewebte Einladung\" class=\"wp-image-6590\" width=\"600\" srcset=\"https:\/\/www.nominette.de\/blog\/wp-content\/uploads\/2019\/04\/Polsbandje_uitnodigen_invited_lintjes_labels1_laag-1024x683.jpg 1024w, https:\/\/www.nominette.de\/blog\/wp-content\/uploads\/2019\/04\/Polsbandje_uitnodigen_invited_lintjes_labels1_laag-300x200.jpg 300w, https:\/\/www.nominette.de\/blog\/wp-content\/uploads\/2019\/04\/Polsbandje_uitnodigen_invited_lintjes_labels1_laag-768x512.jpg 768w, https:\/\/www.nominette.de\/blog\/wp-content\/uploads\/2019\/04\/Polsbandje_uitnodigen_invited_lintjes_labels1_laag-250x167.jpg 250w, https:\/\/www.nominette.de\/blog\/wp-content\/uploads\/2019\/04\/Polsbandje_uitnodigen_invited_lintjes_labels1_laag-550x367.jpg 550w, https:\/\/www.nominette.de\/blog\/wp-content\/uploads\/2019\/04\/Polsbandje_uitnodigen_invited_lintjes_labels1_laag-800x533.jpg 800w, https:\/\/www.nominette.de\/blog\/wp-content\/uploads\/2019\/04\/Polsbandje_uitnodigen_invited_lintjes_labels1_laag-270x180.jpg 270w, https:\/\/www.nominette.de\/blog\/wp-content\/uploads\/2019\/04\/Polsbandje_uitnodigen_invited_lintjes_labels1_laag-450x300.jpg 450w, https:\/\/www.nominette.de\/blog\/wp-content\/uploads\/2019\/04\/Polsbandje_uitnodigen_invited_lintjes_labels1_laag-750x500.jpg 750w\" sizes=\"(max-width: 1024px) 100vw, 1024px\" \/><\/figure>\n\n\n\n<p>Hallo Freunde und\nFamilie\u2026<\/p>\n\n\n\n<p>Egal ob Sie ein Getr\u00e4nk, ein Abendessen oder eine Party organisiert haben, mit einer einzigartigen Einladung k\u00f6nnen Sie alles ganz besonders und pers\u00f6nlich gestalten. Ist es nicht viel sch\u00f6ner, eine Einladung per Post zu erhalten, statt eine unpers\u00f6nliche E-Mail? Sie k\u00f6nnten zu dem Brief sogar ein Armband mit einem sch\u00f6nen Text hinzuf\u00fcgen. Wer w\u00fcrde das denn vergessen? <a href=\"https:\/\/www.nominette.de\/direkt-bestellen-konzertbandchen\">https:\/\/www.nominette.de\/direkt-bestellen-konzertbandchen<\/a><\/p>\n\n\n\n<h2 class=\"wp-block-heading\">Dieser besondere Moment<\/h2>\n\n\n\n<p>Die erste Teilnahme an der Eucharistie findet w\u00e4hrend der Erstkommunion statt. Von nun an k\u00f6nnen die Kommunikanten auch den Leib Christi empfangen. Ein sehr aufregender Moment! Machen Sie daher an diesem besonderen Tag alle Elemente etwas festlicher und einzigartiger. Dies gilt auch f\u00fcr die Kerze, die sie w\u00e4hrend der Kommunion erhalten. .<a href=\"https:\/\/www.nominette.de\/direkt-bestellen-textband\">https:\/\/www.nominette.de\/direkt-bestellen-textband<\/a><\/p>\n\n\n\n<figure class=\"wp-block-image is-resized\"><img loading=\"lazy\" decoding=\"async\" src=\"https:\/\/www.nominette.nl\/blog\/wp-content\/uploads\/2019\/04\/Communie_kaars_lintjes_labels4-683x1024.jpg\" alt=\"\" class=\"wp-image-6538\" width=\"512\" height=\"768\" srcset=\"https:\/\/www.nominette.de\/blog\/wp-content\/uploads\/2019\/04\/Communie_kaars_lintjes_labels4-683x1024.jpg 683w, https:\/\/www.nominette.de\/blog\/wp-content\/uploads\/2019\/04\/Communie_kaars_lintjes_labels4-200x300.jpg 200w, https:\/\/www.nominette.de\/blog\/wp-content\/uploads\/2019\/04\/Communie_kaars_lintjes_labels4-768x1152.jpg 768w, https:\/\/www.nominette.de\/blog\/wp-content\/uploads\/2019\/04\/Communie_kaars_lintjes_labels4-250x375.jpg 250w, https:\/\/www.nominette.de\/blog\/wp-content\/uploads\/2019\/04\/Communie_kaars_lintjes_labels4-550x825.jpg 550w, https:\/\/www.nominette.de\/blog\/wp-content\/uploads\/2019\/04\/Communie_kaars_lintjes_labels4-800x1200.jpg 800w, https:\/\/www.nominette.de\/blog\/wp-content\/uploads\/2019\/04\/Communie_kaars_lintjes_labels4-120x180.jpg 120w, https:\/\/www.nominette.de\/blog\/wp-content\/uploads\/2019\/04\/Communie_kaars_lintjes_labels4-333x500.jpg 333w\" sizes=\"auto, (max-width: 512px) 100vw, 512px\" \/><\/figure>\n\n\n\n<h2 class=\"wp-block-heading\">Zu sch\u00f6n zum Auspacken<\/h2>\n\n\n\n<p>Und vergessen wir nicht\ndie Geschenke die ausgepackt werden d\u00fcrfen. Haben Sie schon ein tolles Geschenk\ngefunden? Packen Sie es besonders sch\u00f6n ein, damit die Augen sich direkt auf\ndas Geschenk fokussieren werden. Durch das Hinzuf\u00fcgen eines sch\u00f6nen Bandes mit\neinem einzigartigen Text wird es pers\u00f6nlicher und das Band erh\u00e4lt nach dem\nAuspacken m\u00f6glicherweise einen neuen Platz!<\/p>\n\n\n\n<figure class=\"wp-block-image is-resized\"><img loading=\"lazy\" decoding=\"async\" src=\"https:\/\/www.nominette.nl\/blog\/wp-content\/uploads\/2019\/04\/Communie_cadeautjes_inpakken_lintjes_labels2-1024x737.jpg\" alt=\"\" class=\"wp-image-6494\" width=\"512\" height=\"369\"\/><\/figure>\n\n\n\n<h2 class=\"wp-block-heading\">Lass uns essen!<\/h2>\n\n\n\n<p>Gibt es leckere Snacks\nauf dem Tisch oder erhalten die G\u00e4ste ein herrliches St\u00fcck Kuchen? Warum\ndekorieren Sie die H\u00e4ppchen nicht mit lustigen Spie\u00dfchen, die Sie selbst\ngebastelt haben. Am einfachsten ist es, die B\u00e4nder auf die Spie\u00dfe zu kleben und\nsie auf einer Zeitung trocknen zu lassen. Viel Spa\u00df!<\/p>\n\n\n\n<figure class=\"wp-block-image is-resized\"><img loading=\"lazy\" decoding=\"async\" src=\"https:\/\/www.nominette.nl\/blog\/wp-content\/uploads\/2019\/04\/Gebak_decoratie_communie_lintjes_label4_laag-706x1024.jpg\" alt=\"\" class=\"wp-image-6574\" width=\"530\" height=\"768\" srcset=\"https:\/\/www.nominette.de\/blog\/wp-content\/uploads\/2019\/04\/Gebak_decoratie_communie_lintjes_label4_laag-706x1024.jpg 706w, https:\/\/www.nominette.de\/blog\/wp-content\/uploads\/2019\/04\/Gebak_decoratie_communie_lintjes_label4_laag-207x300.jpg 207w, https:\/\/www.nominette.de\/blog\/wp-content\/uploads\/2019\/04\/Gebak_decoratie_communie_lintjes_label4_laag-768x1114.jpg 768w, https:\/\/www.nominette.de\/blog\/wp-content\/uploads\/2019\/04\/Gebak_decoratie_communie_lintjes_label4_laag-250x363.jpg 250w, https:\/\/www.nominette.de\/blog\/wp-content\/uploads\/2019\/04\/Gebak_decoratie_communie_lintjes_label4_laag-550x798.jpg 550w, https:\/\/www.nominette.de\/blog\/wp-content\/uploads\/2019\/04\/Gebak_decoratie_communie_lintjes_label4_laag-800x1160.jpg 800w, https:\/\/www.nominette.de\/blog\/wp-content\/uploads\/2019\/04\/Gebak_decoratie_communie_lintjes_label4_laag-124x180.jpg 124w, https:\/\/www.nominette.de\/blog\/wp-content\/uploads\/2019\/04\/Gebak_decoratie_communie_lintjes_label4_laag-345x500.jpg 345w\" sizes=\"auto, (max-width: 530px) 100vw, 530px\" \/><\/figure>\n","protected":false},"excerpt":{"rendered":"<p>Hast du einen Kommunikanten zu Hause? Wir kennen das Gef\u00fchl. An einem sch\u00f6nen Sonntagmorgen ist es dann soweit. Der Tag auf dem Ihre Kind lange gewartet hat: \u201cDie erste Kommunion\u201d. Zus\u00e4tzlich zu den Vorbereitungen, werden am Morgen die letzte Details genau abgestimmt, damit alles glatt l\u00e4uft und gut aussieht. Der Moment, in dem Ihr Kind&hellip;<\/p>\n","protected":false},"author":1,"featured_media":6790,"comment_status":"closed","ping_status":"closed","sticky":false,"template":"","format":"standard","meta":{"footnotes":""},"categories":[270,211],"tags":[],"class_list":["post-6629","post","type-post","status-publish","format-standard","has-post-thumbnail","hentry","category-taufe-kommunion-firmung","category-unkategorisiert"],"yoast_head":"<!-- This site is optimized with the Yoast SEO plugin v24.7 - https:\/\/yoast.com\/wordpress\/plugins\/seo\/ -->\n<title>Zeit f\u00fcr die Kommunion - Nominette<\/title>\n<meta name=\"robots\" content=\"index, follow, max-snippet:-1, max-image-preview:large, max-video-preview:-1\" \/>\n<link rel=\"canonical\" href=\"https:\/\/www.nominette.de\/blog\/unkategorisiert\/zeit-fuer-die-kommunion\" \/>\n<meta property=\"og:locale\" content=\"de_DE\" \/>\n<meta property=\"og:type\" content=\"article\" \/>\n<meta property=\"og:title\" content=\"Zeit f\u00fcr die Kommunion - Nominette\" \/>\n<meta property=\"og:description\" content=\"Hast du einen Kommunikanten zu Hause? Wir kennen das Gef\u00fchl. An einem sch\u00f6nen Sonntagmorgen ist es dann soweit. Der Tag auf dem Ihre Kind lange gewartet hat: \u201cDie erste Kommunion\u201d. Zus\u00e4tzlich zu den Vorbereitungen, werden am Morgen die letzte Details genau abgestimmt, damit alles glatt l\u00e4uft und gut aussieht. Der Moment, in dem Ihr Kind&hellip;\" \/>\n<meta property=\"og:url\" content=\"https:\/\/www.nominette.de\/blog\/unkategorisiert\/zeit-fuer-die-kommunion\" \/>\n<meta property=\"og:site_name\" content=\"Nominette\" \/>\n<meta property=\"article:publisher\" content=\"https:\/\/www.facebook.com\/Nominette\" \/>\n<meta property=\"article:published_time\" content=\"2019-04-23T11:38:08+00:00\" \/>\n<meta property=\"article:modified_time\" content=\"2019-04-25T12:18:59+00:00\" \/>\n<meta property=\"og:image\" content=\"https:\/\/www.nominette.de\/blog\/wp-content\/uploads\/2019\/04\/Polsbandje_uitnodigen_invited_lintjes_labels1_laag-e1556018227282-1.jpg\" \/>\n\t<meta property=\"og:image:width\" content=\"600\" \/>\n\t<meta property=\"og:image:height\" content=\"400\" \/>\n\t<meta property=\"og:image:type\" content=\"image\/jpeg\" \/>\n<meta name=\"author\" content=\"Nominette\" \/>\n<meta name=\"twitter:card\" content=\"summary_large_image\" \/>\n<meta name=\"twitter:creator\" content=\"@nominette\" \/>\n<meta name=\"twitter:site\" content=\"@nominette\" \/>\n<meta name=\"twitter:label1\" content=\"Verfasst von\" \/>\n\t<meta name=\"twitter:data1\" content=\"Nominette\" \/>\n\t<meta name=\"twitter:label2\" content=\"Gesch\u00e4tzte Lesezeit\" \/>\n\t<meta name=\"twitter:data2\" content=\"2\u00a0Minuten\" \/>\n<script type=\"application\/ld+json\" class=\"yoast-schema-graph\">{\"@context\":\"https:\/\/schema.org\",\"@graph\":[{\"@type\":\"WebPage\",\"@id\":\"https:\/\/www.nominette.de\/blog\/unkategorisiert\/zeit-fuer-die-kommunion\",\"url\":\"https:\/\/www.nominette.de\/blog\/unkategorisiert\/zeit-fuer-die-kommunion\",\"name\":\"Zeit f\u00fcr die Kommunion - Nominette\",\"isPartOf\":{\"@id\":\"https:\/\/www.nominette.de\/blog#website\"},\"primaryImageOfPage\":{\"@id\":\"https:\/\/www.nominette.de\/blog\/unkategorisiert\/zeit-fuer-die-kommunion#primaryimage\"},\"image\":{\"@id\":\"https:\/\/www.nominette.de\/blog\/unkategorisiert\/zeit-fuer-die-kommunion#primaryimage\"},\"thumbnailUrl\":\"https:\/\/www.nominette.de\/blog\/wp-content\/uploads\/2019\/04\/Polsbandje_uitnodigen_invited_lintjes_labels1_laag-e1556018227282-1.jpg\",\"datePublished\":\"2019-04-23T11:38:08+00:00\",\"dateModified\":\"2019-04-25T12:18:59+00:00\",\"author\":{\"@id\":\"https:\/\/www.nominette.de\/blog#\/schema\/person\/365e9a7b5a80cfd63ce70841993dafc6\"},\"breadcrumb\":{\"@id\":\"https:\/\/www.nominette.de\/blog\/unkategorisiert\/zeit-fuer-die-kommunion#breadcrumb\"},\"inLanguage\":\"de\",\"potentialAction\":[{\"@type\":\"ReadAction\",\"target\":[\"https:\/\/www.nominette.de\/blog\/unkategorisiert\/zeit-fuer-die-kommunion\"]}]},{\"@type\":\"ImageObject\",\"inLanguage\":\"de\",\"@id\":\"https:\/\/www.nominette.de\/blog\/unkategorisiert\/zeit-fuer-die-kommunion#primaryimage\",\"url\":\"https:\/\/www.nominette.de\/blog\/wp-content\/uploads\/2019\/04\/Polsbandje_uitnodigen_invited_lintjes_labels1_laag-e1556018227282-1.jpg\",\"contentUrl\":\"https:\/\/www.nominette.de\/blog\/wp-content\/uploads\/2019\/04\/Polsbandje_uitnodigen_invited_lintjes_labels1_laag-e1556018227282-1.jpg\",\"width\":600,\"height\":400},{\"@type\":\"BreadcrumbList\",\"@id\":\"https:\/\/www.nominette.de\/blog\/unkategorisiert\/zeit-fuer-die-kommunion#breadcrumb\",\"itemListElement\":[{\"@type\":\"ListItem\",\"position\":1,\"name\":\"Home\",\"item\":\"https:\/\/www.nominette.de\/blog\"},{\"@type\":\"ListItem\",\"position\":2,\"name\":\"Zeit f\u00fcr die Kommunion\"}]},{\"@type\":\"WebSite\",\"@id\":\"https:\/\/www.nominette.de\/blog#website\",\"url\":\"https:\/\/www.nominette.de\/blog\",\"name\":\"Nominette\",\"description\":\"gepersonaliseerde labels voor handgemaakte spulletjes\",\"potentialAction\":[{\"@type\":\"SearchAction\",\"target\":{\"@type\":\"EntryPoint\",\"urlTemplate\":\"https:\/\/www.nominette.de\/blog?s={search_term_string}\"},\"query-input\":{\"@type\":\"PropertyValueSpecification\",\"valueRequired\":true,\"valueName\":\"search_term_string\"}}],\"inLanguage\":\"de\"},{\"@type\":\"Person\",\"@id\":\"https:\/\/www.nominette.de\/blog#\/schema\/person\/365e9a7b5a80cfd63ce70841993dafc6\",\"name\":\"Nominette\",\"image\":{\"@type\":\"ImageObject\",\"inLanguage\":\"de\",\"@id\":\"https:\/\/www.nominette.de\/blog#\/schema\/person\/image\/\",\"url\":\"https:\/\/secure.gravatar.com\/avatar\/6ab92dc068d690f939e3a4dc1373a3030899b42a58fd9e031f614af68b9db652?s=96&d=mm&r=g\",\"contentUrl\":\"https:\/\/secure.gravatar.com\/avatar\/6ab92dc068d690f939e3a4dc1373a3030899b42a58fd9e031f614af68b9db652?s=96&d=mm&r=g\",\"caption\":\"Nominette\"},\"url\":\"https:\/\/www.nominette.de\/blog\/author\/nominette\"}]}<\/script>\n<!-- \/ Yoast SEO plugin. -->","yoast_head_json":{"title":"Zeit f\u00fcr die Kommunion - Nominette","robots":{"index":"index","follow":"follow","max-snippet":"max-snippet:-1","max-image-preview":"max-image-preview:large","max-video-preview":"max-video-preview:-1"},"canonical":"https:\/\/www.nominette.de\/blog\/unkategorisiert\/zeit-fuer-die-kommunion","og_locale":"de_DE","og_type":"article","og_title":"Zeit f\u00fcr die Kommunion - Nominette","og_description":"Hast du einen Kommunikanten zu Hause? Wir kennen das Gef\u00fchl. An einem sch\u00f6nen Sonntagmorgen ist es dann soweit. Der Tag auf dem Ihre Kind lange gewartet hat: \u201cDie erste Kommunion\u201d. Zus\u00e4tzlich zu den Vorbereitungen, werden am Morgen die letzte Details genau abgestimmt, damit alles glatt l\u00e4uft und gut aussieht. Der Moment, in dem Ihr Kind&hellip;","og_url":"https:\/\/www.nominette.de\/blog\/unkategorisiert\/zeit-fuer-die-kommunion","og_site_name":"Nominette","article_publisher":"https:\/\/www.facebook.com\/Nominette","article_published_time":"2019-04-23T11:38:08+00:00","article_modified_time":"2019-04-25T12:18:59+00:00","og_image":[{"width":600,"height":400,"url":"https:\/\/www.nominette.de\/blog\/wp-content\/uploads\/2019\/04\/Polsbandje_uitnodigen_invited_lintjes_labels1_laag-e1556018227282-1.jpg","type":"image\/jpeg"}],"author":"Nominette","twitter_card":"summary_large_image","twitter_creator":"@nominette","twitter_site":"@nominette","twitter_misc":{"Verfasst von":"Nominette","Gesch\u00e4tzte Lesezeit":"2\u00a0Minuten"},"schema":{"@context":"https:\/\/schema.org","@graph":[{"@type":"WebPage","@id":"https:\/\/www.nominette.de\/blog\/unkategorisiert\/zeit-fuer-die-kommunion","url":"https:\/\/www.nominette.de\/blog\/unkategorisiert\/zeit-fuer-die-kommunion","name":"Zeit f\u00fcr die Kommunion - Nominette","isPartOf":{"@id":"https:\/\/www.nominette.de\/blog#website"},"primaryImageOfPage":{"@id":"https:\/\/www.nominette.de\/blog\/unkategorisiert\/zeit-fuer-die-kommunion#primaryimage"},"image":{"@id":"https:\/\/www.nominette.de\/blog\/unkategorisiert\/zeit-fuer-die-kommunion#primaryimage"},"thumbnailUrl":"https:\/\/www.nominette.de\/blog\/wp-content\/uploads\/2019\/04\/Polsbandje_uitnodigen_invited_lintjes_labels1_laag-e1556018227282-1.jpg","datePublished":"2019-04-23T11:38:08+00:00","dateModified":"2019-04-25T12:18:59+00:00","author":{"@id":"https:\/\/www.nominette.de\/blog#\/schema\/person\/365e9a7b5a80cfd63ce70841993dafc6"},"breadcrumb":{"@id":"https:\/\/www.nominette.de\/blog\/unkategorisiert\/zeit-fuer-die-kommunion#breadcrumb"},"inLanguage":"de","potentialAction":[{"@type":"ReadAction","target":["https:\/\/www.nominette.de\/blog\/unkategorisiert\/zeit-fuer-die-kommunion"]}]},{"@type":"ImageObject","inLanguage":"de","@id":"https:\/\/www.nominette.de\/blog\/unkategorisiert\/zeit-fuer-die-kommunion#primaryimage","url":"https:\/\/www.nominette.de\/blog\/wp-content\/uploads\/2019\/04\/Polsbandje_uitnodigen_invited_lintjes_labels1_laag-e1556018227282-1.jpg","contentUrl":"https:\/\/www.nominette.de\/blog\/wp-content\/uploads\/2019\/04\/Polsbandje_uitnodigen_invited_lintjes_labels1_laag-e1556018227282-1.jpg","width":600,"height":400},{"@type":"BreadcrumbList","@id":"https:\/\/www.nominette.de\/blog\/unkategorisiert\/zeit-fuer-die-kommunion#breadcrumb","itemListElement":[{"@type":"ListItem","position":1,"name":"Home","item":"https:\/\/www.nominette.de\/blog"},{"@type":"ListItem","position":2,"name":"Zeit f\u00fcr die Kommunion"}]},{"@type":"WebSite","@id":"https:\/\/www.nominette.de\/blog#website","url":"https:\/\/www.nominette.de\/blog","name":"Nominette","description":"gepersonaliseerde labels voor handgemaakte spulletjes","potentialAction":[{"@type":"SearchAction","target":{"@type":"EntryPoint","urlTemplate":"https:\/\/www.nominette.de\/blog?s={search_term_string}"},"query-input":{"@type":"PropertyValueSpecification","valueRequired":true,"valueName":"search_term_string"}}],"inLanguage":"de"},{"@type":"Person","@id":"https:\/\/www.nominette.de\/blog#\/schema\/person\/365e9a7b5a80cfd63ce70841993dafc6","name":"Nominette","image":{"@type":"ImageObject","inLanguage":"de","@id":"https:\/\/www.nominette.de\/blog#\/schema\/person\/image\/","url":"https:\/\/secure.gravatar.com\/avatar\/6ab92dc068d690f939e3a4dc1373a3030899b42a58fd9e031f614af68b9db652?s=96&d=mm&r=g","contentUrl":"https:\/\/secure.gravatar.com\/avatar\/6ab92dc068d690f939e3a4dc1373a3030899b42a58fd9e031f614af68b9db652?s=96&d=mm&r=g","caption":"Nominette"},"url":"https:\/\/www.nominette.de\/blog\/author\/nominette"}]}},"_links":{"self":[{"href":"https:\/\/www.nominette.de\/blog\/wp-json\/wp\/v2\/posts\/6629","targetHints":{"allow":["GET"]}}],"collection":[{"href":"https:\/\/www.nominette.de\/blog\/wp-json\/wp\/v2\/posts"}],"about":[{"href":"https:\/\/www.nominette.de\/blog\/wp-json\/wp\/v2\/types\/post"}],"author":[{"embeddable":true,"href":"https:\/\/www.nominette.de\/blog\/wp-json\/wp\/v2\/users\/1"}],"replies":[{"embeddable":true,"href":"https:\/\/www.nominette.de\/blog\/wp-json\/wp\/v2\/comments?post=6629"}],"version-history":[{"count":5,"href":"https:\/\/www.nominette.de\/blog\/wp-json\/wp\/v2\/posts\/6629\/revisions"}],"predecessor-version":[{"id":6765,"href":"https:\/\/www.nominette.de\/blog\/wp-json\/wp\/v2\/posts\/6629\/revisions\/6765"}],"wp:featuredmedia":[{"embeddable":true,"href":"https:\/\/www.nominette.de\/blog\/wp-json\/wp\/v2\/media\/6790"}],"wp:attachment":[{"href":"https:\/\/www.nominette.de\/blog\/wp-json\/wp\/v2\/media?parent=6629"}],"wp:term":[{"taxonomy":"category","embeddable":true,"href":"https:\/\/www.nominette.de\/blog\/wp-json\/wp\/v2\/categories?post=6629"},{"taxonomy":"post_tag","embeddable":true,"href":"https:\/\/www.nominette.de\/blog\/wp-json\/wp\/v2\/tags?post=6629"}],"curies":[{"name":"wp","href":"https:\/\/api.w.org\/{rel}","templated":true}]}}