{"id":11819,"date":"2025-06-24T07:46:29","date_gmt":"2025-06-24T06:46:29","guid":{"rendered":"https:\/\/www.nominette.com\/blog?p=11819"},"modified":"2025-06-24T07:46:29","modified_gmt":"2025-06-24T06:46:29","slug":"mehr-als-1-000-vermisste-personen-an-der-belgischen-kueste-im-letzten-sommer-so-schuetzen-sie-ihr-kind-ganz-einfach","status":"publish","type":"post","link":"https:\/\/www.nominette.de\/blog\/polsbandjes-de\/mehr-als-1-000-vermisste-personen-an-der-belgischen-kueste-im-letzten-sommer-so-schuetzen-sie-ihr-kind-ganz-einfach","title":{"rendered":"Mehr als 1.000 vermisste Personen an der belgischen K\u00fcste im letzten Sommer: So sch\u00fctzen Sie Ihr Kind ganz einfach"},"content":{"rendered":"\n<p>Der Sommer steht vor der T\u00fcr und es ist fast wieder Zeit f\u00fcr einen herrlichen Tag am Strand: Sonne im Gesicht, F\u00fc\u00dfe im Sand und eine erfrischende Abk\u00fchlung. Doch hinter all der Entspannung verbirgt sich eine unerwartete Realit\u00e4t. Im Sommer 2024 wurden an der belgischen K\u00fcste <strong>bis zu 1 078 Personen als vermisst<\/strong> <strong>gemeldet.<\/strong> An warmen Strandtagen stieg die Zahl der Meldungen auf bis zu 135 an einem einzigen Tag. Bei den meisten dieser Vermissten handelte es sich um kleine<strong> Kinder zwischen 2 und 8 Jahren.<\/strong><\/p>\n\n\n\n<figure class=\"wp-block-image size-large\"><a href=\"https:\/\/www.nominette.com\/blog\/wp-content\/uploads\/2025\/05\/Lint_label_sosbandje_telefoonnummer_kinderen3-scaled.jpg\"><img loading=\"lazy\" decoding=\"async\" width=\"1024\" height=\"686\" src=\"https:\/\/www.nominette.nl\/blog\/wp-content\/uploads\/2025\/05\/Lint_label_sosbandje_telefoonnummer_kinderen3-1024x686.jpg\" alt=\"\" class=\"wp-image-11793\" srcset=\"https:\/\/www.nominette.de\/blog\/wp-content\/uploads\/2025\/05\/Lint_label_sosbandje_telefoonnummer_kinderen3-1024x686.jpg 1024w, https:\/\/www.nominette.de\/blog\/wp-content\/uploads\/2025\/05\/Lint_label_sosbandje_telefoonnummer_kinderen3-300x201.jpg 300w, https:\/\/www.nominette.de\/blog\/wp-content\/uploads\/2025\/05\/Lint_label_sosbandje_telefoonnummer_kinderen3-768x514.jpg 768w, https:\/\/www.nominette.de\/blog\/wp-content\/uploads\/2025\/05\/Lint_label_sosbandje_telefoonnummer_kinderen3-1536x1029.jpg 1536w, https:\/\/www.nominette.de\/blog\/wp-content\/uploads\/2025\/05\/Lint_label_sosbandje_telefoonnummer_kinderen3-2048x1371.jpg 2048w\" sizes=\"auto, (max-width: 1024px) 100vw, 1024px\" \/><\/a><\/figure>\n\n\n\n<h2 class=\"wp-block-heading\"><strong>Ein Armband mit gro\u00dfer Wirkung<\/strong><\/h2>\n\n\n\n<p><a href=\"https:\/\/www.nominette.de\/\">Nominette <\/a>legt gro\u00dfen Wert auf die Sicherheit von Kindern und zeigt, dass sich Sicherheit wunderbar mit Einfalt und Stil kombinieren l\u00e4sst. Deshalb entwickelte Nominette das <strong><a href=\"https:\/\/www.nominette.de\/kids-id-bander\">SOS-Armband<\/a><\/strong>: ein wiederverwendbares, weiches und verstellbares gewebtes Armband, in das die Telefonnummer der Eltern gut lesbar eingewebt wird. W\u00e4hlen Sie eine sch\u00f6ne Farbe und f\u00fcgen Sie lustige Symbole (Sonne, Smiley oder Herzchen) hinzu \u2013 das Armband sieht dabei auch noch toll aus!<\/p>\n\n\n\n<figure class=\"wp-block-image size-full\"><a href=\"https:\/\/www.nominette.nl\/blog\/wp-content\/uploads\/2025\/05\/compose_sospolsbandje_2.jpg\"><img loading=\"lazy\" decoding=\"async\" width=\"1000\" height=\"800\" src=\"https:\/\/www.nominette.nl\/blog\/wp-content\/uploads\/2025\/05\/compose_sospolsbandje_2.jpg\" alt=\"\" class=\"wp-image-11804\" srcset=\"https:\/\/www.nominette.de\/blog\/wp-content\/uploads\/2025\/05\/compose_sospolsbandje_2.jpg 1000w, https:\/\/www.nominette.de\/blog\/wp-content\/uploads\/2025\/05\/compose_sospolsbandje_2-300x240.jpg 300w, https:\/\/www.nominette.de\/blog\/wp-content\/uploads\/2025\/05\/compose_sospolsbandje_2-768x614.jpg 768w\" sizes=\"auto, (max-width: 1000px) 100vw, 1000px\" \/><\/a><\/figure>\n\n\n\n<h3 class=\"wp-block-heading\"><strong>Warum dieses Armband ein Must-have f\u00fcr jeden Ausflug ist:<\/strong><\/h3>\n\n\n\n<ul class=\"wp-block-list\">\n<li><strong>Wiederverwendbar &amp; nachhaltig<\/strong> \u2013 Kein Plastik, sondern gewebte Armb\u00e4nder aus recyceltem Garn<\/li>\n\n\n\n<li><strong>Gut lesbar<\/strong> \u2013 Die eingewebte Telefonnummer verblasst weder durch Wasser noch durch Sonnenlicht<\/li>\n\n\n\n<li><strong>Verstellbar <\/strong>\u2013 Passt an jedes Kinderhandgelenk, vom Kleinkind bis zum Teenager<\/li>\n\n\n\n<li><strong>Vielseitig einsetzbar<\/strong>\u2013 Ideal nicht nur f\u00fcr den Strand, sondern auch f\u00fcr Freizeitparks, Festivals, Camping oder St\u00e4dtetrips<\/li>\n<\/ul>\n\n\n\n<h5 class=\"wp-block-heading\">Keine Sorgen in gesch\u00e4ftigen Umgebungen<\/h5>\n\n\n\n<p>Das<a href=\"https:\/\/www.nominette.de\/kids-id-bander\"> SOS-Armband<\/a> bietet eine einfache, aber wirkungsvolle L\u00f6sung, um ein verlorenes Kind schnell wiederzufinden. Es sorgt f\u00fcr Beruhigung bei den Eltern und liefert Rettungskr\u00e4ften oder Passanten genau das, was sie f\u00fcr schnelles Handeln ben\u00f6tigen: eine Telefonnummer.<\/p>\n\n\n\n<h5 class=\"wp-block-heading\">Gemeinsam machen wir einen Tagesausflug sicherer<\/h5>\n\n\n\n<p>Kinder sollten frei spielen und die Welt entdecken k\u00f6nnen. Ein wenig Vorbereitung macht dabei den Unterschied. Das SOS-Armband von Nominette bietet zus\u00e4tzliche Sicherheit \u2013 f\u00fcr Kinder und f\u00fcr Eltern.<\/p>\n\n\n\n<p>Entdecke die Armb\u00e4nder <a href=\"https:\/\/www.nominette.de\/kids-id-bander\">hier<\/a>!<\/p>\n","protected":false},"excerpt":{"rendered":"<p>Der Sommer steht vor der T\u00fcr und es ist fast wieder Zeit f\u00fcr einen herrlichen Tag am Strand: Sonne im Gesicht, F\u00fc\u00dfe im Sand und eine erfrischende Abk\u00fchlung. Doch hinter all der Entspannung verbirgt sich eine unerwartete Realit\u00e4t. Im Sommer 2024 wurden an der belgischen K\u00fcste bis zu 1 078 Personen als vermisst gemeldet. An&hellip;<\/p>\n","protected":false},"author":1,"featured_media":11801,"comment_status":"closed","ping_status":"closed","sticky":false,"template":"","format":"standard","meta":{"footnotes":""},"categories":[367,614,402,211],"tags":[641,618,642],"class_list":["post-11819","post","type-post","status-publish","format-standard","has-post-thumbnail","hentry","category-kinder","category-polsbandjes-de","category-sommer","category-unkategorisiert","tag-kids-id-de","tag-sos-bandje-de","tag-vakantie-de"],"yoast_head":"<!-- This site is optimized with the Yoast SEO plugin v24.7 - https:\/\/yoast.com\/wordpress\/plugins\/seo\/ -->\n<title>Sch\u00fctzen Sie Ihr Kind mit dem SOS-Armband von Nominette - Nominette<\/title>\n<meta name=\"description\" content=\"\u00dcber 1.000 Vermisste an der belgischen K\u00fcste im Jahr 2024. Sch\u00fctzen Sie Ihr Kind mit dem SOS-Armband Nominette.\" \/>\n<meta name=\"robots\" content=\"index, follow, max-snippet:-1, max-image-preview:large, max-video-preview:-1\" \/>\n<link rel=\"canonical\" href=\"https:\/\/www.nominette.de\/blog\/polsbandjes-de\/mehr-als-1-000-vermisste-personen-an-der-belgischen-kueste-im-letzten-sommer-so-schuetzen-sie-ihr-kind-ganz-einfach\" \/>\n<meta property=\"og:locale\" content=\"de_DE\" \/>\n<meta property=\"og:type\" content=\"article\" \/>\n<meta property=\"og:title\" content=\"Sch\u00fctzen Sie Ihr Kind mit dem SOS-Armband von Nominette - Nominette\" \/>\n<meta property=\"og:description\" content=\"\u00dcber 1.000 Vermisste an der belgischen K\u00fcste im Jahr 2024. Sch\u00fctzen Sie Ihr Kind mit dem SOS-Armband Nominette.\" \/>\n<meta property=\"og:url\" content=\"https:\/\/www.nominette.de\/blog\/polsbandjes-de\/mehr-als-1-000-vermisste-personen-an-der-belgischen-kueste-im-letzten-sommer-so-schuetzen-sie-ihr-kind-ganz-einfach\" \/>\n<meta property=\"og:site_name\" content=\"Nominette\" \/>\n<meta property=\"article:publisher\" content=\"https:\/\/www.facebook.com\/Nominette\" \/>\n<meta property=\"article:published_time\" content=\"2025-06-24T06:46:29+00:00\" \/>\n<meta property=\"og:image\" content=\"https:\/\/www.nominette.de\/blog\/wp-content\/uploads\/2025\/05\/brad-dodson-KU0Oqbc2tI4-unsplash-scaled.jpg\" \/>\n\t<meta property=\"og:image:width\" content=\"2560\" \/>\n\t<meta property=\"og:image:height\" content=\"1700\" \/>\n\t<meta property=\"og:image:type\" content=\"image\/jpeg\" \/>\n<meta name=\"author\" content=\"Nominette\" \/>\n<meta name=\"twitter:card\" content=\"summary_large_image\" \/>\n<meta name=\"twitter:creator\" content=\"@nominette\" \/>\n<meta name=\"twitter:site\" content=\"@nominette\" \/>\n<meta name=\"twitter:label1\" content=\"Verfasst von\" \/>\n\t<meta name=\"twitter:data1\" content=\"Nominette\" \/>\n\t<meta name=\"twitter:label2\" content=\"Gesch\u00e4tzte Lesezeit\" \/>\n\t<meta name=\"twitter:data2\" content=\"2\u00a0Minuten\" \/>\n<script type=\"application\/ld+json\" class=\"yoast-schema-graph\">{\"@context\":\"https:\/\/schema.org\",\"@graph\":[{\"@type\":\"WebPage\",\"@id\":\"https:\/\/www.nominette.de\/blog\/polsbandjes-de\/mehr-als-1-000-vermisste-personen-an-der-belgischen-kueste-im-letzten-sommer-so-schuetzen-sie-ihr-kind-ganz-einfach\",\"url\":\"https:\/\/www.nominette.de\/blog\/polsbandjes-de\/mehr-als-1-000-vermisste-personen-an-der-belgischen-kueste-im-letzten-sommer-so-schuetzen-sie-ihr-kind-ganz-einfach\",\"name\":\"Sch\u00fctzen Sie Ihr Kind mit dem SOS-Armband von Nominette - Nominette\",\"isPartOf\":{\"@id\":\"https:\/\/www.nominette.de\/blog#website\"},\"primaryImageOfPage\":{\"@id\":\"https:\/\/www.nominette.de\/blog\/polsbandjes-de\/mehr-als-1-000-vermisste-personen-an-der-belgischen-kueste-im-letzten-sommer-so-schuetzen-sie-ihr-kind-ganz-einfach#primaryimage\"},\"image\":{\"@id\":\"https:\/\/www.nominette.de\/blog\/polsbandjes-de\/mehr-als-1-000-vermisste-personen-an-der-belgischen-kueste-im-letzten-sommer-so-schuetzen-sie-ihr-kind-ganz-einfach#primaryimage\"},\"thumbnailUrl\":\"https:\/\/www.nominette.de\/blog\/wp-content\/uploads\/2025\/05\/brad-dodson-KU0Oqbc2tI4-unsplash-scaled.jpg\",\"datePublished\":\"2025-06-24T06:46:29+00:00\",\"author\":{\"@id\":\"https:\/\/www.nominette.de\/blog#\/schema\/person\/365e9a7b5a80cfd63ce70841993dafc6\"},\"description\":\"\u00dcber 1.000 Vermisste an der belgischen K\u00fcste im Jahr 2024. Sch\u00fctzen Sie Ihr Kind mit dem SOS-Armband Nominette.\",\"breadcrumb\":{\"@id\":\"https:\/\/www.nominette.de\/blog\/polsbandjes-de\/mehr-als-1-000-vermisste-personen-an-der-belgischen-kueste-im-letzten-sommer-so-schuetzen-sie-ihr-kind-ganz-einfach#breadcrumb\"},\"inLanguage\":\"de\",\"potentialAction\":[{\"@type\":\"ReadAction\",\"target\":[\"https:\/\/www.nominette.de\/blog\/polsbandjes-de\/mehr-als-1-000-vermisste-personen-an-der-belgischen-kueste-im-letzten-sommer-so-schuetzen-sie-ihr-kind-ganz-einfach\"]}]},{\"@type\":\"ImageObject\",\"inLanguage\":\"de\",\"@id\":\"https:\/\/www.nominette.de\/blog\/polsbandjes-de\/mehr-als-1-000-vermisste-personen-an-der-belgischen-kueste-im-letzten-sommer-so-schuetzen-sie-ihr-kind-ganz-einfach#primaryimage\",\"url\":\"https:\/\/www.nominette.de\/blog\/wp-content\/uploads\/2025\/05\/brad-dodson-KU0Oqbc2tI4-unsplash-scaled.jpg\",\"contentUrl\":\"https:\/\/www.nominette.de\/blog\/wp-content\/uploads\/2025\/05\/brad-dodson-KU0Oqbc2tI4-unsplash-scaled.jpg\",\"width\":2560,\"height\":1700},{\"@type\":\"BreadcrumbList\",\"@id\":\"https:\/\/www.nominette.de\/blog\/polsbandjes-de\/mehr-als-1-000-vermisste-personen-an-der-belgischen-kueste-im-letzten-sommer-so-schuetzen-sie-ihr-kind-ganz-einfach#breadcrumb\",\"itemListElement\":[{\"@type\":\"ListItem\",\"position\":1,\"name\":\"Home\",\"item\":\"https:\/\/www.nominette.de\/blog\"},{\"@type\":\"ListItem\",\"position\":2,\"name\":\"Mehr als 1.000 vermisste Personen an der belgischen K\u00fcste im letzten Sommer: So sch\u00fctzen Sie Ihr Kind ganz einfach\"}]},{\"@type\":\"WebSite\",\"@id\":\"https:\/\/www.nominette.de\/blog#website\",\"url\":\"https:\/\/www.nominette.de\/blog\",\"name\":\"Nominette\",\"description\":\"gepersonaliseerde labels voor handgemaakte spulletjes\",\"potentialAction\":[{\"@type\":\"SearchAction\",\"target\":{\"@type\":\"EntryPoint\",\"urlTemplate\":\"https:\/\/www.nominette.de\/blog?s={search_term_string}\"},\"query-input\":{\"@type\":\"PropertyValueSpecification\",\"valueRequired\":true,\"valueName\":\"search_term_string\"}}],\"inLanguage\":\"de\"},{\"@type\":\"Person\",\"@id\":\"https:\/\/www.nominette.de\/blog#\/schema\/person\/365e9a7b5a80cfd63ce70841993dafc6\",\"name\":\"Nominette\",\"image\":{\"@type\":\"ImageObject\",\"inLanguage\":\"de\",\"@id\":\"https:\/\/www.nominette.de\/blog#\/schema\/person\/image\/\",\"url\":\"https:\/\/secure.gravatar.com\/avatar\/6ab92dc068d690f939e3a4dc1373a3030899b42a58fd9e031f614af68b9db652?s=96&d=mm&r=g\",\"contentUrl\":\"https:\/\/secure.gravatar.com\/avatar\/6ab92dc068d690f939e3a4dc1373a3030899b42a58fd9e031f614af68b9db652?s=96&d=mm&r=g\",\"caption\":\"Nominette\"},\"url\":\"https:\/\/www.nominette.de\/blog\/author\/nominette\"}]}<\/script>\n<!-- \/ Yoast SEO plugin. -->","yoast_head_json":{"title":"Sch\u00fctzen Sie Ihr Kind mit dem SOS-Armband von Nominette - Nominette","description":"\u00dcber 1.000 Vermisste an der belgischen K\u00fcste im Jahr 2024. Sch\u00fctzen Sie Ihr Kind mit dem SOS-Armband Nominette.","robots":{"index":"index","follow":"follow","max-snippet":"max-snippet:-1","max-image-preview":"max-image-preview:large","max-video-preview":"max-video-preview:-1"},"canonical":"https:\/\/www.nominette.de\/blog\/polsbandjes-de\/mehr-als-1-000-vermisste-personen-an-der-belgischen-kueste-im-letzten-sommer-so-schuetzen-sie-ihr-kind-ganz-einfach","og_locale":"de_DE","og_type":"article","og_title":"Sch\u00fctzen Sie Ihr Kind mit dem SOS-Armband von Nominette - Nominette","og_description":"\u00dcber 1.000 Vermisste an der belgischen K\u00fcste im Jahr 2024. Sch\u00fctzen Sie Ihr Kind mit dem SOS-Armband Nominette.","og_url":"https:\/\/www.nominette.de\/blog\/polsbandjes-de\/mehr-als-1-000-vermisste-personen-an-der-belgischen-kueste-im-letzten-sommer-so-schuetzen-sie-ihr-kind-ganz-einfach","og_site_name":"Nominette","article_publisher":"https:\/\/www.facebook.com\/Nominette","article_published_time":"2025-06-24T06:46:29+00:00","og_image":[{"width":2560,"height":1700,"url":"https:\/\/www.nominette.de\/blog\/wp-content\/uploads\/2025\/05\/brad-dodson-KU0Oqbc2tI4-unsplash-scaled.jpg","type":"image\/jpeg"}],"author":"Nominette","twitter_card":"summary_large_image","twitter_creator":"@nominette","twitter_site":"@nominette","twitter_misc":{"Verfasst von":"Nominette","Gesch\u00e4tzte Lesezeit":"2\u00a0Minuten"},"schema":{"@context":"https:\/\/schema.org","@graph":[{"@type":"WebPage","@id":"https:\/\/www.nominette.de\/blog\/polsbandjes-de\/mehr-als-1-000-vermisste-personen-an-der-belgischen-kueste-im-letzten-sommer-so-schuetzen-sie-ihr-kind-ganz-einfach","url":"https:\/\/www.nominette.de\/blog\/polsbandjes-de\/mehr-als-1-000-vermisste-personen-an-der-belgischen-kueste-im-letzten-sommer-so-schuetzen-sie-ihr-kind-ganz-einfach","name":"Sch\u00fctzen Sie Ihr Kind mit dem SOS-Armband von Nominette - Nominette","isPartOf":{"@id":"https:\/\/www.nominette.de\/blog#website"},"primaryImageOfPage":{"@id":"https:\/\/www.nominette.de\/blog\/polsbandjes-de\/mehr-als-1-000-vermisste-personen-an-der-belgischen-kueste-im-letzten-sommer-so-schuetzen-sie-ihr-kind-ganz-einfach#primaryimage"},"image":{"@id":"https:\/\/www.nominette.de\/blog\/polsbandjes-de\/mehr-als-1-000-vermisste-personen-an-der-belgischen-kueste-im-letzten-sommer-so-schuetzen-sie-ihr-kind-ganz-einfach#primaryimage"},"thumbnailUrl":"https:\/\/www.nominette.de\/blog\/wp-content\/uploads\/2025\/05\/brad-dodson-KU0Oqbc2tI4-unsplash-scaled.jpg","datePublished":"2025-06-24T06:46:29+00:00","author":{"@id":"https:\/\/www.nominette.de\/blog#\/schema\/person\/365e9a7b5a80cfd63ce70841993dafc6"},"description":"\u00dcber 1.000 Vermisste an der belgischen K\u00fcste im Jahr 2024. Sch\u00fctzen Sie Ihr Kind mit dem SOS-Armband Nominette.","breadcrumb":{"@id":"https:\/\/www.nominette.de\/blog\/polsbandjes-de\/mehr-als-1-000-vermisste-personen-an-der-belgischen-kueste-im-letzten-sommer-so-schuetzen-sie-ihr-kind-ganz-einfach#breadcrumb"},"inLanguage":"de","potentialAction":[{"@type":"ReadAction","target":["https:\/\/www.nominette.de\/blog\/polsbandjes-de\/mehr-als-1-000-vermisste-personen-an-der-belgischen-kueste-im-letzten-sommer-so-schuetzen-sie-ihr-kind-ganz-einfach"]}]},{"@type":"ImageObject","inLanguage":"de","@id":"https:\/\/www.nominette.de\/blog\/polsbandjes-de\/mehr-als-1-000-vermisste-personen-an-der-belgischen-kueste-im-letzten-sommer-so-schuetzen-sie-ihr-kind-ganz-einfach#primaryimage","url":"https:\/\/www.nominette.de\/blog\/wp-content\/uploads\/2025\/05\/brad-dodson-KU0Oqbc2tI4-unsplash-scaled.jpg","contentUrl":"https:\/\/www.nominette.de\/blog\/wp-content\/uploads\/2025\/05\/brad-dodson-KU0Oqbc2tI4-unsplash-scaled.jpg","width":2560,"height":1700},{"@type":"BreadcrumbList","@id":"https:\/\/www.nominette.de\/blog\/polsbandjes-de\/mehr-als-1-000-vermisste-personen-an-der-belgischen-kueste-im-letzten-sommer-so-schuetzen-sie-ihr-kind-ganz-einfach#breadcrumb","itemListElement":[{"@type":"ListItem","position":1,"name":"Home","item":"https:\/\/www.nominette.de\/blog"},{"@type":"ListItem","position":2,"name":"Mehr als 1.000 vermisste Personen an der belgischen K\u00fcste im letzten Sommer: So sch\u00fctzen Sie Ihr Kind ganz einfach"}]},{"@type":"WebSite","@id":"https:\/\/www.nominette.de\/blog#website","url":"https:\/\/www.nominette.de\/blog","name":"Nominette","description":"gepersonaliseerde labels voor handgemaakte spulletjes","potentialAction":[{"@type":"SearchAction","target":{"@type":"EntryPoint","urlTemplate":"https:\/\/www.nominette.de\/blog?s={search_term_string}"},"query-input":{"@type":"PropertyValueSpecification","valueRequired":true,"valueName":"search_term_string"}}],"inLanguage":"de"},{"@type":"Person","@id":"https:\/\/www.nominette.de\/blog#\/schema\/person\/365e9a7b5a80cfd63ce70841993dafc6","name":"Nominette","image":{"@type":"ImageObject","inLanguage":"de","@id":"https:\/\/www.nominette.de\/blog#\/schema\/person\/image\/","url":"https:\/\/secure.gravatar.com\/avatar\/6ab92dc068d690f939e3a4dc1373a3030899b42a58fd9e031f614af68b9db652?s=96&d=mm&r=g","contentUrl":"https:\/\/secure.gravatar.com\/avatar\/6ab92dc068d690f939e3a4dc1373a3030899b42a58fd9e031f614af68b9db652?s=96&d=mm&r=g","caption":"Nominette"},"url":"https:\/\/www.nominette.de\/blog\/author\/nominette"}]}},"_links":{"self":[{"href":"https:\/\/www.nominette.de\/blog\/wp-json\/wp\/v2\/posts\/11819","targetHints":{"allow":["GET"]}}],"collection":[{"href":"https:\/\/www.nominette.de\/blog\/wp-json\/wp\/v2\/posts"}],"about":[{"href":"https:\/\/www.nominette.de\/blog\/wp-json\/wp\/v2\/types\/post"}],"author":[{"embeddable":true,"href":"https:\/\/www.nominette.de\/blog\/wp-json\/wp\/v2\/users\/1"}],"replies":[{"embeddable":true,"href":"https:\/\/www.nominette.de\/blog\/wp-json\/wp\/v2\/comments?post=11819"}],"version-history":[{"count":2,"href":"https:\/\/www.nominette.de\/blog\/wp-json\/wp\/v2\/posts\/11819\/revisions"}],"predecessor-version":[{"id":11821,"href":"https:\/\/www.nominette.de\/blog\/wp-json\/wp\/v2\/posts\/11819\/revisions\/11821"}],"wp:featuredmedia":[{"embeddable":true,"href":"https:\/\/www.nominette.de\/blog\/wp-json\/wp\/v2\/media\/11801"}],"wp:attachment":[{"href":"https:\/\/www.nominette.de\/blog\/wp-json\/wp\/v2\/media?parent=11819"}],"wp:term":[{"taxonomy":"category","embeddable":true,"href":"https:\/\/www.nominette.de\/blog\/wp-json\/wp\/v2\/categories?post=11819"},{"taxonomy":"post_tag","embeddable":true,"href":"https:\/\/www.nominette.de\/blog\/wp-json\/wp\/v2\/tags?post=11819"}],"curies":[{"name":"wp","href":"https:\/\/api.w.org\/{rel}","templated":true}]}}