{"id":11147,"date":"2023-06-30T14:50:08","date_gmt":"2023-06-30T13:50:08","guid":{"rendered":"https:\/\/www.nominette.com\/blog?p=11147"},"modified":"2023-06-30T14:50:53","modified_gmt":"2023-06-30T13:50:53","slug":"treffen-sie-nominette-norwegen","status":"publish","type":"post","link":"https:\/\/www.nominette.de\/blog\/gaste-blog\/treffen-sie-nominette-norwegen","title":{"rendered":"Treffen Sie Nominette Norwegen"},"content":{"rendered":"\n<p>Wussten Sie, dass Nominette weltweit t\u00e4tig ist? Und dass unser Kundendienst in 6 Sprachen verf\u00fcgbar ist? Nominette ist vor allem in Belgien, Frankreich und den Niederlanden bekannt, aber wir sprechen auch Englisch, Deutsch und Norwegisch. Treffen Sie Nominette Norwegen in diesem Interview.<\/p>\n\n\n\n<figure class=\"wp-block-image size-large\"><a href=\"https:\/\/www.nominette.de\/blog\/wp-content\/uploads\/2023\/06\/Elsebeth-sewing-2.jpg\"><img loading=\"lazy\" decoding=\"async\" width=\"768\" height=\"1024\" src=\"https:\/\/www.nominette.de\/blog\/wp-content\/uploads\/2023\/06\/Elsebeth-sewing-2-768x1024.jpg\" alt=\"Treffen Sie Nominette Norwegen\" class=\"wp-image-11144\" srcset=\"https:\/\/www.nominette.de\/blog\/wp-content\/uploads\/2023\/06\/Elsebeth-sewing-2-768x1025.jpg 768w, https:\/\/www.nominette.de\/blog\/wp-content\/uploads\/2023\/06\/Elsebeth-sewing-2-225x300.jpg 225w, https:\/\/www.nominette.de\/blog\/wp-content\/uploads\/2023\/06\/Elsebeth-sewing-2.jpg 850w\" sizes=\"auto, (max-width: 768px) 100vw, 768px\" \/><\/a><\/figure>\n\n\n\n<h3 class=\"wp-block-heading\"><strong>Treffen Sie Elsebeth von Nominette Norwegen<\/strong><\/h3>\n\n\n\n<p>Elsebeth k\u00fcmmert sich bereits seit mehr als 13 Jahren um Nominette Norwegen. Sie lebt zusammen mit ihrem Mann in Kl\u00f8fta. Zwei ihrer Kinder leben in der N\u00e4he, und gemeinsam gehen sie gerne ins Theater und zum Wandern. Neben dem Verkauf von Namensetiketten, der Betreuung unseres <a href=\"https:\/\/www.nominette.no\/\" target=\"_blank\" rel=\"noreferrer noopener\">norwegischen Webshops<\/a> und der norwegischen Kunden besitzt Elsebeth ihren eigenen Webshop, in dem sie gewebte Etiketten und B\u00e4nder f\u00fcr DIY-Projekte verkauft.<\/p>\n\n\n\n<h3 class=\"wp-block-heading\"><strong>Heimwerken in Norwegen<\/strong><\/h3>\n\n\n\n<p>Norwegen ist ein Land, das f\u00fcr seine &#8222;DIY-Kultur&#8220; bekannt ist. In fast jeder Familie findet man eine Mutter oder einen Vater, eine Tochter oder einen Sohn, eine Schwester oder einen Bruder, die gerne stricken, h\u00e4keln oder n\u00e4hen. Bei den Projekten kann es sich um traditionelle Folklorekost\u00fcme oder moderne Muster handeln.<\/p>\n\n\n\n<h3 class=\"wp-block-heading\"><strong><strong>Warum haben Sie angefangen, in der DIY-Branche zu arbeiten?<\/strong><\/strong><\/h3>\n\n\n\n<p>Weil ich das Familienunternehmen vor mehr als zwanzig Jahren von meinem Vater \u00fcbernommen habe, das ist eigentlich Zufall. Von Haus aus bin ich gelernte Linguistin aber es hat mir schon immer Spa\u00df gemacht, kreativ mit Stoffen und Garn umzugehen<\/p>\n\n\n\n<h3 class=\"wp-block-heading\"><strong>Welches ist Ihr Lieblingsprodukt von Nominette und warum?<\/strong><\/h3>\n\n\n\n<p>Ich liebe die Vielseitigkeit der Farben f\u00fcr die Namensb\u00e4nder, denn es gibt immer eine Farbe, die zu dem Projekt passt, an dem ich gerade arbeite.<\/p>\n\n\n\n<h3 class=\"wp-block-heading\"><strong>Was sind die Bestseller von Nominette in Norwegen?<\/strong><\/h3>\n\n\n\n<p>Das Produkt, das ich mit Abstand am meisten verkaufe, sind <a href=\"https:\/\/www.nominette.no\/sy-pa-lapp\" target=\"_blank\" rel=\"noreferrer noopener\">gewebte Namensb\u00e4nder<\/a> und <a href=\"https:\/\/www.nominette.no\/vevde-etiketter\" target=\"_blank\" rel=\"noreferrer noopener\">Kleidungsetiketten<\/a>.<\/p>\n\n\n\n<h3 class=\"wp-block-heading\"><strong>Sind Sie selbst Strickerin, N\u00e4herin oder H\u00e4klerin?<\/strong><\/h3>\n\n\n\n<p>Alles, aber N\u00e4hen ist meine Lieblingsbesch\u00e4ftigung. Ich n\u00e4he Kleidung, Haushaltsprodukte wie Vorh\u00e4nge und Tischdecken und nat\u00fcrlich auch Geschenke. Besonders gerne quilte ich Taschen.<\/p>\n\n\n\n<h3 class=\"wp-block-heading\"><strong>Welches Heimwerkerprojekt steht auf Ihrer Liste?<\/strong><\/h3>\n\n\n\n<p>Ich habe zwei gro\u00dfe Projekte am Laufen. Erstens gibt es in Norwegen mehrere hundert wundersch\u00f6ne Trachten, f\u00fcr die es in der Regel strenge Vorschriften gibt, wie sie auszusehen haben und welche Materialien verwendet werden d\u00fcrfen. In den letzten Jahren ist es popul\u00e4r geworden, seine eigene &#8222;Nationaltracht&#8220; zu entwerfen und anzufertigen, und das tue ich jetzt. Zweitens werde ich selbst ein Hochzeitskleid f\u00fcr eine meiner T\u00f6chter anfertigen.<\/p>\n\n\n\n<figure class=\"wp-block-image size-large\"><a href=\"https:\/\/www.nominette.de\/blog\/wp-content\/uploads\/2023\/06\/norwegian-folklore.jpeg\"><img loading=\"lazy\" decoding=\"async\" width=\"1024\" height=\"683\" src=\"https:\/\/www.nominette.de\/blog\/wp-content\/uploads\/2023\/06\/norwegian-folklore-1024x683.jpeg\" alt=\"Treffen Sie Nominette Norwegen\" class=\"wp-image-11128\" srcset=\"https:\/\/www.nominette.de\/blog\/wp-content\/uploads\/2023\/06\/norwegian-folklore-1024x683.jpeg 1024w, https:\/\/www.nominette.de\/blog\/wp-content\/uploads\/2023\/06\/norwegian-folklore-300x200.jpeg 300w, https:\/\/www.nominette.de\/blog\/wp-content\/uploads\/2023\/06\/norwegian-folklore-768x512.jpeg 768w, https:\/\/www.nominette.de\/blog\/wp-content\/uploads\/2023\/06\/norwegian-folklore-1536x1024.jpeg 1536w, https:\/\/www.nominette.de\/blog\/wp-content\/uploads\/2023\/06\/norwegian-folklore-2048x1366.jpeg 2048w\" sizes=\"auto, (max-width: 1024px) 100vw, 1024px\" \/><\/a><\/figure>\n\n\n\n<p>F\u00fcr mehr Nominette Norwegen k\u00f6nnen Sie Elsebeth auf Instagram folgen: <a href=\"https:\/\/www.instagram.com\/nominettenorge\" target=\"_blank\" rel=\"noreferrer noopener\">@nominettenorge<\/a><\/p>\n","protected":false},"excerpt":{"rendered":"<p>Wussten Sie, dass Nominette weltweit t\u00e4tig ist? Und dass unser Kundendienst in 6 Sprachen verf\u00fcgbar ist? Nominette ist vor allem in Belgien, Frankreich und den Niederlanden bekannt, aber wir sprechen auch Englisch, Deutsch und Norwegisch. Treffen Sie Nominette Norwegen in diesem Interview. Treffen Sie Elsebeth von Nominette Norwegen Elsebeth k\u00fcmmert sich bereits seit mehr als&hellip;<\/p>\n","protected":false},"author":1,"featured_media":11149,"comment_status":"closed","ping_status":"closed","sticky":false,"template":"","format":"standard","meta":{"footnotes":""},"categories":[252],"tags":[],"class_list":["post-11147","post","type-post","status-publish","format-standard","has-post-thumbnail","hentry","category-gaste-blog"],"yoast_head":"<!-- This site is optimized with the Yoast SEO plugin v24.7 - https:\/\/yoast.com\/wordpress\/plugins\/seo\/ -->\n<title>Treffen Sie Nominette Norwegen - Nominette<\/title>\n<meta name=\"description\" content=\"Nominette ist weltweit t\u00e4tig. In Norwegen k\u00fcmmert sich Elsebeth um den Nominette-Webshop. Treffen Sie Nominette Norwegen in diesem Interview\" \/>\n<meta name=\"robots\" content=\"index, follow, max-snippet:-1, max-image-preview:large, max-video-preview:-1\" \/>\n<link rel=\"canonical\" href=\"https:\/\/www.nominette.de\/blog\/gaste-blog\/treffen-sie-nominette-norwegen\" \/>\n<meta property=\"og:locale\" content=\"de_DE\" \/>\n<meta property=\"og:type\" content=\"article\" \/>\n<meta property=\"og:title\" content=\"Treffen Sie Nominette Norwegen - Nominette\" \/>\n<meta property=\"og:description\" content=\"Nominette ist weltweit t\u00e4tig. In Norwegen k\u00fcmmert sich Elsebeth um den Nominette-Webshop. Treffen Sie Nominette Norwegen in diesem Interview\" \/>\n<meta property=\"og:url\" content=\"https:\/\/www.nominette.de\/blog\/gaste-blog\/treffen-sie-nominette-norwegen\" \/>\n<meta property=\"og:site_name\" content=\"Nominette\" \/>\n<meta property=\"article:publisher\" content=\"https:\/\/www.facebook.com\/Nominette\" \/>\n<meta property=\"article:published_time\" content=\"2023-06-30T13:50:08+00:00\" \/>\n<meta property=\"article:modified_time\" content=\"2023-06-30T13:50:53+00:00\" \/>\n<meta property=\"og:image\" content=\"https:\/\/www.nominette.de\/blog\/wp-content\/uploads\/2023\/06\/Elsebeth-sewing-3.jpg\" \/>\n\t<meta property=\"og:image:width\" content=\"850\" \/>\n\t<meta property=\"og:image:height\" content=\"1134\" \/>\n\t<meta property=\"og:image:type\" content=\"image\/jpeg\" \/>\n<meta name=\"author\" content=\"Nominette\" \/>\n<meta name=\"twitter:card\" content=\"summary_large_image\" \/>\n<meta name=\"twitter:creator\" content=\"@nominette\" \/>\n<meta name=\"twitter:site\" content=\"@nominette\" \/>\n<meta name=\"twitter:label1\" content=\"Verfasst von\" \/>\n\t<meta name=\"twitter:data1\" content=\"Nominette\" \/>\n\t<meta name=\"twitter:label2\" content=\"Gesch\u00e4tzte Lesezeit\" \/>\n\t<meta name=\"twitter:data2\" content=\"3\u00a0Minuten\" \/>\n<script type=\"application\/ld+json\" class=\"yoast-schema-graph\">{\"@context\":\"https:\/\/schema.org\",\"@graph\":[{\"@type\":\"WebPage\",\"@id\":\"https:\/\/www.nominette.de\/blog\/gaste-blog\/treffen-sie-nominette-norwegen\",\"url\":\"https:\/\/www.nominette.de\/blog\/gaste-blog\/treffen-sie-nominette-norwegen\",\"name\":\"Treffen Sie Nominette Norwegen - Nominette\",\"isPartOf\":{\"@id\":\"https:\/\/www.nominette.de\/blog#website\"},\"primaryImageOfPage\":{\"@id\":\"https:\/\/www.nominette.de\/blog\/gaste-blog\/treffen-sie-nominette-norwegen#primaryimage\"},\"image\":{\"@id\":\"https:\/\/www.nominette.de\/blog\/gaste-blog\/treffen-sie-nominette-norwegen#primaryimage\"},\"thumbnailUrl\":\"https:\/\/www.nominette.de\/blog\/wp-content\/uploads\/2023\/06\/Elsebeth-sewing-3.jpg\",\"datePublished\":\"2023-06-30T13:50:08+00:00\",\"dateModified\":\"2023-06-30T13:50:53+00:00\",\"author\":{\"@id\":\"https:\/\/www.nominette.de\/blog#\/schema\/person\/365e9a7b5a80cfd63ce70841993dafc6\"},\"description\":\"Nominette ist weltweit t\u00e4tig. In Norwegen k\u00fcmmert sich Elsebeth um den Nominette-Webshop. Treffen Sie Nominette Norwegen in diesem Interview\",\"breadcrumb\":{\"@id\":\"https:\/\/www.nominette.de\/blog\/gaste-blog\/treffen-sie-nominette-norwegen#breadcrumb\"},\"inLanguage\":\"de\",\"potentialAction\":[{\"@type\":\"ReadAction\",\"target\":[\"https:\/\/www.nominette.de\/blog\/gaste-blog\/treffen-sie-nominette-norwegen\"]}]},{\"@type\":\"ImageObject\",\"inLanguage\":\"de\",\"@id\":\"https:\/\/www.nominette.de\/blog\/gaste-blog\/treffen-sie-nominette-norwegen#primaryimage\",\"url\":\"https:\/\/www.nominette.de\/blog\/wp-content\/uploads\/2023\/06\/Elsebeth-sewing-3.jpg\",\"contentUrl\":\"https:\/\/www.nominette.de\/blog\/wp-content\/uploads\/2023\/06\/Elsebeth-sewing-3.jpg\",\"width\":850,\"height\":1134,\"caption\":\"Treffen Sie Nominette Norwegen\"},{\"@type\":\"BreadcrumbList\",\"@id\":\"https:\/\/www.nominette.de\/blog\/gaste-blog\/treffen-sie-nominette-norwegen#breadcrumb\",\"itemListElement\":[{\"@type\":\"ListItem\",\"position\":1,\"name\":\"Home\",\"item\":\"https:\/\/www.nominette.de\/blog\"},{\"@type\":\"ListItem\",\"position\":2,\"name\":\"Treffen Sie Nominette Norwegen\"}]},{\"@type\":\"WebSite\",\"@id\":\"https:\/\/www.nominette.de\/blog#website\",\"url\":\"https:\/\/www.nominette.de\/blog\",\"name\":\"Nominette\",\"description\":\"gepersonaliseerde labels voor handgemaakte spulletjes\",\"potentialAction\":[{\"@type\":\"SearchAction\",\"target\":{\"@type\":\"EntryPoint\",\"urlTemplate\":\"https:\/\/www.nominette.de\/blog?s={search_term_string}\"},\"query-input\":{\"@type\":\"PropertyValueSpecification\",\"valueRequired\":true,\"valueName\":\"search_term_string\"}}],\"inLanguage\":\"de\"},{\"@type\":\"Person\",\"@id\":\"https:\/\/www.nominette.de\/blog#\/schema\/person\/365e9a7b5a80cfd63ce70841993dafc6\",\"name\":\"Nominette\",\"image\":{\"@type\":\"ImageObject\",\"inLanguage\":\"de\",\"@id\":\"https:\/\/www.nominette.de\/blog#\/schema\/person\/image\/\",\"url\":\"https:\/\/secure.gravatar.com\/avatar\/6ab92dc068d690f939e3a4dc1373a3030899b42a58fd9e031f614af68b9db652?s=96&d=mm&r=g\",\"contentUrl\":\"https:\/\/secure.gravatar.com\/avatar\/6ab92dc068d690f939e3a4dc1373a3030899b42a58fd9e031f614af68b9db652?s=96&d=mm&r=g\",\"caption\":\"Nominette\"},\"url\":\"https:\/\/www.nominette.de\/blog\/author\/nominette\"}]}<\/script>\n<!-- \/ Yoast SEO plugin. -->","yoast_head_json":{"title":"Treffen Sie Nominette Norwegen - Nominette","description":"Nominette ist weltweit t\u00e4tig. In Norwegen k\u00fcmmert sich Elsebeth um den Nominette-Webshop. Treffen Sie Nominette Norwegen in diesem Interview","robots":{"index":"index","follow":"follow","max-snippet":"max-snippet:-1","max-image-preview":"max-image-preview:large","max-video-preview":"max-video-preview:-1"},"canonical":"https:\/\/www.nominette.de\/blog\/gaste-blog\/treffen-sie-nominette-norwegen","og_locale":"de_DE","og_type":"article","og_title":"Treffen Sie Nominette Norwegen - Nominette","og_description":"Nominette ist weltweit t\u00e4tig. In Norwegen k\u00fcmmert sich Elsebeth um den Nominette-Webshop. Treffen Sie Nominette Norwegen in diesem Interview","og_url":"https:\/\/www.nominette.de\/blog\/gaste-blog\/treffen-sie-nominette-norwegen","og_site_name":"Nominette","article_publisher":"https:\/\/www.facebook.com\/Nominette","article_published_time":"2023-06-30T13:50:08+00:00","article_modified_time":"2023-06-30T13:50:53+00:00","og_image":[{"width":850,"height":1134,"url":"https:\/\/www.nominette.de\/blog\/wp-content\/uploads\/2023\/06\/Elsebeth-sewing-3.jpg","type":"image\/jpeg"}],"author":"Nominette","twitter_card":"summary_large_image","twitter_creator":"@nominette","twitter_site":"@nominette","twitter_misc":{"Verfasst von":"Nominette","Gesch\u00e4tzte Lesezeit":"3\u00a0Minuten"},"schema":{"@context":"https:\/\/schema.org","@graph":[{"@type":"WebPage","@id":"https:\/\/www.nominette.de\/blog\/gaste-blog\/treffen-sie-nominette-norwegen","url":"https:\/\/www.nominette.de\/blog\/gaste-blog\/treffen-sie-nominette-norwegen","name":"Treffen Sie Nominette Norwegen - Nominette","isPartOf":{"@id":"https:\/\/www.nominette.de\/blog#website"},"primaryImageOfPage":{"@id":"https:\/\/www.nominette.de\/blog\/gaste-blog\/treffen-sie-nominette-norwegen#primaryimage"},"image":{"@id":"https:\/\/www.nominette.de\/blog\/gaste-blog\/treffen-sie-nominette-norwegen#primaryimage"},"thumbnailUrl":"https:\/\/www.nominette.de\/blog\/wp-content\/uploads\/2023\/06\/Elsebeth-sewing-3.jpg","datePublished":"2023-06-30T13:50:08+00:00","dateModified":"2023-06-30T13:50:53+00:00","author":{"@id":"https:\/\/www.nominette.de\/blog#\/schema\/person\/365e9a7b5a80cfd63ce70841993dafc6"},"description":"Nominette ist weltweit t\u00e4tig. In Norwegen k\u00fcmmert sich Elsebeth um den Nominette-Webshop. Treffen Sie Nominette Norwegen in diesem Interview","breadcrumb":{"@id":"https:\/\/www.nominette.de\/blog\/gaste-blog\/treffen-sie-nominette-norwegen#breadcrumb"},"inLanguage":"de","potentialAction":[{"@type":"ReadAction","target":["https:\/\/www.nominette.de\/blog\/gaste-blog\/treffen-sie-nominette-norwegen"]}]},{"@type":"ImageObject","inLanguage":"de","@id":"https:\/\/www.nominette.de\/blog\/gaste-blog\/treffen-sie-nominette-norwegen#primaryimage","url":"https:\/\/www.nominette.de\/blog\/wp-content\/uploads\/2023\/06\/Elsebeth-sewing-3.jpg","contentUrl":"https:\/\/www.nominette.de\/blog\/wp-content\/uploads\/2023\/06\/Elsebeth-sewing-3.jpg","width":850,"height":1134,"caption":"Treffen Sie Nominette Norwegen"},{"@type":"BreadcrumbList","@id":"https:\/\/www.nominette.de\/blog\/gaste-blog\/treffen-sie-nominette-norwegen#breadcrumb","itemListElement":[{"@type":"ListItem","position":1,"name":"Home","item":"https:\/\/www.nominette.de\/blog"},{"@type":"ListItem","position":2,"name":"Treffen Sie Nominette Norwegen"}]},{"@type":"WebSite","@id":"https:\/\/www.nominette.de\/blog#website","url":"https:\/\/www.nominette.de\/blog","name":"Nominette","description":"gepersonaliseerde labels voor handgemaakte spulletjes","potentialAction":[{"@type":"SearchAction","target":{"@type":"EntryPoint","urlTemplate":"https:\/\/www.nominette.de\/blog?s={search_term_string}"},"query-input":{"@type":"PropertyValueSpecification","valueRequired":true,"valueName":"search_term_string"}}],"inLanguage":"de"},{"@type":"Person","@id":"https:\/\/www.nominette.de\/blog#\/schema\/person\/365e9a7b5a80cfd63ce70841993dafc6","name":"Nominette","image":{"@type":"ImageObject","inLanguage":"de","@id":"https:\/\/www.nominette.de\/blog#\/schema\/person\/image\/","url":"https:\/\/secure.gravatar.com\/avatar\/6ab92dc068d690f939e3a4dc1373a3030899b42a58fd9e031f614af68b9db652?s=96&d=mm&r=g","contentUrl":"https:\/\/secure.gravatar.com\/avatar\/6ab92dc068d690f939e3a4dc1373a3030899b42a58fd9e031f614af68b9db652?s=96&d=mm&r=g","caption":"Nominette"},"url":"https:\/\/www.nominette.de\/blog\/author\/nominette"}]}},"_links":{"self":[{"href":"https:\/\/www.nominette.de\/blog\/wp-json\/wp\/v2\/posts\/11147","targetHints":{"allow":["GET"]}}],"collection":[{"href":"https:\/\/www.nominette.de\/blog\/wp-json\/wp\/v2\/posts"}],"about":[{"href":"https:\/\/www.nominette.de\/blog\/wp-json\/wp\/v2\/types\/post"}],"author":[{"embeddable":true,"href":"https:\/\/www.nominette.de\/blog\/wp-json\/wp\/v2\/users\/1"}],"replies":[{"embeddable":true,"href":"https:\/\/www.nominette.de\/blog\/wp-json\/wp\/v2\/comments?post=11147"}],"version-history":[{"count":2,"href":"https:\/\/www.nominette.de\/blog\/wp-json\/wp\/v2\/posts\/11147\/revisions"}],"predecessor-version":[{"id":11154,"href":"https:\/\/www.nominette.de\/blog\/wp-json\/wp\/v2\/posts\/11147\/revisions\/11154"}],"wp:featuredmedia":[{"embeddable":true,"href":"https:\/\/www.nominette.de\/blog\/wp-json\/wp\/v2\/media\/11149"}],"wp:attachment":[{"href":"https:\/\/www.nominette.de\/blog\/wp-json\/wp\/v2\/media?parent=11147"}],"wp:term":[{"taxonomy":"category","embeddable":true,"href":"https:\/\/www.nominette.de\/blog\/wp-json\/wp\/v2\/categories?post=11147"},{"taxonomy":"post_tag","embeddable":true,"href":"https:\/\/www.nominette.de\/blog\/wp-json\/wp\/v2\/tags?post=11147"}],"curies":[{"name":"wp","href":"https:\/\/api.w.org\/{rel}","templated":true}]}}