{"id":10982,"date":"2023-03-28T09:59:48","date_gmt":"2023-03-28T08:59:48","guid":{"rendered":"https:\/\/www.nominette.com\/blog?p=10982"},"modified":"2023-03-28T09:59:49","modified_gmt":"2023-03-28T08:59:49","slug":"schoepfer-im-rampenlicht-nachhaltiges-atelier-kleerlijk","status":"publish","type":"post","link":"https:\/\/www.nominette.de\/blog\/creator-in-the-spotlight-6\/schoepfer-im-rampenlicht-nachhaltiges-atelier-kleerlijk","title":{"rendered":"Sch\u00f6pfer im Rampenlicht: nachhaltiges atelier Kleerlijk"},"content":{"rendered":"\n<p><em>In unserer Rubrik \u2018creator in the spotlight\u2019 stellen wir Kreative und Unternehmer ins Rampenlicht, um \u00fcber ihre Leidenschaft zu sprechen. Dieses Mal sprechen <\/em>wir mit Erwin vom nachhaltiges atelier Kleerlijk.<\/p>\n\n\n\n<h3 class=\"wp-block-heading\"><strong>Was genau macht Kleerlijk?<\/strong><\/h3>\n\n\n\n<p>Bei nachhaltiges atelier <a href=\"https:\/\/www.kleerlijk.com\/\" target=\"_blank\" rel=\"noreferrer noopener\">Kleerlijk<\/a> stellen wir Kleidung f\u00fcr Modemarken aus den Benelux-L\u00e4ndern her. Wir tun dies in Zusammenarbeit mit Menschen, die dem Arbeitsmarkt fern stehen, aber sehr talentiert sind in der Arbeit, die sie tun. Sie haben oft jahrelange Erfahrung in ihrem Fachgebiet, so dass wir viele verschiedene Kleidungsst\u00fccke herstellen k\u00f6nnen. Wir konzentrieren uns zum Beispiel auf T-Shirts, Pullover und Kapuzenpullis, stellen aber auch Cargo-Jeans,&nbsp; Baby- und Kinderkleidung her.<\/p>\n\n\n\n<figure class=\"wp-block-image size-full\"><a href=\"https:\/\/www.nominette.de\/blog\/wp-content\/uploads\/2023\/03\/Kleerlijk-Nominette7-850-x-650-px.jpg\"><img loading=\"lazy\" decoding=\"async\" width=\"850\" height=\"650\" src=\"https:\/\/www.nominette.de\/blog\/wp-content\/uploads\/2023\/03\/Kleerlijk-Nominette7-850-x-650-px.jpg\" alt=\"nachhaltiges atelier Kleerlijk\" class=\"wp-image-10929\" srcset=\"https:\/\/www.nominette.de\/blog\/wp-content\/uploads\/2023\/03\/Kleerlijk-Nominette7-850-x-650-px.jpg 850w, https:\/\/www.nominette.de\/blog\/wp-content\/uploads\/2023\/03\/Kleerlijk-Nominette7-850-x-650-px-300x229.jpg 300w, https:\/\/www.nominette.de\/blog\/wp-content\/uploads\/2023\/03\/Kleerlijk-Nominette7-850-x-650-px-768x587.jpg 768w, https:\/\/www.nominette.de\/blog\/wp-content\/uploads\/2023\/03\/Kleerlijk-Nominette7-850-x-650-px-250x191.jpg 250w, https:\/\/www.nominette.de\/blog\/wp-content\/uploads\/2023\/03\/Kleerlijk-Nominette7-850-x-650-px-550x421.jpg 550w, https:\/\/www.nominette.de\/blog\/wp-content\/uploads\/2023\/03\/Kleerlijk-Nominette7-850-x-650-px-800x612.jpg 800w, https:\/\/www.nominette.de\/blog\/wp-content\/uploads\/2023\/03\/Kleerlijk-Nominette7-850-x-650-px-235x180.jpg 235w, https:\/\/www.nominette.de\/blog\/wp-content\/uploads\/2023\/03\/Kleerlijk-Nominette7-850-x-650-px-392x300.jpg 392w, https:\/\/www.nominette.de\/blog\/wp-content\/uploads\/2023\/03\/Kleerlijk-Nominette7-850-x-650-px-654x500.jpg 654w\" sizes=\"auto, (max-width: 850px) 100vw, 850px\" \/><\/a><\/figure>\n\n\n\n<p>Kleerlijk ist aus meiner (Erwin) eigenen Marke <a href=\"https:\/\/www.rolannclothing.com\/\" target=\"_blank\" rel=\"noreferrer noopener\">Rol\u00e1nn Clothing<\/a> hervorgegangen. Vorher haben wir die Kleidung immer in den Niederlanden produzieren lassen, aber wir waren mit der Geschwindigkeit und der Qualit\u00e4t nicht zufrieden. Als wir h\u00f6rten, dass unser Konfektionspartner aufh\u00f6ren wollte, dachte ich: &#8218;Machen wir es selbst&#8216;. Und so geschah es. Zusammen mit Daniek haben wir daf\u00fcr gesorgt, dass wir jetzt mit etwa 120 Marken zusammenarbeiten. Mit ihnen werden wir daf\u00fcr sorgen, dass wir die lokale Fertigungsindustrie wieder ankurbeln.<\/p>\n\n\n\n<h3 class=\"wp-block-heading\"><strong>Nachhaltige Mode durch lokale Produktion<\/strong><\/h3>\n\n\n\n<p>Wir halten es f\u00fcr wichtig, dass die lokale Mode- und Fertigungsindustrie in die Niederlande zur\u00fcckkehrt. Wir wollen dies erreichen, indem wir es den Marken so einfach wie m\u00f6glich machen, ihre Produkte in den Niederlanden zu produzieren. Das tun wir zum Beispiel, indem wir die St\u00fcckzahlen niedrig halten, mit hochwertigen Stoffen und Veredelungen arbeiten und bei der Herstellung der Kleidungsst\u00fccke einen pers\u00f6nlichen Ansatz w\u00e4hlen. Nat\u00fcrlich achten wir auch auf den Aspekt der Nachhaltigkeit bei der Herstellung der Kleidung. So sorgen wir daf\u00fcr, dass m\u00f6glichst wenig Abfall entsteht, und wenn doch, dann recyceln wir ihn, indem wir ihn zum Beispiel an kleinere \u00f6rtliche Werkst\u00e4tten weitergeben oder andere tolle Projekte damit starten.<\/p>\n\n\n\n<h3 class=\"wp-block-heading\"><strong>Von der Zusammenarbeit zum Mustertag<\/strong><\/h3>\n\n\n\n<p>Der Mustertag ist mein Lieblingsteil des Prozesses. Denn das ist der Tag, an dem der Kunde vorbeikommt und gemeinsam mit uns die Muster f\u00fcr seine Marke erstellt. Dann legen wir zun\u00e4chst die Passform und die Verarbeitung fest und w\u00e4hlen den Stoff aus, der am besten dazu passt. Dann zeichnen wir ein Schnittmuster, schneiden es auf dem Stoff aus und montieren es gleich. Danach probieren wir es mit dem Kunden an und so ist das Muster innerhalb eines Tages fertig! Toll f\u00fcr den Kunden, weil er sofort ein Muster hat, und toll f\u00fcr uns, weil wir genau wissen, was zu tun ist.<\/p>\n\n\n\n<figure class=\"wp-block-image size-full\"><a href=\"https:\/\/www.nominette.de\/blog\/wp-content\/uploads\/2023\/03\/Kleerlijk-Nominette1-lang.jpg\"><img loading=\"lazy\" decoding=\"async\" width=\"850\" height=\"650\" src=\"https:\/\/www.nominette.de\/blog\/wp-content\/uploads\/2023\/03\/Kleerlijk-Nominette1-lang.jpg\" alt=\"nachhaltiges atelier Kleerlijk\" class=\"wp-image-10939\" srcset=\"https:\/\/www.nominette.de\/blog\/wp-content\/uploads\/2023\/03\/Kleerlijk-Nominette1-lang.jpg 850w, https:\/\/www.nominette.de\/blog\/wp-content\/uploads\/2023\/03\/Kleerlijk-Nominette1-lang-300x229.jpg 300w, https:\/\/www.nominette.de\/blog\/wp-content\/uploads\/2023\/03\/Kleerlijk-Nominette1-lang-768x587.jpg 768w, https:\/\/www.nominette.de\/blog\/wp-content\/uploads\/2023\/03\/Kleerlijk-Nominette1-lang-250x191.jpg 250w, https:\/\/www.nominette.de\/blog\/wp-content\/uploads\/2023\/03\/Kleerlijk-Nominette1-lang-550x421.jpg 550w, https:\/\/www.nominette.de\/blog\/wp-content\/uploads\/2023\/03\/Kleerlijk-Nominette1-lang-800x612.jpg 800w, https:\/\/www.nominette.de\/blog\/wp-content\/uploads\/2023\/03\/Kleerlijk-Nominette1-lang-235x180.jpg 235w, https:\/\/www.nominette.de\/blog\/wp-content\/uploads\/2023\/03\/Kleerlijk-Nominette1-lang-392x300.jpg 392w, https:\/\/www.nominette.de\/blog\/wp-content\/uploads\/2023\/03\/Kleerlijk-Nominette1-lang-654x500.jpg 654w\" sizes=\"auto, (max-width: 850px) 100vw, 850px\" \/><\/a><\/figure>\n\n\n\n<h3 class=\"wp-block-heading\"><strong>Wachstum durch Qualit\u00e4t, Pers\u00f6nlichkeit und Kompetenz<\/strong><\/h3>\n\n\n\n<p>Vor allem in Sachen Qualit\u00e4t sind wir in den letzten Jahren gewachsen. Wir haben mehr und bessere Stoffe, eine gr\u00f6\u00dfere Vielfalt an Kleidungsst\u00fccken, die wir herstellen, und viele spezialisierte Mitarbeiter in verschiedenen Bereichen. Vor allem die Schneiderinnen und Schneider sind ein wichtiger Teil von Kleerlijk: Ohne sie h\u00e4tten wir es nicht geschafft.<\/p>\n\n\n\n<p>Eine meiner Lieblingskooperationen ist die mit <a href=\"https:\/\/www.benchellal.com\/\" target=\"_blank\" rel=\"noreferrer noopener\">Benchellal<\/a>. Was den Stress angeht, so hat es einige Jahre gedauert, aber am Ende war es der Prozess, der uns als Atelier in Bezug auf Qualit\u00e4t und Service wachsen lie\u00df.<\/p>\n\n\n\n<p>In Zukunft wollen wir uns in Bezug auf die Stoffe weiter entwickeln. Ich denke, dass wir in Bezug auf Qualit\u00e4t und Geschwindigkeit im Moment gut dastehen, aber wir wollen anfangen, mehr und bessere Produkte zu entwickeln. Das ist eines der Ziele, die f\u00fcr 2023 ganz oben auf der Liste stehen. L\u00e4ngerfristig hoffen wir, mehrere auf einen Bereich spezialisierte Studios er\u00f6ffnen zu k\u00f6nnen. Mit anderen Worten, Ateliers, die sich auf Streetwear, Baby- und Kinderkleidung und Haute Couture konzentrieren. Ansonsten wollen wir vor allem in Bezug auf Qualit\u00e4t, Schnelligkeit und die pers\u00f6nliche Note wachsen.<\/p>\n\n\n\n<figure class=\"wp-block-image size-full\"><a href=\"https:\/\/www.nominette.de\/blog\/wp-content\/uploads\/2023\/03\/Kleerlijk-Nominette4-lang.jpg\"><img loading=\"lazy\" decoding=\"async\" width=\"850\" height=\"650\" src=\"https:\/\/www.nominette.de\/blog\/wp-content\/uploads\/2023\/03\/Kleerlijk-Nominette4-lang.jpg\" alt=\"nachhaltiges atelier Kleerlijk\" class=\"wp-image-10949\" srcset=\"https:\/\/www.nominette.de\/blog\/wp-content\/uploads\/2023\/03\/Kleerlijk-Nominette4-lang.jpg 850w, https:\/\/www.nominette.de\/blog\/wp-content\/uploads\/2023\/03\/Kleerlijk-Nominette4-lang-300x229.jpg 300w, https:\/\/www.nominette.de\/blog\/wp-content\/uploads\/2023\/03\/Kleerlijk-Nominette4-lang-768x587.jpg 768w, https:\/\/www.nominette.de\/blog\/wp-content\/uploads\/2023\/03\/Kleerlijk-Nominette4-lang-250x191.jpg 250w, https:\/\/www.nominette.de\/blog\/wp-content\/uploads\/2023\/03\/Kleerlijk-Nominette4-lang-550x421.jpg 550w, https:\/\/www.nominette.de\/blog\/wp-content\/uploads\/2023\/03\/Kleerlijk-Nominette4-lang-800x612.jpg 800w, https:\/\/www.nominette.de\/blog\/wp-content\/uploads\/2023\/03\/Kleerlijk-Nominette4-lang-235x180.jpg 235w, https:\/\/www.nominette.de\/blog\/wp-content\/uploads\/2023\/03\/Kleerlijk-Nominette4-lang-392x300.jpg 392w, https:\/\/www.nominette.de\/blog\/wp-content\/uploads\/2023\/03\/Kleerlijk-Nominette4-lang-654x500.jpg 654w\" sizes=\"auto, (max-width: 850px) 100vw, 850px\" \/><\/a><\/figure>\n\n\n\n<h3 class=\"wp-block-heading\"><strong>Kleerlijk &amp; Nominette<\/strong><\/h3>\n\n\n\n<p>Seit etwa einem Jahr bestellen wir unsere Etiketten bei <a href=\"http:\/\/www.nominette.de\" target=\"_blank\" rel=\"noreferrer noopener\">Nominette<\/a>. In der Regel handelt es sich dabei um <a href=\"https:\/\/www.nominette.de\/kleideretikett-25mm\" target=\"_blank\" rel=\"noreferrer noopener\">Hals- und Waschetiketten<\/a>, denn das sind die Etiketten, die unsere Kunden w\u00fcnschen.<\/p>\n\n\n\n<p>Mit den Etiketten von Nominette sind wir vor allem wegen der Schnelligkeit zufrieden. Manchmal wird es hektisch, dann m\u00fcssen wir schnell handeln, und Nominette hilft uns dabei sehr gut. Deshalb empfehlen wir unsere Kunden auch an Nominette weiter.<\/p>\n","protected":false},"excerpt":{"rendered":"<p>In unserer Rubrik \u2018creator in the spotlight\u2019 stellen wir Kreative und Unternehmer ins Rampenlicht, um \u00fcber ihre Leidenschaft zu sprechen. Dieses Mal sprechen wir mit Erwin vom nachhaltiges atelier Kleerlijk. Was genau macht Kleerlijk? Bei nachhaltiges atelier Kleerlijk stellen wir Kleidung f\u00fcr Modemarken aus den Benelux-L\u00e4ndern her. Wir tun dies in Zusammenarbeit mit Menschen, die&hellip;<\/p>\n","protected":false},"author":1,"featured_media":10983,"comment_status":"closed","ping_status":"closed","sticky":false,"template":"","format":"standard","meta":{"footnotes":""},"categories":[552],"tags":[],"class_list":["post-10982","post","type-post","status-publish","format-standard","has-post-thumbnail","hentry","category-creator-in-the-spotlight-6"],"yoast_head":"<!-- This site is optimized with the Yoast SEO plugin v24.7 - https:\/\/yoast.com\/wordpress\/plugins\/seo\/ -->\n<title>nachhaltiges atelier Kleerlijk<\/title>\n<meta name=\"description\" content=\"In der Rubrik &quot;Sch\u00f6pfer im Rampenlicht&quot; sprechen Kreative und Unternehmer \u00fcber ihre Leidenschaft. Diesmal: Nachhaltiges atelier Kleerlijk\" \/>\n<meta name=\"robots\" content=\"index, follow, max-snippet:-1, max-image-preview:large, max-video-preview:-1\" \/>\n<link rel=\"canonical\" href=\"https:\/\/www.nominette.de\/blog\/creator-in-the-spotlight-6\/schoepfer-im-rampenlicht-nachhaltiges-atelier-kleerlijk\" \/>\n<meta property=\"og:locale\" content=\"de_DE\" \/>\n<meta property=\"og:type\" content=\"article\" \/>\n<meta property=\"og:title\" content=\"nachhaltiges atelier Kleerlijk\" \/>\n<meta property=\"og:description\" content=\"In der Rubrik &quot;Sch\u00f6pfer im Rampenlicht&quot; sprechen Kreative und Unternehmer \u00fcber ihre Leidenschaft. Diesmal: Nachhaltiges atelier Kleerlijk\" \/>\n<meta property=\"og:url\" content=\"https:\/\/www.nominette.de\/blog\/creator-in-the-spotlight-6\/schoepfer-im-rampenlicht-nachhaltiges-atelier-kleerlijk\" \/>\n<meta property=\"og:site_name\" content=\"Nominette\" \/>\n<meta property=\"article:publisher\" content=\"https:\/\/www.facebook.com\/Nominette\" \/>\n<meta property=\"article:published_time\" content=\"2023-03-28T08:59:48+00:00\" \/>\n<meta property=\"article:modified_time\" content=\"2023-03-28T08:59:49+00:00\" \/>\n<meta property=\"og:image\" content=\"https:\/\/www.nominette.de\/blog\/wp-content\/uploads\/2023\/03\/Kleerlijk-Nominette7-vierkant-1.jpg\" \/>\n\t<meta property=\"og:image:width\" content=\"650\" \/>\n\t<meta property=\"og:image:height\" content=\"650\" \/>\n\t<meta property=\"og:image:type\" content=\"image\/jpeg\" \/>\n<meta name=\"author\" content=\"Nominette\" \/>\n<meta name=\"twitter:card\" content=\"summary_large_image\" \/>\n<meta name=\"twitter:creator\" content=\"@nominette\" \/>\n<meta name=\"twitter:site\" content=\"@nominette\" \/>\n<meta name=\"twitter:label1\" content=\"Verfasst von\" \/>\n\t<meta name=\"twitter:data1\" content=\"Nominette\" \/>\n\t<meta name=\"twitter:label2\" content=\"Gesch\u00e4tzte Lesezeit\" \/>\n\t<meta name=\"twitter:data2\" content=\"4\u00a0Minuten\" \/>\n<script type=\"application\/ld+json\" class=\"yoast-schema-graph\">{\"@context\":\"https:\/\/schema.org\",\"@graph\":[{\"@type\":\"WebPage\",\"@id\":\"https:\/\/www.nominette.de\/blog\/creator-in-the-spotlight-6\/schoepfer-im-rampenlicht-nachhaltiges-atelier-kleerlijk\",\"url\":\"https:\/\/www.nominette.de\/blog\/creator-in-the-spotlight-6\/schoepfer-im-rampenlicht-nachhaltiges-atelier-kleerlijk\",\"name\":\"nachhaltiges atelier Kleerlijk\",\"isPartOf\":{\"@id\":\"https:\/\/www.nominette.de\/blog#website\"},\"primaryImageOfPage\":{\"@id\":\"https:\/\/www.nominette.de\/blog\/creator-in-the-spotlight-6\/schoepfer-im-rampenlicht-nachhaltiges-atelier-kleerlijk#primaryimage\"},\"image\":{\"@id\":\"https:\/\/www.nominette.de\/blog\/creator-in-the-spotlight-6\/schoepfer-im-rampenlicht-nachhaltiges-atelier-kleerlijk#primaryimage\"},\"thumbnailUrl\":\"https:\/\/www.nominette.de\/blog\/wp-content\/uploads\/2023\/03\/Kleerlijk-Nominette7-vierkant-1.jpg\",\"datePublished\":\"2023-03-28T08:59:48+00:00\",\"dateModified\":\"2023-03-28T08:59:49+00:00\",\"author\":{\"@id\":\"https:\/\/www.nominette.de\/blog#\/schema\/person\/365e9a7b5a80cfd63ce70841993dafc6\"},\"description\":\"In der Rubrik \\\"Sch\u00f6pfer im Rampenlicht\\\" sprechen Kreative und Unternehmer \u00fcber ihre Leidenschaft. Diesmal: Nachhaltiges atelier Kleerlijk\",\"breadcrumb\":{\"@id\":\"https:\/\/www.nominette.de\/blog\/creator-in-the-spotlight-6\/schoepfer-im-rampenlicht-nachhaltiges-atelier-kleerlijk#breadcrumb\"},\"inLanguage\":\"de\",\"potentialAction\":[{\"@type\":\"ReadAction\",\"target\":[\"https:\/\/www.nominette.de\/blog\/creator-in-the-spotlight-6\/schoepfer-im-rampenlicht-nachhaltiges-atelier-kleerlijk\"]}]},{\"@type\":\"ImageObject\",\"inLanguage\":\"de\",\"@id\":\"https:\/\/www.nominette.de\/blog\/creator-in-the-spotlight-6\/schoepfer-im-rampenlicht-nachhaltiges-atelier-kleerlijk#primaryimage\",\"url\":\"https:\/\/www.nominette.de\/blog\/wp-content\/uploads\/2023\/03\/Kleerlijk-Nominette7-vierkant-1.jpg\",\"contentUrl\":\"https:\/\/www.nominette.de\/blog\/wp-content\/uploads\/2023\/03\/Kleerlijk-Nominette7-vierkant-1.jpg\",\"width\":650,\"height\":650},{\"@type\":\"BreadcrumbList\",\"@id\":\"https:\/\/www.nominette.de\/blog\/creator-in-the-spotlight-6\/schoepfer-im-rampenlicht-nachhaltiges-atelier-kleerlijk#breadcrumb\",\"itemListElement\":[{\"@type\":\"ListItem\",\"position\":1,\"name\":\"Home\",\"item\":\"https:\/\/www.nominette.de\/blog\"},{\"@type\":\"ListItem\",\"position\":2,\"name\":\"Sch\u00f6pfer im Rampenlicht: nachhaltiges atelier Kleerlijk\"}]},{\"@type\":\"WebSite\",\"@id\":\"https:\/\/www.nominette.de\/blog#website\",\"url\":\"https:\/\/www.nominette.de\/blog\",\"name\":\"Nominette\",\"description\":\"gepersonaliseerde labels voor handgemaakte spulletjes\",\"potentialAction\":[{\"@type\":\"SearchAction\",\"target\":{\"@type\":\"EntryPoint\",\"urlTemplate\":\"https:\/\/www.nominette.de\/blog?s={search_term_string}\"},\"query-input\":{\"@type\":\"PropertyValueSpecification\",\"valueRequired\":true,\"valueName\":\"search_term_string\"}}],\"inLanguage\":\"de\"},{\"@type\":\"Person\",\"@id\":\"https:\/\/www.nominette.de\/blog#\/schema\/person\/365e9a7b5a80cfd63ce70841993dafc6\",\"name\":\"Nominette\",\"image\":{\"@type\":\"ImageObject\",\"inLanguage\":\"de\",\"@id\":\"https:\/\/www.nominette.de\/blog#\/schema\/person\/image\/\",\"url\":\"https:\/\/secure.gravatar.com\/avatar\/6ab92dc068d690f939e3a4dc1373a3030899b42a58fd9e031f614af68b9db652?s=96&d=mm&r=g\",\"contentUrl\":\"https:\/\/secure.gravatar.com\/avatar\/6ab92dc068d690f939e3a4dc1373a3030899b42a58fd9e031f614af68b9db652?s=96&d=mm&r=g\",\"caption\":\"Nominette\"},\"url\":\"https:\/\/www.nominette.de\/blog\/author\/nominette\"}]}<\/script>\n<!-- \/ Yoast SEO plugin. -->","yoast_head_json":{"title":"nachhaltiges atelier Kleerlijk","description":"In der Rubrik \"Sch\u00f6pfer im Rampenlicht\" sprechen Kreative und Unternehmer \u00fcber ihre Leidenschaft. Diesmal: Nachhaltiges atelier Kleerlijk","robots":{"index":"index","follow":"follow","max-snippet":"max-snippet:-1","max-image-preview":"max-image-preview:large","max-video-preview":"max-video-preview:-1"},"canonical":"https:\/\/www.nominette.de\/blog\/creator-in-the-spotlight-6\/schoepfer-im-rampenlicht-nachhaltiges-atelier-kleerlijk","og_locale":"de_DE","og_type":"article","og_title":"nachhaltiges atelier Kleerlijk","og_description":"In der Rubrik \"Sch\u00f6pfer im Rampenlicht\" sprechen Kreative und Unternehmer \u00fcber ihre Leidenschaft. Diesmal: Nachhaltiges atelier Kleerlijk","og_url":"https:\/\/www.nominette.de\/blog\/creator-in-the-spotlight-6\/schoepfer-im-rampenlicht-nachhaltiges-atelier-kleerlijk","og_site_name":"Nominette","article_publisher":"https:\/\/www.facebook.com\/Nominette","article_published_time":"2023-03-28T08:59:48+00:00","article_modified_time":"2023-03-28T08:59:49+00:00","og_image":[{"width":650,"height":650,"url":"https:\/\/www.nominette.de\/blog\/wp-content\/uploads\/2023\/03\/Kleerlijk-Nominette7-vierkant-1.jpg","type":"image\/jpeg"}],"author":"Nominette","twitter_card":"summary_large_image","twitter_creator":"@nominette","twitter_site":"@nominette","twitter_misc":{"Verfasst von":"Nominette","Gesch\u00e4tzte Lesezeit":"4\u00a0Minuten"},"schema":{"@context":"https:\/\/schema.org","@graph":[{"@type":"WebPage","@id":"https:\/\/www.nominette.de\/blog\/creator-in-the-spotlight-6\/schoepfer-im-rampenlicht-nachhaltiges-atelier-kleerlijk","url":"https:\/\/www.nominette.de\/blog\/creator-in-the-spotlight-6\/schoepfer-im-rampenlicht-nachhaltiges-atelier-kleerlijk","name":"nachhaltiges atelier Kleerlijk","isPartOf":{"@id":"https:\/\/www.nominette.de\/blog#website"},"primaryImageOfPage":{"@id":"https:\/\/www.nominette.de\/blog\/creator-in-the-spotlight-6\/schoepfer-im-rampenlicht-nachhaltiges-atelier-kleerlijk#primaryimage"},"image":{"@id":"https:\/\/www.nominette.de\/blog\/creator-in-the-spotlight-6\/schoepfer-im-rampenlicht-nachhaltiges-atelier-kleerlijk#primaryimage"},"thumbnailUrl":"https:\/\/www.nominette.de\/blog\/wp-content\/uploads\/2023\/03\/Kleerlijk-Nominette7-vierkant-1.jpg","datePublished":"2023-03-28T08:59:48+00:00","dateModified":"2023-03-28T08:59:49+00:00","author":{"@id":"https:\/\/www.nominette.de\/blog#\/schema\/person\/365e9a7b5a80cfd63ce70841993dafc6"},"description":"In der Rubrik \"Sch\u00f6pfer im Rampenlicht\" sprechen Kreative und Unternehmer \u00fcber ihre Leidenschaft. Diesmal: Nachhaltiges atelier Kleerlijk","breadcrumb":{"@id":"https:\/\/www.nominette.de\/blog\/creator-in-the-spotlight-6\/schoepfer-im-rampenlicht-nachhaltiges-atelier-kleerlijk#breadcrumb"},"inLanguage":"de","potentialAction":[{"@type":"ReadAction","target":["https:\/\/www.nominette.de\/blog\/creator-in-the-spotlight-6\/schoepfer-im-rampenlicht-nachhaltiges-atelier-kleerlijk"]}]},{"@type":"ImageObject","inLanguage":"de","@id":"https:\/\/www.nominette.de\/blog\/creator-in-the-spotlight-6\/schoepfer-im-rampenlicht-nachhaltiges-atelier-kleerlijk#primaryimage","url":"https:\/\/www.nominette.de\/blog\/wp-content\/uploads\/2023\/03\/Kleerlijk-Nominette7-vierkant-1.jpg","contentUrl":"https:\/\/www.nominette.de\/blog\/wp-content\/uploads\/2023\/03\/Kleerlijk-Nominette7-vierkant-1.jpg","width":650,"height":650},{"@type":"BreadcrumbList","@id":"https:\/\/www.nominette.de\/blog\/creator-in-the-spotlight-6\/schoepfer-im-rampenlicht-nachhaltiges-atelier-kleerlijk#breadcrumb","itemListElement":[{"@type":"ListItem","position":1,"name":"Home","item":"https:\/\/www.nominette.de\/blog"},{"@type":"ListItem","position":2,"name":"Sch\u00f6pfer im Rampenlicht: nachhaltiges atelier Kleerlijk"}]},{"@type":"WebSite","@id":"https:\/\/www.nominette.de\/blog#website","url":"https:\/\/www.nominette.de\/blog","name":"Nominette","description":"gepersonaliseerde labels voor handgemaakte spulletjes","potentialAction":[{"@type":"SearchAction","target":{"@type":"EntryPoint","urlTemplate":"https:\/\/www.nominette.de\/blog?s={search_term_string}"},"query-input":{"@type":"PropertyValueSpecification","valueRequired":true,"valueName":"search_term_string"}}],"inLanguage":"de"},{"@type":"Person","@id":"https:\/\/www.nominette.de\/blog#\/schema\/person\/365e9a7b5a80cfd63ce70841993dafc6","name":"Nominette","image":{"@type":"ImageObject","inLanguage":"de","@id":"https:\/\/www.nominette.de\/blog#\/schema\/person\/image\/","url":"https:\/\/secure.gravatar.com\/avatar\/6ab92dc068d690f939e3a4dc1373a3030899b42a58fd9e031f614af68b9db652?s=96&d=mm&r=g","contentUrl":"https:\/\/secure.gravatar.com\/avatar\/6ab92dc068d690f939e3a4dc1373a3030899b42a58fd9e031f614af68b9db652?s=96&d=mm&r=g","caption":"Nominette"},"url":"https:\/\/www.nominette.de\/blog\/author\/nominette"}]}},"_links":{"self":[{"href":"https:\/\/www.nominette.de\/blog\/wp-json\/wp\/v2\/posts\/10982","targetHints":{"allow":["GET"]}}],"collection":[{"href":"https:\/\/www.nominette.de\/blog\/wp-json\/wp\/v2\/posts"}],"about":[{"href":"https:\/\/www.nominette.de\/blog\/wp-json\/wp\/v2\/types\/post"}],"author":[{"embeddable":true,"href":"https:\/\/www.nominette.de\/blog\/wp-json\/wp\/v2\/users\/1"}],"replies":[{"embeddable":true,"href":"https:\/\/www.nominette.de\/blog\/wp-json\/wp\/v2\/comments?post=10982"}],"version-history":[{"count":2,"href":"https:\/\/www.nominette.de\/blog\/wp-json\/wp\/v2\/posts\/10982\/revisions"}],"predecessor-version":[{"id":11001,"href":"https:\/\/www.nominette.de\/blog\/wp-json\/wp\/v2\/posts\/10982\/revisions\/11001"}],"wp:featuredmedia":[{"embeddable":true,"href":"https:\/\/www.nominette.de\/blog\/wp-json\/wp\/v2\/media\/10983"}],"wp:attachment":[{"href":"https:\/\/www.nominette.de\/blog\/wp-json\/wp\/v2\/media?parent=10982"}],"wp:term":[{"taxonomy":"category","embeddable":true,"href":"https:\/\/www.nominette.de\/blog\/wp-json\/wp\/v2\/categories?post=10982"},{"taxonomy":"post_tag","embeddable":true,"href":"https:\/\/www.nominette.de\/blog\/wp-json\/wp\/v2\/tags?post=10982"}],"curies":[{"name":"wp","href":"https:\/\/api.w.org\/{rel}","templated":true}]}}