{"id":10822,"date":"2023-02-15T14:30:00","date_gmt":"2023-02-15T13:30:00","guid":{"rendered":"https:\/\/www.nominette.com\/blog?p=10822"},"modified":"2023-02-10T12:08:06","modified_gmt":"2023-02-10T11:08:06","slug":"die-merkmale-eines-gewebten-etiketts","status":"publish","type":"post","link":"https:\/\/www.nominette.de\/blog\/entwerfe-dein-eigenes-etikette\/die-merkmale-eines-gewebten-etiketts","title":{"rendered":"<strong>Die Merkmale eines gewebten Etiketts<\/strong>"},"content":{"rendered":"\n<p>Ein Etikett in Ihrer eigenen Kleidung oder Ihrem Produkt. Es ist nicht nur super praktisch f\u00fcr die Wiedererkennung und verhindert, dass Ihre Sachen verloren gehen, sondern gibt auch einer (handgemachten) Kreation den letzten Schliff. Als Branding f\u00fcr Ihre eigene Marke oder einfach als Sahneh\u00e4ubchen auf Ihrer handgefertigten Kreation.<\/p>\n\n\n\n<p>Dass Sie ein personalisiertes Etikett w\u00fcnschen, ist klar, aber entscheiden Sie sich f\u00fcr ein gewebtes oder ein gedrucktes Etikett? Wir listen die Merkmale eines gewebten Etiketts f\u00fcr Sie auf!<\/p>\n\n\n\n<figure class=\"wp-block-image size-large\"><a href=\"https:\/\/www.nominette.de\/blog\/wp-content\/uploads\/2023\/01\/soft-materials-and-colors.png\"><img loading=\"lazy\" decoding=\"async\" width=\"1024\" height=\"683\" src=\"https:\/\/www.nominette.de\/blog\/wp-content\/uploads\/2023\/01\/soft-materials-and-colors-1024x683.png\" alt=\"Die Merkmale eines gewebten Etiketts\" class=\"wp-image-10799\" srcset=\"https:\/\/www.nominette.de\/blog\/wp-content\/uploads\/2023\/01\/soft-materials-and-colors-1024x683.png 1024w, https:\/\/www.nominette.de\/blog\/wp-content\/uploads\/2023\/01\/soft-materials-and-colors-300x200.png 300w, https:\/\/www.nominette.de\/blog\/wp-content\/uploads\/2023\/01\/soft-materials-and-colors-768x512.png 768w, https:\/\/www.nominette.de\/blog\/wp-content\/uploads\/2023\/01\/soft-materials-and-colors-1536x1024.png 1536w, https:\/\/www.nominette.de\/blog\/wp-content\/uploads\/2023\/01\/soft-materials-and-colors-2048x1365.png 2048w, https:\/\/www.nominette.de\/blog\/wp-content\/uploads\/2023\/01\/soft-materials-and-colors-250x167.png 250w, https:\/\/www.nominette.de\/blog\/wp-content\/uploads\/2023\/01\/soft-materials-and-colors-550x367.png 550w, https:\/\/www.nominette.de\/blog\/wp-content\/uploads\/2023\/01\/soft-materials-and-colors-800x533.png 800w, https:\/\/www.nominette.de\/blog\/wp-content\/uploads\/2023\/01\/soft-materials-and-colors-270x180.png 270w, https:\/\/www.nominette.de\/blog\/wp-content\/uploads\/2023\/01\/soft-materials-and-colors-450x300.png 450w, https:\/\/www.nominette.de\/blog\/wp-content\/uploads\/2023\/01\/soft-materials-and-colors-750x500.png 750w\" sizes=\"auto, (max-width: 1024px) 100vw, 1024px\" \/><\/a><\/figure>\n\n\n\n<h3 class=\"wp-block-heading\"><strong>Gewebt vs. gedruckt<\/strong><\/h3>\n\n\n\n<p>Was genau ist also der Unterschied zwischen einem gewebten und einem gedruckten Etikett? Wir werden dies im Folgenden kurz erkl\u00e4ren.<\/p>\n\n\n\n<p>Bei einem gewebten Etikett werden die F\u00e4den Ihres zuk\u00fcnftigen Etiketts in einer bestimmten Reihenfolge miteinander verwoben. Der Webstuhl folgt einem Programm, bei dem vertikale F\u00e4den auf und ab gehen.&nbsp; Dazwischen wird ein horizontaler Draht geschossen. Durch das Verweben dieser F\u00e4den entsteht ein St\u00fcck Textil (Ihr Etikett) mit dem Muster Ihres Textes oder Logos in den Farben Ihrer Wahl.<\/p>\n\n\n\n<p>Bei einem bedruckten Etikett existiert das Textilteil (das Etikett) bereits und Ihr Text\/Logo wird mit Tinte darauf gedruckt.<\/p>\n\n\n\n<h3 class=\"wp-block-heading\"><strong>Farbecht und strapazierf\u00e4hig &#8211; ein nachhaltiges Label<\/strong><\/h3>\n\n\n\n<p>Nominette arbeitet mit <a href=\"https:\/\/presentation.newlifeyarns.com\/\" target=\"_blank\" rel=\"noreferrer noopener\">Newlife-Garn<\/a>, hergestellt\u00a0 aus recycelten PET-Flaschen. Unsere Etiketten werden also aus 100 % Polyestergarn gewebt, sind farbecht und bis zu 90 Grad waschbar. Das bedeutet, dass Sie keine Probleme mit verlaufenden Farben oder verblassendem Text haben werden. Ihre gewebten Nominette-Etiketten werden jahrelang sch\u00f6n bleiben. Also sehr nachhaltig.<\/p>\n\n\n\n<figure class=\"wp-block-image size-full\"><a href=\"https:\/\/www.nominette.de\/blog\/wp-content\/uploads\/2023\/01\/2022_nominette_labellogo3_web.jpg\"><img loading=\"lazy\" decoding=\"async\" width=\"1000\" height=\"800\" src=\"https:\/\/www.nominette.de\/blog\/wp-content\/uploads\/2023\/01\/2022_nominette_labellogo3_web.jpg\" alt=\"Die Merkmale eines gewebten Etiketts\" class=\"wp-image-10804\" srcset=\"https:\/\/www.nominette.de\/blog\/wp-content\/uploads\/2023\/01\/2022_nominette_labellogo3_web.jpg 1000w, https:\/\/www.nominette.de\/blog\/wp-content\/uploads\/2023\/01\/2022_nominette_labellogo3_web-300x240.jpg 300w, https:\/\/www.nominette.de\/blog\/wp-content\/uploads\/2023\/01\/2022_nominette_labellogo3_web-768x614.jpg 768w, https:\/\/www.nominette.de\/blog\/wp-content\/uploads\/2023\/01\/2022_nominette_labellogo3_web-250x200.jpg 250w, https:\/\/www.nominette.de\/blog\/wp-content\/uploads\/2023\/01\/2022_nominette_labellogo3_web-550x440.jpg 550w, https:\/\/www.nominette.de\/blog\/wp-content\/uploads\/2023\/01\/2022_nominette_labellogo3_web-800x640.jpg 800w, https:\/\/www.nominette.de\/blog\/wp-content\/uploads\/2023\/01\/2022_nominette_labellogo3_web-225x180.jpg 225w, https:\/\/www.nominette.de\/blog\/wp-content\/uploads\/2023\/01\/2022_nominette_labellogo3_web-375x300.jpg 375w, https:\/\/www.nominette.de\/blog\/wp-content\/uploads\/2023\/01\/2022_nominette_labellogo3_web-625x500.jpg 625w\" sizes=\"auto, (max-width: 1000px) 100vw, 1000px\" \/><\/a><\/figure>\n\n\n\n<h3 class=\"wp-block-heading\"><strong>Luxuri\u00f6ses Aussehen<\/strong><\/h3>\n\n\n\n<p>Finden Sie nicht auch, ein Etikett mit Ihrem eigenen Text oder Logo, das in das Etikett eingewebt ist, sieht viel luxuri\u00f6ser aus als ein gedrucktes Etikett. Ein gewebtes Etikett hat einfach einen sch\u00f6nen luxuri\u00f6sen Look. Wichtig, wenn Sie ein gutes Branding f\u00fcr Ihre eigene Marke erstellen wollen!<\/p>\n\n\n\n<h3 class=\"wp-block-heading\"><strong>Einfach in kleinen Mengen zu bestellen<\/strong><\/h3>\n\n\n\n<p>Der Bestellvorgang ist sehr einfach. Sie folgen die Schritte des Designtools auf <a href=\"http:\/\/www.nominette.de\" target=\"_blank\" rel=\"noreferrer noopener\">unserer Website<\/a> und laden eventuell Ihr <a href=\"https:\/\/www.nominette.de\/kleideretikett-logo-25mm\" target=\"_blank\" rel=\"noreferrer noopener\">eigenes Logo hoch<\/a>. Sie sehen sofort eine Simulation Ihres Etiketts. Unsere personalisierten, gewebten Etiketten k\u00f6nnen bereits ab 50 St\u00fcck bestellt werden. Neugierig auf die M\u00f6glichkeiten eines gewebten Etiketts? Schauen Sie sich <a href=\"https:\/\/www.nominette.de\/unsere-produkte\" target=\"_blank\" rel=\"noreferrer noopener\">unser Sortiment<\/a> an!<\/p>\n","protected":false},"excerpt":{"rendered":"<p>Ein Etikett in Ihrer eigenen Kleidung oder Ihrem Produkt. Es ist nicht nur super praktisch f\u00fcr die Wiedererkennung und verhindert, dass Ihre Sachen verloren gehen, sondern gibt auch einer (handgemachten) Kreation den letzten Schliff. Als Branding f\u00fcr Ihre eigene Marke oder einfach als Sahneh\u00e4ubchen auf Ihrer handgefertigten Kreation. Dass Sie ein personalisiertes Etikett w\u00fcnschen, ist&hellip;<\/p>\n","protected":false},"author":1,"featured_media":10823,"comment_status":"closed","ping_status":"closed","sticky":false,"template":"","format":"standard","meta":{"footnotes":""},"categories":[519],"tags":[],"class_list":["post-10822","post","type-post","status-publish","format-standard","has-post-thumbnail","hentry","category-entwerfe-dein-eigenes-etikette"],"yoast_head":"<!-- This site is optimized with the Yoast SEO plugin v24.7 - https:\/\/yoast.com\/wordpress\/plugins\/seo\/ -->\n<title>Die Merkmale eines gewebten Etiketts - Nominette<\/title>\n<meta name=\"description\" content=\"Sie suchen ein Kleidungslabel f\u00fcr Ihre eigene Marke oder Kreation? Wir listen f\u00fcr Sie die Merkmale eines gewebten Etiketts\" \/>\n<meta name=\"robots\" content=\"index, follow, max-snippet:-1, max-image-preview:large, max-video-preview:-1\" \/>\n<link rel=\"canonical\" href=\"https:\/\/www.nominette.de\/blog\/entwerfe-dein-eigenes-etikette\/die-merkmale-eines-gewebten-etiketts\" \/>\n<meta property=\"og:locale\" content=\"de_DE\" \/>\n<meta property=\"og:type\" content=\"article\" \/>\n<meta property=\"og:title\" content=\"Die Merkmale eines gewebten Etiketts - Nominette\" \/>\n<meta property=\"og:description\" content=\"Sie suchen ein Kleidungslabel f\u00fcr Ihre eigene Marke oder Kreation? Wir listen f\u00fcr Sie die Merkmale eines gewebten Etiketts\" \/>\n<meta property=\"og:url\" content=\"https:\/\/www.nominette.de\/blog\/entwerfe-dein-eigenes-etikette\/die-merkmale-eines-gewebten-etiketts\" \/>\n<meta property=\"og:site_name\" content=\"Nominette\" \/>\n<meta property=\"article:publisher\" content=\"https:\/\/www.facebook.com\/Nominette\" \/>\n<meta property=\"article:published_time\" content=\"2023-02-15T13:30:00+00:00\" \/>\n<meta property=\"og:image\" content=\"https:\/\/www.nominette.de\/blog\/wp-content\/uploads\/2023\/02\/2022_nomi_beginnendemerken_1966_liggend-2.jpg\" \/>\n\t<meta property=\"og:image:width\" content=\"1500\" \/>\n\t<meta property=\"og:image:height\" content=\"1000\" \/>\n\t<meta property=\"og:image:type\" content=\"image\/jpeg\" \/>\n<meta name=\"author\" content=\"Nominette\" \/>\n<meta name=\"twitter:card\" content=\"summary_large_image\" \/>\n<meta name=\"twitter:creator\" content=\"@nominette\" \/>\n<meta name=\"twitter:site\" content=\"@nominette\" \/>\n<meta name=\"twitter:label1\" content=\"Verfasst von\" \/>\n\t<meta name=\"twitter:data1\" content=\"Nominette\" \/>\n\t<meta name=\"twitter:label2\" content=\"Gesch\u00e4tzte Lesezeit\" \/>\n\t<meta name=\"twitter:data2\" content=\"2\u00a0Minuten\" \/>\n<script type=\"application\/ld+json\" class=\"yoast-schema-graph\">{\"@context\":\"https:\/\/schema.org\",\"@graph\":[{\"@type\":\"WebPage\",\"@id\":\"https:\/\/www.nominette.de\/blog\/entwerfe-dein-eigenes-etikette\/die-merkmale-eines-gewebten-etiketts\",\"url\":\"https:\/\/www.nominette.de\/blog\/entwerfe-dein-eigenes-etikette\/die-merkmale-eines-gewebten-etiketts\",\"name\":\"Die Merkmale eines gewebten Etiketts - Nominette\",\"isPartOf\":{\"@id\":\"https:\/\/www.nominette.de\/blog#website\"},\"primaryImageOfPage\":{\"@id\":\"https:\/\/www.nominette.de\/blog\/entwerfe-dein-eigenes-etikette\/die-merkmale-eines-gewebten-etiketts#primaryimage\"},\"image\":{\"@id\":\"https:\/\/www.nominette.de\/blog\/entwerfe-dein-eigenes-etikette\/die-merkmale-eines-gewebten-etiketts#primaryimage\"},\"thumbnailUrl\":\"https:\/\/www.nominette.de\/blog\/wp-content\/uploads\/2023\/02\/2022_nomi_beginnendemerken_1966_liggend-2.jpg\",\"datePublished\":\"2023-02-15T13:30:00+00:00\",\"author\":{\"@id\":\"https:\/\/www.nominette.de\/blog#\/schema\/person\/365e9a7b5a80cfd63ce70841993dafc6\"},\"description\":\"Sie suchen ein Kleidungslabel f\u00fcr Ihre eigene Marke oder Kreation? Wir listen f\u00fcr Sie die Merkmale eines gewebten Etiketts\",\"breadcrumb\":{\"@id\":\"https:\/\/www.nominette.de\/blog\/entwerfe-dein-eigenes-etikette\/die-merkmale-eines-gewebten-etiketts#breadcrumb\"},\"inLanguage\":\"de\",\"potentialAction\":[{\"@type\":\"ReadAction\",\"target\":[\"https:\/\/www.nominette.de\/blog\/entwerfe-dein-eigenes-etikette\/die-merkmale-eines-gewebten-etiketts\"]}]},{\"@type\":\"ImageObject\",\"inLanguage\":\"de\",\"@id\":\"https:\/\/www.nominette.de\/blog\/entwerfe-dein-eigenes-etikette\/die-merkmale-eines-gewebten-etiketts#primaryimage\",\"url\":\"https:\/\/www.nominette.de\/blog\/wp-content\/uploads\/2023\/02\/2022_nomi_beginnendemerken_1966_liggend-2.jpg\",\"contentUrl\":\"https:\/\/www.nominette.de\/blog\/wp-content\/uploads\/2023\/02\/2022_nomi_beginnendemerken_1966_liggend-2.jpg\",\"width\":1500,\"height\":1000,\"caption\":\"Merkmale eines gewebten Etiketts\"},{\"@type\":\"BreadcrumbList\",\"@id\":\"https:\/\/www.nominette.de\/blog\/entwerfe-dein-eigenes-etikette\/die-merkmale-eines-gewebten-etiketts#breadcrumb\",\"itemListElement\":[{\"@type\":\"ListItem\",\"position\":1,\"name\":\"Home\",\"item\":\"https:\/\/www.nominette.de\/blog\"},{\"@type\":\"ListItem\",\"position\":2,\"name\":\"Die Merkmale eines gewebten Etiketts\"}]},{\"@type\":\"WebSite\",\"@id\":\"https:\/\/www.nominette.de\/blog#website\",\"url\":\"https:\/\/www.nominette.de\/blog\",\"name\":\"Nominette\",\"description\":\"gepersonaliseerde labels voor handgemaakte spulletjes\",\"potentialAction\":[{\"@type\":\"SearchAction\",\"target\":{\"@type\":\"EntryPoint\",\"urlTemplate\":\"https:\/\/www.nominette.de\/blog?s={search_term_string}\"},\"query-input\":{\"@type\":\"PropertyValueSpecification\",\"valueRequired\":true,\"valueName\":\"search_term_string\"}}],\"inLanguage\":\"de\"},{\"@type\":\"Person\",\"@id\":\"https:\/\/www.nominette.de\/blog#\/schema\/person\/365e9a7b5a80cfd63ce70841993dafc6\",\"name\":\"Nominette\",\"image\":{\"@type\":\"ImageObject\",\"inLanguage\":\"de\",\"@id\":\"https:\/\/www.nominette.de\/blog#\/schema\/person\/image\/\",\"url\":\"https:\/\/secure.gravatar.com\/avatar\/6ab92dc068d690f939e3a4dc1373a3030899b42a58fd9e031f614af68b9db652?s=96&d=mm&r=g\",\"contentUrl\":\"https:\/\/secure.gravatar.com\/avatar\/6ab92dc068d690f939e3a4dc1373a3030899b42a58fd9e031f614af68b9db652?s=96&d=mm&r=g\",\"caption\":\"Nominette\"},\"url\":\"https:\/\/www.nominette.de\/blog\/author\/nominette\"}]}<\/script>\n<!-- \/ Yoast SEO plugin. -->","yoast_head_json":{"title":"Die Merkmale eines gewebten Etiketts - Nominette","description":"Sie suchen ein Kleidungslabel f\u00fcr Ihre eigene Marke oder Kreation? Wir listen f\u00fcr Sie die Merkmale eines gewebten Etiketts","robots":{"index":"index","follow":"follow","max-snippet":"max-snippet:-1","max-image-preview":"max-image-preview:large","max-video-preview":"max-video-preview:-1"},"canonical":"https:\/\/www.nominette.de\/blog\/entwerfe-dein-eigenes-etikette\/die-merkmale-eines-gewebten-etiketts","og_locale":"de_DE","og_type":"article","og_title":"Die Merkmale eines gewebten Etiketts - Nominette","og_description":"Sie suchen ein Kleidungslabel f\u00fcr Ihre eigene Marke oder Kreation? Wir listen f\u00fcr Sie die Merkmale eines gewebten Etiketts","og_url":"https:\/\/www.nominette.de\/blog\/entwerfe-dein-eigenes-etikette\/die-merkmale-eines-gewebten-etiketts","og_site_name":"Nominette","article_publisher":"https:\/\/www.facebook.com\/Nominette","article_published_time":"2023-02-15T13:30:00+00:00","og_image":[{"width":1500,"height":1000,"url":"https:\/\/www.nominette.de\/blog\/wp-content\/uploads\/2023\/02\/2022_nomi_beginnendemerken_1966_liggend-2.jpg","type":"image\/jpeg"}],"author":"Nominette","twitter_card":"summary_large_image","twitter_creator":"@nominette","twitter_site":"@nominette","twitter_misc":{"Verfasst von":"Nominette","Gesch\u00e4tzte Lesezeit":"2\u00a0Minuten"},"schema":{"@context":"https:\/\/schema.org","@graph":[{"@type":"WebPage","@id":"https:\/\/www.nominette.de\/blog\/entwerfe-dein-eigenes-etikette\/die-merkmale-eines-gewebten-etiketts","url":"https:\/\/www.nominette.de\/blog\/entwerfe-dein-eigenes-etikette\/die-merkmale-eines-gewebten-etiketts","name":"Die Merkmale eines gewebten Etiketts - Nominette","isPartOf":{"@id":"https:\/\/www.nominette.de\/blog#website"},"primaryImageOfPage":{"@id":"https:\/\/www.nominette.de\/blog\/entwerfe-dein-eigenes-etikette\/die-merkmale-eines-gewebten-etiketts#primaryimage"},"image":{"@id":"https:\/\/www.nominette.de\/blog\/entwerfe-dein-eigenes-etikette\/die-merkmale-eines-gewebten-etiketts#primaryimage"},"thumbnailUrl":"https:\/\/www.nominette.de\/blog\/wp-content\/uploads\/2023\/02\/2022_nomi_beginnendemerken_1966_liggend-2.jpg","datePublished":"2023-02-15T13:30:00+00:00","author":{"@id":"https:\/\/www.nominette.de\/blog#\/schema\/person\/365e9a7b5a80cfd63ce70841993dafc6"},"description":"Sie suchen ein Kleidungslabel f\u00fcr Ihre eigene Marke oder Kreation? Wir listen f\u00fcr Sie die Merkmale eines gewebten Etiketts","breadcrumb":{"@id":"https:\/\/www.nominette.de\/blog\/entwerfe-dein-eigenes-etikette\/die-merkmale-eines-gewebten-etiketts#breadcrumb"},"inLanguage":"de","potentialAction":[{"@type":"ReadAction","target":["https:\/\/www.nominette.de\/blog\/entwerfe-dein-eigenes-etikette\/die-merkmale-eines-gewebten-etiketts"]}]},{"@type":"ImageObject","inLanguage":"de","@id":"https:\/\/www.nominette.de\/blog\/entwerfe-dein-eigenes-etikette\/die-merkmale-eines-gewebten-etiketts#primaryimage","url":"https:\/\/www.nominette.de\/blog\/wp-content\/uploads\/2023\/02\/2022_nomi_beginnendemerken_1966_liggend-2.jpg","contentUrl":"https:\/\/www.nominette.de\/blog\/wp-content\/uploads\/2023\/02\/2022_nomi_beginnendemerken_1966_liggend-2.jpg","width":1500,"height":1000,"caption":"Merkmale eines gewebten Etiketts"},{"@type":"BreadcrumbList","@id":"https:\/\/www.nominette.de\/blog\/entwerfe-dein-eigenes-etikette\/die-merkmale-eines-gewebten-etiketts#breadcrumb","itemListElement":[{"@type":"ListItem","position":1,"name":"Home","item":"https:\/\/www.nominette.de\/blog"},{"@type":"ListItem","position":2,"name":"Die Merkmale eines gewebten Etiketts"}]},{"@type":"WebSite","@id":"https:\/\/www.nominette.de\/blog#website","url":"https:\/\/www.nominette.de\/blog","name":"Nominette","description":"gepersonaliseerde labels voor handgemaakte spulletjes","potentialAction":[{"@type":"SearchAction","target":{"@type":"EntryPoint","urlTemplate":"https:\/\/www.nominette.de\/blog?s={search_term_string}"},"query-input":{"@type":"PropertyValueSpecification","valueRequired":true,"valueName":"search_term_string"}}],"inLanguage":"de"},{"@type":"Person","@id":"https:\/\/www.nominette.de\/blog#\/schema\/person\/365e9a7b5a80cfd63ce70841993dafc6","name":"Nominette","image":{"@type":"ImageObject","inLanguage":"de","@id":"https:\/\/www.nominette.de\/blog#\/schema\/person\/image\/","url":"https:\/\/secure.gravatar.com\/avatar\/6ab92dc068d690f939e3a4dc1373a3030899b42a58fd9e031f614af68b9db652?s=96&d=mm&r=g","contentUrl":"https:\/\/secure.gravatar.com\/avatar\/6ab92dc068d690f939e3a4dc1373a3030899b42a58fd9e031f614af68b9db652?s=96&d=mm&r=g","caption":"Nominette"},"url":"https:\/\/www.nominette.de\/blog\/author\/nominette"}]}},"_links":{"self":[{"href":"https:\/\/www.nominette.de\/blog\/wp-json\/wp\/v2\/posts\/10822","targetHints":{"allow":["GET"]}}],"collection":[{"href":"https:\/\/www.nominette.de\/blog\/wp-json\/wp\/v2\/posts"}],"about":[{"href":"https:\/\/www.nominette.de\/blog\/wp-json\/wp\/v2\/types\/post"}],"author":[{"embeddable":true,"href":"https:\/\/www.nominette.de\/blog\/wp-json\/wp\/v2\/users\/1"}],"replies":[{"embeddable":true,"href":"https:\/\/www.nominette.de\/blog\/wp-json\/wp\/v2\/comments?post=10822"}],"version-history":[{"count":1,"href":"https:\/\/www.nominette.de\/blog\/wp-json\/wp\/v2\/posts\/10822\/revisions"}],"predecessor-version":[{"id":10828,"href":"https:\/\/www.nominette.de\/blog\/wp-json\/wp\/v2\/posts\/10822\/revisions\/10828"}],"wp:featuredmedia":[{"embeddable":true,"href":"https:\/\/www.nominette.de\/blog\/wp-json\/wp\/v2\/media\/10823"}],"wp:attachment":[{"href":"https:\/\/www.nominette.de\/blog\/wp-json\/wp\/v2\/media?parent=10822"}],"wp:term":[{"taxonomy":"category","embeddable":true,"href":"https:\/\/www.nominette.de\/blog\/wp-json\/wp\/v2\/categories?post=10822"},{"taxonomy":"post_tag","embeddable":true,"href":"https:\/\/www.nominette.de\/blog\/wp-json\/wp\/v2\/tags?post=10822"}],"curies":[{"name":"wp","href":"https:\/\/api.w.org\/{rel}","templated":true}]}}