{"id":10774,"date":"2023-01-12T11:27:34","date_gmt":"2023-01-12T10:27:34","guid":{"rendered":"https:\/\/www.nominette.com\/blog?p=10774"},"modified":"2023-01-12T11:27:35","modified_gmt":"2023-01-12T10:27:35","slug":"neues-jahr-neue-plaene","status":"publish","type":"post","link":"https:\/\/www.nominette.de\/blog\/unkategorisiert\/neues-jahr-neue-plaene","title":{"rendered":"<strong>Neues Jahr, neue Pl\u00e4ne<\/strong>"},"content":{"rendered":"\n<p>Nach einem erfreulichen, erfolgreichen Jahr mit Ihnen, unserer wachsenden Gemeinschaft, als einem der H\u00f6hepunkte, blicken wir zu Beginn eines neuen Jahres gerne mit unseren Zielen f\u00fcr das neue Jahr voraus. Mehr \u00fcber unsere zuk\u00fcnftigen Entwicklungen k\u00f6nnen Sie in diesem Neujahrs-Update lesen.<\/p>\n\n\n\n<h3 class=\"wp-block-heading\">Teilen, inspirieren und verbinden<\/h3>\n\n\n\n<p>Die Gemeinschaft der Nominette-Ersteller w\u00e4chst! Deshalb haben wir im letzten Jahr unseren w\u00f6chentlichen Community Day eingef\u00fchrt (jeden Mittwoch posten wir Ihre Beitr\u00e4ge\/Storys auf unserem Instagram-Account. Tag <a href=\"https:\/\/www.instagram.com\/nominette_labels\" target=\"_blank\" rel=\"noreferrer noopener\">@nominette_labels<\/a>), haben wir ein super lustiges und erfolgreiches Creators Event organisiert und teilen w\u00f6chentlich DIY-Inspirationen in unserer Facebook-Gruppe &#8222;<a href=\"https:\/\/www.facebook.com\/groups\/5175996519119711\" target=\"_blank\" rel=\"noreferrer noopener\">Nominette Creators Community<\/a>&#8222;. Auch im neuen Jahr werden wir wieder viele tolle DIY-Ideen teilen, unsere Community hervorheben und mit w\u00f6chentlichen DIY-Inspirationen, dem Community Day, einem brandneuen Creators-Event und vielem mehr inspirieren!<\/p>\n\n\n\n<h3 class=\"wp-block-heading\">Neue Produktentwicklungen<\/h3>\n\n\n\n<p>Wir bei Nominette konzentrieren uns in diesem Jahr auch auf neue Produktoptionen. Denken Sie an die Erweiterung der Etikettenqualit\u00e4t\/des Materials, der Symbole und der Optionen, um Ihre Etiketten noch mehr zu Ihnen zu machen und mehr M\u00f6glichkeiten f\u00fcr die Namens- und Logoaufkleber.<\/p>\n\n\n\n<h3 class=\"wp-block-heading\">Nachhaltigkeit<\/h3>\n\n\n\n<p>Auch in diesem Jahr steht das Thema Nachhaltigkeit ganz oben auf unserer Agenda. In diesem Jahr ersetzen wir mehr Garnfarben durch <a href=\"https:\/\/presentation.newlifeyarns.com\/\" target=\"_blank\" rel=\"noreferrer noopener\">NewLife recyceltes PET-Garn<\/a>, wir verpflichten uns, den Produktionsabfall zu reduzieren, und wir werden unsere Verpackungsmaterialien nachhaltiger gestalten.<\/p>\n\n\n\n<h3 class=\"wp-block-heading\">Preiserh\u00f6hung<\/h3>\n\n\n\n<p>Es wird Ihnen nicht entgangen sein, dass viele Sektoren mit steigenden Preisen konfrontiert sind. Leider sehen wir uns bei Nominette auch mit h\u00f6heren Material-, Lohn- und Energiekosten konfrontiert, um nur einige Beispiele zu nennen.<\/p>\n\n\n\n<p>Daher werden unsere Preise ab dem 13.01.2023 erh\u00f6ht. F\u00fcr Standardetiketten betr\u00e4gt die Preiserh\u00f6hung 5 % und f\u00fcr spezielle Produkte und\/oder Optionen ist die Erh\u00f6hung je nach Produkt und\/oder Option etwas h\u00f6her. Dar\u00fcber hinaus haben wir neue Preise von unseren Fluggesellschaften erhalten. Diese sind so stark gestiegen, dass wir auch unsere Versandkosten erh\u00f6hen mussten. Der aktuelle Preis f\u00fcr die Versandkosten wird pro Versandart auf der <a href=\"http:\/\/www.nominette.de\" target=\"_blank\" rel=\"noreferrer noopener\">Website<\/a> im Warenkorb angezeigt.<\/p>\n\n\n\n<p>Haben Sie nach diesem Artikel noch Fragen? Geben Sie uns telefonisch oder per E-Mail Bescheid.<\/p>\n\n\n\n<p>Auf ein kreatives 2023!<\/p>\n","protected":false},"excerpt":{"rendered":"<p>Nach einem erfreulichen, erfolgreichen Jahr mit Ihnen, unserer wachsenden Gemeinschaft, als einem der H\u00f6hepunkte, blicken wir zu Beginn eines neuen Jahres gerne mit unseren Zielen f\u00fcr das neue Jahr voraus. Mehr \u00fcber unsere zuk\u00fcnftigen Entwicklungen k\u00f6nnen Sie in diesem Neujahrs-Update lesen. Teilen, inspirieren und verbinden Die Gemeinschaft der Nominette-Ersteller w\u00e4chst! Deshalb haben wir im letzten&hellip;<\/p>\n","protected":false},"author":1,"featured_media":10775,"comment_status":"closed","ping_status":"closed","sticky":false,"template":"","format":"standard","meta":{"footnotes":""},"categories":[211],"tags":[],"class_list":["post-10774","post","type-post","status-publish","format-standard","has-post-thumbnail","hentry","category-unkategorisiert"],"yoast_head":"<!-- This site is optimized with the Yoast SEO plugin v24.7 - https:\/\/yoast.com\/wordpress\/plugins\/seo\/ -->\n<title>Neues Jahr, neue Pl\u00e4ne - Nominette<\/title>\n<meta name=\"description\" content=\"Zu Beginn eines neuen Jahres blicken wir gerne mit unseren Zielen f\u00fcr das neue Jahr voraus. Sie k\u00f6nnen dar\u00fcber in diesem Neujahrs-Update lesen.\" \/>\n<meta name=\"robots\" content=\"index, follow, max-snippet:-1, max-image-preview:large, max-video-preview:-1\" \/>\n<link rel=\"canonical\" href=\"https:\/\/www.nominette.de\/blog\/unkategorisiert\/neues-jahr-neue-plaene\" \/>\n<meta property=\"og:locale\" content=\"de_DE\" \/>\n<meta property=\"og:type\" content=\"article\" \/>\n<meta property=\"og:title\" content=\"Neues Jahr, neue Pl\u00e4ne - Nominette\" \/>\n<meta property=\"og:description\" content=\"Zu Beginn eines neuen Jahres blicken wir gerne mit unseren Zielen f\u00fcr das neue Jahr voraus. Sie k\u00f6nnen dar\u00fcber in diesem Neujahrs-Update lesen.\" \/>\n<meta property=\"og:url\" content=\"https:\/\/www.nominette.de\/blog\/unkategorisiert\/neues-jahr-neue-plaene\" \/>\n<meta property=\"og:site_name\" content=\"Nominette\" \/>\n<meta property=\"article:publisher\" content=\"https:\/\/www.facebook.com\/Nominette\" \/>\n<meta property=\"article:published_time\" content=\"2023-01-12T10:27:34+00:00\" \/>\n<meta property=\"article:modified_time\" content=\"2023-01-12T10:27:35+00:00\" \/>\n<meta property=\"og:image\" content=\"https:\/\/www.nominette.de\/blog\/wp-content\/uploads\/2023\/01\/compose_home_merkjebusiness-2.jpg\" \/>\n\t<meta property=\"og:image:width\" content=\"1000\" \/>\n\t<meta property=\"og:image:height\" content=\"800\" \/>\n\t<meta property=\"og:image:type\" content=\"image\/jpeg\" \/>\n<meta name=\"author\" content=\"Nominette\" \/>\n<meta name=\"twitter:card\" content=\"summary_large_image\" \/>\n<meta name=\"twitter:creator\" content=\"@nominette\" \/>\n<meta name=\"twitter:site\" content=\"@nominette\" \/>\n<meta name=\"twitter:label1\" content=\"Verfasst von\" \/>\n\t<meta name=\"twitter:data1\" content=\"Nominette\" \/>\n\t<meta name=\"twitter:label2\" content=\"Gesch\u00e4tzte Lesezeit\" \/>\n\t<meta name=\"twitter:data2\" content=\"2\u00a0Minuten\" \/>\n<script type=\"application\/ld+json\" class=\"yoast-schema-graph\">{\"@context\":\"https:\/\/schema.org\",\"@graph\":[{\"@type\":\"WebPage\",\"@id\":\"https:\/\/www.nominette.de\/blog\/unkategorisiert\/neues-jahr-neue-plaene\",\"url\":\"https:\/\/www.nominette.de\/blog\/unkategorisiert\/neues-jahr-neue-plaene\",\"name\":\"Neues Jahr, neue Pl\u00e4ne - Nominette\",\"isPartOf\":{\"@id\":\"https:\/\/www.nominette.de\/blog#website\"},\"primaryImageOfPage\":{\"@id\":\"https:\/\/www.nominette.de\/blog\/unkategorisiert\/neues-jahr-neue-plaene#primaryimage\"},\"image\":{\"@id\":\"https:\/\/www.nominette.de\/blog\/unkategorisiert\/neues-jahr-neue-plaene#primaryimage\"},\"thumbnailUrl\":\"https:\/\/www.nominette.de\/blog\/wp-content\/uploads\/2023\/01\/compose_home_merkjebusiness-2.jpg\",\"datePublished\":\"2023-01-12T10:27:34+00:00\",\"dateModified\":\"2023-01-12T10:27:35+00:00\",\"author\":{\"@id\":\"https:\/\/www.nominette.de\/blog#\/schema\/person\/365e9a7b5a80cfd63ce70841993dafc6\"},\"description\":\"Zu Beginn eines neuen Jahres blicken wir gerne mit unseren Zielen f\u00fcr das neue Jahr voraus. Sie k\u00f6nnen dar\u00fcber in diesem Neujahrs-Update lesen.\",\"breadcrumb\":{\"@id\":\"https:\/\/www.nominette.de\/blog\/unkategorisiert\/neues-jahr-neue-plaene#breadcrumb\"},\"inLanguage\":\"de\",\"potentialAction\":[{\"@type\":\"ReadAction\",\"target\":[\"https:\/\/www.nominette.de\/blog\/unkategorisiert\/neues-jahr-neue-plaene\"]}]},{\"@type\":\"ImageObject\",\"inLanguage\":\"de\",\"@id\":\"https:\/\/www.nominette.de\/blog\/unkategorisiert\/neues-jahr-neue-plaene#primaryimage\",\"url\":\"https:\/\/www.nominette.de\/blog\/wp-content\/uploads\/2023\/01\/compose_home_merkjebusiness-2.jpg\",\"contentUrl\":\"https:\/\/www.nominette.de\/blog\/wp-content\/uploads\/2023\/01\/compose_home_merkjebusiness-2.jpg\",\"width\":1000,\"height\":800},{\"@type\":\"BreadcrumbList\",\"@id\":\"https:\/\/www.nominette.de\/blog\/unkategorisiert\/neues-jahr-neue-plaene#breadcrumb\",\"itemListElement\":[{\"@type\":\"ListItem\",\"position\":1,\"name\":\"Home\",\"item\":\"https:\/\/www.nominette.de\/blog\"},{\"@type\":\"ListItem\",\"position\":2,\"name\":\"Neues Jahr, neue Pl\u00e4ne\"}]},{\"@type\":\"WebSite\",\"@id\":\"https:\/\/www.nominette.de\/blog#website\",\"url\":\"https:\/\/www.nominette.de\/blog\",\"name\":\"Nominette\",\"description\":\"gepersonaliseerde labels voor handgemaakte spulletjes\",\"potentialAction\":[{\"@type\":\"SearchAction\",\"target\":{\"@type\":\"EntryPoint\",\"urlTemplate\":\"https:\/\/www.nominette.de\/blog?s={search_term_string}\"},\"query-input\":{\"@type\":\"PropertyValueSpecification\",\"valueRequired\":true,\"valueName\":\"search_term_string\"}}],\"inLanguage\":\"de\"},{\"@type\":\"Person\",\"@id\":\"https:\/\/www.nominette.de\/blog#\/schema\/person\/365e9a7b5a80cfd63ce70841993dafc6\",\"name\":\"Nominette\",\"image\":{\"@type\":\"ImageObject\",\"inLanguage\":\"de\",\"@id\":\"https:\/\/www.nominette.de\/blog#\/schema\/person\/image\/\",\"url\":\"https:\/\/secure.gravatar.com\/avatar\/6ab92dc068d690f939e3a4dc1373a3030899b42a58fd9e031f614af68b9db652?s=96&d=mm&r=g\",\"contentUrl\":\"https:\/\/secure.gravatar.com\/avatar\/6ab92dc068d690f939e3a4dc1373a3030899b42a58fd9e031f614af68b9db652?s=96&d=mm&r=g\",\"caption\":\"Nominette\"},\"url\":\"https:\/\/www.nominette.de\/blog\/author\/nominette\"}]}<\/script>\n<!-- \/ Yoast SEO plugin. -->","yoast_head_json":{"title":"Neues Jahr, neue Pl\u00e4ne - Nominette","description":"Zu Beginn eines neuen Jahres blicken wir gerne mit unseren Zielen f\u00fcr das neue Jahr voraus. Sie k\u00f6nnen dar\u00fcber in diesem Neujahrs-Update lesen.","robots":{"index":"index","follow":"follow","max-snippet":"max-snippet:-1","max-image-preview":"max-image-preview:large","max-video-preview":"max-video-preview:-1"},"canonical":"https:\/\/www.nominette.de\/blog\/unkategorisiert\/neues-jahr-neue-plaene","og_locale":"de_DE","og_type":"article","og_title":"Neues Jahr, neue Pl\u00e4ne - Nominette","og_description":"Zu Beginn eines neuen Jahres blicken wir gerne mit unseren Zielen f\u00fcr das neue Jahr voraus. Sie k\u00f6nnen dar\u00fcber in diesem Neujahrs-Update lesen.","og_url":"https:\/\/www.nominette.de\/blog\/unkategorisiert\/neues-jahr-neue-plaene","og_site_name":"Nominette","article_publisher":"https:\/\/www.facebook.com\/Nominette","article_published_time":"2023-01-12T10:27:34+00:00","article_modified_time":"2023-01-12T10:27:35+00:00","og_image":[{"width":1000,"height":800,"url":"https:\/\/www.nominette.de\/blog\/wp-content\/uploads\/2023\/01\/compose_home_merkjebusiness-2.jpg","type":"image\/jpeg"}],"author":"Nominette","twitter_card":"summary_large_image","twitter_creator":"@nominette","twitter_site":"@nominette","twitter_misc":{"Verfasst von":"Nominette","Gesch\u00e4tzte Lesezeit":"2\u00a0Minuten"},"schema":{"@context":"https:\/\/schema.org","@graph":[{"@type":"WebPage","@id":"https:\/\/www.nominette.de\/blog\/unkategorisiert\/neues-jahr-neue-plaene","url":"https:\/\/www.nominette.de\/blog\/unkategorisiert\/neues-jahr-neue-plaene","name":"Neues Jahr, neue Pl\u00e4ne - Nominette","isPartOf":{"@id":"https:\/\/www.nominette.de\/blog#website"},"primaryImageOfPage":{"@id":"https:\/\/www.nominette.de\/blog\/unkategorisiert\/neues-jahr-neue-plaene#primaryimage"},"image":{"@id":"https:\/\/www.nominette.de\/blog\/unkategorisiert\/neues-jahr-neue-plaene#primaryimage"},"thumbnailUrl":"https:\/\/www.nominette.de\/blog\/wp-content\/uploads\/2023\/01\/compose_home_merkjebusiness-2.jpg","datePublished":"2023-01-12T10:27:34+00:00","dateModified":"2023-01-12T10:27:35+00:00","author":{"@id":"https:\/\/www.nominette.de\/blog#\/schema\/person\/365e9a7b5a80cfd63ce70841993dafc6"},"description":"Zu Beginn eines neuen Jahres blicken wir gerne mit unseren Zielen f\u00fcr das neue Jahr voraus. Sie k\u00f6nnen dar\u00fcber in diesem Neujahrs-Update lesen.","breadcrumb":{"@id":"https:\/\/www.nominette.de\/blog\/unkategorisiert\/neues-jahr-neue-plaene#breadcrumb"},"inLanguage":"de","potentialAction":[{"@type":"ReadAction","target":["https:\/\/www.nominette.de\/blog\/unkategorisiert\/neues-jahr-neue-plaene"]}]},{"@type":"ImageObject","inLanguage":"de","@id":"https:\/\/www.nominette.de\/blog\/unkategorisiert\/neues-jahr-neue-plaene#primaryimage","url":"https:\/\/www.nominette.de\/blog\/wp-content\/uploads\/2023\/01\/compose_home_merkjebusiness-2.jpg","contentUrl":"https:\/\/www.nominette.de\/blog\/wp-content\/uploads\/2023\/01\/compose_home_merkjebusiness-2.jpg","width":1000,"height":800},{"@type":"BreadcrumbList","@id":"https:\/\/www.nominette.de\/blog\/unkategorisiert\/neues-jahr-neue-plaene#breadcrumb","itemListElement":[{"@type":"ListItem","position":1,"name":"Home","item":"https:\/\/www.nominette.de\/blog"},{"@type":"ListItem","position":2,"name":"Neues Jahr, neue Pl\u00e4ne"}]},{"@type":"WebSite","@id":"https:\/\/www.nominette.de\/blog#website","url":"https:\/\/www.nominette.de\/blog","name":"Nominette","description":"gepersonaliseerde labels voor handgemaakte spulletjes","potentialAction":[{"@type":"SearchAction","target":{"@type":"EntryPoint","urlTemplate":"https:\/\/www.nominette.de\/blog?s={search_term_string}"},"query-input":{"@type":"PropertyValueSpecification","valueRequired":true,"valueName":"search_term_string"}}],"inLanguage":"de"},{"@type":"Person","@id":"https:\/\/www.nominette.de\/blog#\/schema\/person\/365e9a7b5a80cfd63ce70841993dafc6","name":"Nominette","image":{"@type":"ImageObject","inLanguage":"de","@id":"https:\/\/www.nominette.de\/blog#\/schema\/person\/image\/","url":"https:\/\/secure.gravatar.com\/avatar\/6ab92dc068d690f939e3a4dc1373a3030899b42a58fd9e031f614af68b9db652?s=96&d=mm&r=g","contentUrl":"https:\/\/secure.gravatar.com\/avatar\/6ab92dc068d690f939e3a4dc1373a3030899b42a58fd9e031f614af68b9db652?s=96&d=mm&r=g","caption":"Nominette"},"url":"https:\/\/www.nominette.de\/blog\/author\/nominette"}]}},"_links":{"self":[{"href":"https:\/\/www.nominette.de\/blog\/wp-json\/wp\/v2\/posts\/10774","targetHints":{"allow":["GET"]}}],"collection":[{"href":"https:\/\/www.nominette.de\/blog\/wp-json\/wp\/v2\/posts"}],"about":[{"href":"https:\/\/www.nominette.de\/blog\/wp-json\/wp\/v2\/types\/post"}],"author":[{"embeddable":true,"href":"https:\/\/www.nominette.de\/blog\/wp-json\/wp\/v2\/users\/1"}],"replies":[{"embeddable":true,"href":"https:\/\/www.nominette.de\/blog\/wp-json\/wp\/v2\/comments?post=10774"}],"version-history":[{"count":1,"href":"https:\/\/www.nominette.de\/blog\/wp-json\/wp\/v2\/posts\/10774\/revisions"}],"predecessor-version":[{"id":10780,"href":"https:\/\/www.nominette.de\/blog\/wp-json\/wp\/v2\/posts\/10774\/revisions\/10780"}],"wp:featuredmedia":[{"embeddable":true,"href":"https:\/\/www.nominette.de\/blog\/wp-json\/wp\/v2\/media\/10775"}],"wp:attachment":[{"href":"https:\/\/www.nominette.de\/blog\/wp-json\/wp\/v2\/media?parent=10774"}],"wp:term":[{"taxonomy":"category","embeddable":true,"href":"https:\/\/www.nominette.de\/blog\/wp-json\/wp\/v2\/categories?post=10774"},{"taxonomy":"post_tag","embeddable":true,"href":"https:\/\/www.nominette.de\/blog\/wp-json\/wp\/v2\/tags?post=10774"}],"curies":[{"name":"wp","href":"https:\/\/api.w.org\/{rel}","templated":true}]}}