{"id":10712,"date":"2022-12-20T09:09:05","date_gmt":"2022-12-20T08:09:05","guid":{"rendered":"https:\/\/www.nominette.com\/blog?p=10712"},"modified":"2022-12-20T09:15:26","modified_gmt":"2022-12-20T08:15:26","slug":"4-diy-ideen-fuer-originellen-weihnachtsschmuck","status":"publish","type":"post","link":"https:\/\/www.nominette.de\/blog\/fest\/weihnachten\/4-diy-ideen-fuer-originellen-weihnachtsschmuck","title":{"rendered":"<strong>4 DIY-Ideen f\u00fcr originellen Weihnachtsschmuck!<\/strong>"},"content":{"rendered":"\n<p>Die Feiertage stehen wieder einmal vor der T\u00fcr und es wird schon flei\u00dfig im und ums Haus herum dekoriert. Was k\u00f6nnte mehr Spa\u00df machen, als sein Zuhause mit selbstgemachtem Weihnachtsschmuck zu dekorieren? Wir geben Ihnen 4 DIY-Ideen f\u00fcr originellen Weihnachtsschmuck!<\/p>\n\n\n\n<h3 class=\"wp-block-heading\">Der letzte Schliff!<\/h3>\n\n\n\n<p>Sie suchen nach einem letzten Schliff f\u00fcr Ihre Weihnachtsdekoration? Wie w\u00e4re es mit einem <a href=\"https:\/\/www.nominette.de\/textbandchen\" target=\"_blank\" rel=\"noreferrer noopener\">Textband<\/a> mit einem originellen Weihnachtswunsch ? Gestalten Sie Ihr eigenes Textband mit einem lustigen Spruch oder einem pers\u00f6nlichen Weihnachtsgru\u00df und w\u00e4hlen Sie eine der vielen Farbkombinationen. So versch\u00f6nern Sie Ihre Weihnachtsdekoration mit einem pers\u00f6nlichen Weihnachtsgru\u00df\u00a0 in Stil und Farbe Ihrer Wahl !<\/p>\n\n\n\n<figure class=\"wp-block-image size-full\"><a href=\"https:\/\/www.nominette.com\/blog\/wp-content\/uploads\/2022\/11\/download.png\"><img loading=\"lazy\" decoding=\"async\" width=\"1000\" height=\"667\" src=\"https:\/\/www.nominette.com\/blog\/wp-content\/uploads\/2022\/11\/download.png\" alt=\"\" class=\"wp-image-10675\" srcset=\"https:\/\/www.nominette.de\/blog\/wp-content\/uploads\/2022\/11\/download.png 1000w, https:\/\/www.nominette.de\/blog\/wp-content\/uploads\/2022\/11\/download-300x200.png 300w, https:\/\/www.nominette.de\/blog\/wp-content\/uploads\/2022\/11\/download-768x512.png 768w, https:\/\/www.nominette.de\/blog\/wp-content\/uploads\/2022\/11\/download-250x167.png 250w, https:\/\/www.nominette.de\/blog\/wp-content\/uploads\/2022\/11\/download-550x367.png 550w, https:\/\/www.nominette.de\/blog\/wp-content\/uploads\/2022\/11\/download-800x534.png 800w, https:\/\/www.nominette.de\/blog\/wp-content\/uploads\/2022\/11\/download-270x180.png 270w, https:\/\/www.nominette.de\/blog\/wp-content\/uploads\/2022\/11\/download-450x300.png 450w, https:\/\/www.nominette.de\/blog\/wp-content\/uploads\/2022\/11\/download-750x500.png 750w\" sizes=\"auto, (max-width: 1000px) 100vw, 1000px\" \/><\/a><\/figure>\n\n\n\n<h3 class=\"wp-block-heading\">Kreativit\u00e4t im Weihnachtsbaum!<\/h3>\n\n\n\n<p>Sie m\u00f6chten die \u00c4rmel hochkrempeln und Ihre eigenen Weihnachtskreationen f\u00fcr den Baum basteln? Dann haben wir ein einfaches und schnelles Weihnachts-DIY f\u00fcr Sie! Basteln Sie diesen Weihnachtsbaum aus einem <a href=\"https:\/\/www.nominette.de\/textbandchen\" target=\"_blank\" rel=\"noreferrer noopener\">gewebten Textband<\/a>. W\u00e4hlen Sie Ihren eigenen Weihnachtswunsch oder einen pers\u00f6nlichen Gru\u00df und reihen Sie das Textband mit Holzperlen zusammen. Eine wirklich originelle Kreation in Ihrem Weihnachtsbaum!<\/p>\n\n\n\n<figure class=\"wp-block-image size-large\"><a href=\"https:\/\/www.nominette.com\/blog\/wp-content\/uploads\/2022\/11\/Kerstversiering_DIY_christmas_eindresultaat5_laag-scaled.jpg\"><img loading=\"lazy\" decoding=\"async\" width=\"1024\" height=\"683\" src=\"https:\/\/www.nominette.com\/blog\/wp-content\/uploads\/2022\/11\/Kerstversiering_DIY_christmas_eindresultaat5_laag-1024x683.jpg\" alt=\"4 DIY-Ideen f\u00fcr originellen Weihnachtsschmuck!\" class=\"wp-image-10655\" srcset=\"https:\/\/www.nominette.de\/blog\/wp-content\/uploads\/2022\/11\/Kerstversiering_DIY_christmas_eindresultaat5_laag-1024x683.jpg 1024w, https:\/\/www.nominette.de\/blog\/wp-content\/uploads\/2022\/11\/Kerstversiering_DIY_christmas_eindresultaat5_laag-300x200.jpg 300w, https:\/\/www.nominette.de\/blog\/wp-content\/uploads\/2022\/11\/Kerstversiering_DIY_christmas_eindresultaat5_laag-768x512.jpg 768w, https:\/\/www.nominette.de\/blog\/wp-content\/uploads\/2022\/11\/Kerstversiering_DIY_christmas_eindresultaat5_laag-1536x1024.jpg 1536w, https:\/\/www.nominette.de\/blog\/wp-content\/uploads\/2022\/11\/Kerstversiering_DIY_christmas_eindresultaat5_laag-2048x1365.jpg 2048w, https:\/\/www.nominette.de\/blog\/wp-content\/uploads\/2022\/11\/Kerstversiering_DIY_christmas_eindresultaat5_laag-250x167.jpg 250w, https:\/\/www.nominette.de\/blog\/wp-content\/uploads\/2022\/11\/Kerstversiering_DIY_christmas_eindresultaat5_laag-550x367.jpg 550w, https:\/\/www.nominette.de\/blog\/wp-content\/uploads\/2022\/11\/Kerstversiering_DIY_christmas_eindresultaat5_laag-800x533.jpg 800w, https:\/\/www.nominette.de\/blog\/wp-content\/uploads\/2022\/11\/Kerstversiering_DIY_christmas_eindresultaat5_laag-270x180.jpg 270w, https:\/\/www.nominette.de\/blog\/wp-content\/uploads\/2022\/11\/Kerstversiering_DIY_christmas_eindresultaat5_laag-450x300.jpg 450w, https:\/\/www.nominette.de\/blog\/wp-content\/uploads\/2022\/11\/Kerstversiering_DIY_christmas_eindresultaat5_laag-750x500.jpg 750w\" sizes=\"auto, (max-width: 1024px) 100vw, 1024px\" \/><\/a><\/figure>\n\n\n\n<h3 class=\"wp-block-heading\">Gute Vors\u00e4tze? Warten Sie nicht und fangen Sie jetzt an!<\/h3>\n\n\n\n<p>Geh\u00f6rt es zu Ihren guten Vors\u00e4tzen f\u00fcr 2023, um sich mehr kreativ zu besch\u00e4ftigen?<\/p>\n\n\n\n<p>Warum warten, wenn Sie auch jetzt damit anfangen k\u00f6nnen? Fangen Sie noch heute an, diese niedlichen Adventst\u00fcten f\u00fcr den Weihnachtsbaum zu basteln und mit einem h\u00fcbschen <a href=\"https:\/\/www.nominette.de\/textbandchen\" target=\"_blank\" rel=\"noreferrer noopener\">Weihnachtsband<\/a> zu schlie\u03b2en. F\u00fcllen Sie die T\u00fcten mit einer kleinen \u00dcberraschung f\u00fcr einen sch\u00f6nen handgemachten Adventskalender.<\/p>\n\n\n\n<figure class=\"wp-block-image size-large\"><a href=\"https:\/\/www.nominette.com\/blog\/wp-content\/uploads\/2022\/11\/Adventskalender-kerstmis-DIY-lint-label-12-laag-scaled.jpg\"><img loading=\"lazy\" decoding=\"async\" width=\"1024\" height=\"761\" src=\"https:\/\/www.nominette.com\/blog\/wp-content\/uploads\/2022\/11\/Adventskalender-kerstmis-DIY-lint-label-12-laag-1024x761.jpg\" alt=\"4 DIY-Ideen f\u00fcr originellen Weihnachtsschmuck!\" class=\"wp-image-10665\" srcset=\"https:\/\/www.nominette.de\/blog\/wp-content\/uploads\/2022\/11\/Adventskalender-kerstmis-DIY-lint-label-12-laag-1024x761.jpg 1024w, https:\/\/www.nominette.de\/blog\/wp-content\/uploads\/2022\/11\/Adventskalender-kerstmis-DIY-lint-label-12-laag-300x223.jpg 300w, https:\/\/www.nominette.de\/blog\/wp-content\/uploads\/2022\/11\/Adventskalender-kerstmis-DIY-lint-label-12-laag-768x570.jpg 768w, https:\/\/www.nominette.de\/blog\/wp-content\/uploads\/2022\/11\/Adventskalender-kerstmis-DIY-lint-label-12-laag-1536x1141.jpg 1536w, https:\/\/www.nominette.de\/blog\/wp-content\/uploads\/2022\/11\/Adventskalender-kerstmis-DIY-lint-label-12-laag-2048x1521.jpg 2048w, https:\/\/www.nominette.de\/blog\/wp-content\/uploads\/2022\/11\/Adventskalender-kerstmis-DIY-lint-label-12-laag-250x186.jpg 250w, https:\/\/www.nominette.de\/blog\/wp-content\/uploads\/2022\/11\/Adventskalender-kerstmis-DIY-lint-label-12-laag-550x409.jpg 550w, https:\/\/www.nominette.de\/blog\/wp-content\/uploads\/2022\/11\/Adventskalender-kerstmis-DIY-lint-label-12-laag-800x594.jpg 800w, https:\/\/www.nominette.de\/blog\/wp-content\/uploads\/2022\/11\/Adventskalender-kerstmis-DIY-lint-label-12-laag-242x180.jpg 242w, https:\/\/www.nominette.de\/blog\/wp-content\/uploads\/2022\/11\/Adventskalender-kerstmis-DIY-lint-label-12-laag-404x300.jpg 404w, https:\/\/www.nominette.de\/blog\/wp-content\/uploads\/2022\/11\/Adventskalender-kerstmis-DIY-lint-label-12-laag-673x500.jpg 673w\" sizes=\"auto, (max-width: 1024px) 100vw, 1024px\" \/><\/a><\/figure>\n\n\n\n<h3 class=\"wp-block-heading\">Ho ho ho, frohe Weihnachten!<\/h3>\n\n\n\n<p>Bald ist es soweit, Weihnachten steht vor der T\u00fcr. Haben Sie vor, in diesen kalten Wintertagen ein neues Strickprojekt zu beginnen? Dann nehmen Sie die Herausforderung an, diese s\u00fc\u00dfen Weihnachtsm\u00e4nner zu stricken. Sch\u00f6n als Dekoration f\u00fcr den Esstisch oder neben dem Fernseher Wenn Sie noch einen Schritt weiter gehen wollen, k\u00f6nnen Sie auch Ihre eigenen Weihnachtskugeln mit einer niedlichen Weihnachtsfigur stricken, z. B. einem Rentier! Nat\u00fcrlich k\u00f6nnen Sie Ihrer selbstgestrickten Kreation mit einem <a href=\"http:\/\/www.nominette.de\" target=\"_blank\" rel=\"noreferrer noopener\">selbst gestalteten Etikett<\/a> den letzten Schliff geben!<\/p>\n\n\n\n<figure class=\"wp-block-image size-large\"><a href=\"https:\/\/www.nominette.com\/blog\/wp-content\/uploads\/2022\/11\/Kerst-gehaakte-kerstman-lint-label-6-laag-scaled.jpg\"><img loading=\"lazy\" decoding=\"async\" width=\"1024\" height=\"683\" src=\"https:\/\/www.nominette.com\/blog\/wp-content\/uploads\/2022\/11\/Kerst-gehaakte-kerstman-lint-label-6-laag-1024x683.jpg\" alt=\"4 DIY-Ideen f\u00fcr originellen Weihnachtsschmuck!\" class=\"wp-image-10680\" srcset=\"https:\/\/www.nominette.de\/blog\/wp-content\/uploads\/2022\/11\/Kerst-gehaakte-kerstman-lint-label-6-laag-1024x683.jpg 1024w, https:\/\/www.nominette.de\/blog\/wp-content\/uploads\/2022\/11\/Kerst-gehaakte-kerstman-lint-label-6-laag-300x200.jpg 300w, https:\/\/www.nominette.de\/blog\/wp-content\/uploads\/2022\/11\/Kerst-gehaakte-kerstman-lint-label-6-laag-768x512.jpg 768w, https:\/\/www.nominette.de\/blog\/wp-content\/uploads\/2022\/11\/Kerst-gehaakte-kerstman-lint-label-6-laag-1536x1024.jpg 1536w, https:\/\/www.nominette.de\/blog\/wp-content\/uploads\/2022\/11\/Kerst-gehaakte-kerstman-lint-label-6-laag-2048x1365.jpg 2048w, https:\/\/www.nominette.de\/blog\/wp-content\/uploads\/2022\/11\/Kerst-gehaakte-kerstman-lint-label-6-laag-250x167.jpg 250w, https:\/\/www.nominette.de\/blog\/wp-content\/uploads\/2022\/11\/Kerst-gehaakte-kerstman-lint-label-6-laag-550x367.jpg 550w, https:\/\/www.nominette.de\/blog\/wp-content\/uploads\/2022\/11\/Kerst-gehaakte-kerstman-lint-label-6-laag-800x533.jpg 800w, https:\/\/www.nominette.de\/blog\/wp-content\/uploads\/2022\/11\/Kerst-gehaakte-kerstman-lint-label-6-laag-270x180.jpg 270w, https:\/\/www.nominette.de\/blog\/wp-content\/uploads\/2022\/11\/Kerst-gehaakte-kerstman-lint-label-6-laag-450x300.jpg 450w, https:\/\/www.nominette.de\/blog\/wp-content\/uploads\/2022\/11\/Kerst-gehaakte-kerstman-lint-label-6-laag-750x500.jpg 750w\" sizes=\"auto, (max-width: 1024px) 100vw, 1024px\" \/><\/a><figcaption class=\"wp-element-caption\">Haben Sie Ihre Weihnachtskreation fertiggestellt und mit einem selbst gestalteten Etikett verziert? Dann teilen Sie ein Foto Ihrer Kreation mit uns auf Instagram \u00fcber <a href=\"https:\/\/www.instagram.com\/nominette_labels\" target=\"_blank\" rel=\"noreferrer noopener\">@nominette_labels<\/a>!<\/figcaption><\/figure>\n","protected":false},"excerpt":{"rendered":"<p>Die Feiertage stehen wieder einmal vor der T\u00fcr und es wird schon flei\u00dfig im und ums Haus herum dekoriert. Was k\u00f6nnte mehr Spa\u00df machen, als sein Zuhause mit selbstgemachtem Weihnachtsschmuck zu dekorieren? Wir geben Ihnen 4 DIY-Ideen f\u00fcr originellen Weihnachtsschmuck! Der letzte Schliff! Sie suchen nach einem letzten Schliff f\u00fcr Ihre Weihnachtsdekoration? Wie w\u00e4re es&hellip;<\/p>\n","protected":false},"author":1,"featured_media":10742,"comment_status":"closed","ping_status":"closed","sticky":false,"template":"","format":"standard","meta":{"footnotes":""},"categories":[212,230,419],"tags":[577,580],"class_list":["post-10712","post","type-post","status-publish","format-standard","has-post-thumbnail","hentry","category-uncategorized","category-weihnachten","category-winter-3","tag-diy-4","tag-weihnacht"],"yoast_head":"<!-- This site is optimized with the Yoast SEO plugin v24.7 - https:\/\/yoast.com\/wordpress\/plugins\/seo\/ -->\n<title>4 DIY-Ideen f\u00fcr originellen Weihnachtsschmuck! - Nominette<\/title>\n<meta name=\"description\" content=\"Die Feiertage stehen wieder vor der T\u00fcr. Wir zeigen 4 DIY-Ideen f\u00fcr originellen Weihnachtsschmuck!\" \/>\n<meta name=\"robots\" content=\"index, follow, max-snippet:-1, max-image-preview:large, max-video-preview:-1\" \/>\n<link rel=\"canonical\" href=\"https:\/\/www.nominette.de\/blog\/fest\/weihnachten\/4-diy-ideen-fuer-originellen-weihnachtsschmuck\" \/>\n<meta property=\"og:locale\" content=\"de_DE\" \/>\n<meta property=\"og:type\" content=\"article\" \/>\n<meta property=\"og:title\" content=\"4 DIY-Ideen f\u00fcr originellen Weihnachtsschmuck! - Nominette\" \/>\n<meta property=\"og:description\" content=\"Die Feiertage stehen wieder vor der T\u00fcr. Wir zeigen 4 DIY-Ideen f\u00fcr originellen Weihnachtsschmuck!\" \/>\n<meta property=\"og:url\" content=\"https:\/\/www.nominette.de\/blog\/fest\/weihnachten\/4-diy-ideen-fuer-originellen-weihnachtsschmuck\" \/>\n<meta property=\"og:site_name\" content=\"Nominette\" \/>\n<meta property=\"article:publisher\" content=\"https:\/\/www.facebook.com\/Nominette\" \/>\n<meta property=\"article:published_time\" content=\"2022-12-20T08:09:05+00:00\" \/>\n<meta property=\"article:modified_time\" content=\"2022-12-20T08:15:26+00:00\" \/>\n<meta property=\"og:image\" content=\"https:\/\/www.nominette.de\/blog\/wp-content\/uploads\/2022\/12\/Kerstversiering_christmas_eindresultaat_plant2_laag-scaled.jpg\" \/>\n\t<meta property=\"og:image:width\" content=\"1707\" \/>\n\t<meta property=\"og:image:height\" content=\"2560\" \/>\n\t<meta property=\"og:image:type\" content=\"image\/jpeg\" \/>\n<meta name=\"author\" content=\"Nominette\" \/>\n<meta name=\"twitter:card\" content=\"summary_large_image\" \/>\n<meta name=\"twitter:creator\" content=\"@nominette\" \/>\n<meta name=\"twitter:site\" content=\"@nominette\" \/>\n<meta name=\"twitter:label1\" content=\"Verfasst von\" \/>\n\t<meta name=\"twitter:data1\" content=\"Nominette\" \/>\n\t<meta name=\"twitter:label2\" content=\"Gesch\u00e4tzte Lesezeit\" \/>\n\t<meta name=\"twitter:data2\" content=\"3\u00a0Minuten\" \/>\n<script type=\"application\/ld+json\" class=\"yoast-schema-graph\">{\"@context\":\"https:\/\/schema.org\",\"@graph\":[{\"@type\":\"WebPage\",\"@id\":\"https:\/\/www.nominette.de\/blog\/fest\/weihnachten\/4-diy-ideen-fuer-originellen-weihnachtsschmuck\",\"url\":\"https:\/\/www.nominette.de\/blog\/fest\/weihnachten\/4-diy-ideen-fuer-originellen-weihnachtsschmuck\",\"name\":\"4 DIY-Ideen f\u00fcr originellen Weihnachtsschmuck! - Nominette\",\"isPartOf\":{\"@id\":\"https:\/\/www.nominette.de\/blog#website\"},\"primaryImageOfPage\":{\"@id\":\"https:\/\/www.nominette.de\/blog\/fest\/weihnachten\/4-diy-ideen-fuer-originellen-weihnachtsschmuck#primaryimage\"},\"image\":{\"@id\":\"https:\/\/www.nominette.de\/blog\/fest\/weihnachten\/4-diy-ideen-fuer-originellen-weihnachtsschmuck#primaryimage\"},\"thumbnailUrl\":\"https:\/\/www.nominette.de\/blog\/wp-content\/uploads\/2022\/12\/Kerstversiering_christmas_eindresultaat_plant2_laag-scaled.jpg\",\"datePublished\":\"2022-12-20T08:09:05+00:00\",\"dateModified\":\"2022-12-20T08:15:26+00:00\",\"author\":{\"@id\":\"https:\/\/www.nominette.de\/blog#\/schema\/person\/365e9a7b5a80cfd63ce70841993dafc6\"},\"description\":\"Die Feiertage stehen wieder vor der T\u00fcr. Wir zeigen 4 DIY-Ideen f\u00fcr originellen Weihnachtsschmuck!\",\"breadcrumb\":{\"@id\":\"https:\/\/www.nominette.de\/blog\/fest\/weihnachten\/4-diy-ideen-fuer-originellen-weihnachtsschmuck#breadcrumb\"},\"inLanguage\":\"de\",\"potentialAction\":[{\"@type\":\"ReadAction\",\"target\":[\"https:\/\/www.nominette.de\/blog\/fest\/weihnachten\/4-diy-ideen-fuer-originellen-weihnachtsschmuck\"]}]},{\"@type\":\"ImageObject\",\"inLanguage\":\"de\",\"@id\":\"https:\/\/www.nominette.de\/blog\/fest\/weihnachten\/4-diy-ideen-fuer-originellen-weihnachtsschmuck#primaryimage\",\"url\":\"https:\/\/www.nominette.de\/blog\/wp-content\/uploads\/2022\/12\/Kerstversiering_christmas_eindresultaat_plant2_laag-scaled.jpg\",\"contentUrl\":\"https:\/\/www.nominette.de\/blog\/wp-content\/uploads\/2022\/12\/Kerstversiering_christmas_eindresultaat_plant2_laag-scaled.jpg\",\"width\":1707,\"height\":2560},{\"@type\":\"BreadcrumbList\",\"@id\":\"https:\/\/www.nominette.de\/blog\/fest\/weihnachten\/4-diy-ideen-fuer-originellen-weihnachtsschmuck#breadcrumb\",\"itemListElement\":[{\"@type\":\"ListItem\",\"position\":1,\"name\":\"Home\",\"item\":\"https:\/\/www.nominette.de\/blog\"},{\"@type\":\"ListItem\",\"position\":2,\"name\":\"4 DIY-Ideen f\u00fcr originellen Weihnachtsschmuck!\"}]},{\"@type\":\"WebSite\",\"@id\":\"https:\/\/www.nominette.de\/blog#website\",\"url\":\"https:\/\/www.nominette.de\/blog\",\"name\":\"Nominette\",\"description\":\"gepersonaliseerde labels voor handgemaakte spulletjes\",\"potentialAction\":[{\"@type\":\"SearchAction\",\"target\":{\"@type\":\"EntryPoint\",\"urlTemplate\":\"https:\/\/www.nominette.de\/blog?s={search_term_string}\"},\"query-input\":{\"@type\":\"PropertyValueSpecification\",\"valueRequired\":true,\"valueName\":\"search_term_string\"}}],\"inLanguage\":\"de\"},{\"@type\":\"Person\",\"@id\":\"https:\/\/www.nominette.de\/blog#\/schema\/person\/365e9a7b5a80cfd63ce70841993dafc6\",\"name\":\"Nominette\",\"image\":{\"@type\":\"ImageObject\",\"inLanguage\":\"de\",\"@id\":\"https:\/\/www.nominette.de\/blog#\/schema\/person\/image\/\",\"url\":\"https:\/\/secure.gravatar.com\/avatar\/6ab92dc068d690f939e3a4dc1373a3030899b42a58fd9e031f614af68b9db652?s=96&d=mm&r=g\",\"contentUrl\":\"https:\/\/secure.gravatar.com\/avatar\/6ab92dc068d690f939e3a4dc1373a3030899b42a58fd9e031f614af68b9db652?s=96&d=mm&r=g\",\"caption\":\"Nominette\"},\"url\":\"https:\/\/www.nominette.de\/blog\/author\/nominette\"}]}<\/script>\n<!-- \/ Yoast SEO plugin. -->","yoast_head_json":{"title":"4 DIY-Ideen f\u00fcr originellen Weihnachtsschmuck! - Nominette","description":"Die Feiertage stehen wieder vor der T\u00fcr. Wir zeigen 4 DIY-Ideen f\u00fcr originellen Weihnachtsschmuck!","robots":{"index":"index","follow":"follow","max-snippet":"max-snippet:-1","max-image-preview":"max-image-preview:large","max-video-preview":"max-video-preview:-1"},"canonical":"https:\/\/www.nominette.de\/blog\/fest\/weihnachten\/4-diy-ideen-fuer-originellen-weihnachtsschmuck","og_locale":"de_DE","og_type":"article","og_title":"4 DIY-Ideen f\u00fcr originellen Weihnachtsschmuck! - Nominette","og_description":"Die Feiertage stehen wieder vor der T\u00fcr. Wir zeigen 4 DIY-Ideen f\u00fcr originellen Weihnachtsschmuck!","og_url":"https:\/\/www.nominette.de\/blog\/fest\/weihnachten\/4-diy-ideen-fuer-originellen-weihnachtsschmuck","og_site_name":"Nominette","article_publisher":"https:\/\/www.facebook.com\/Nominette","article_published_time":"2022-12-20T08:09:05+00:00","article_modified_time":"2022-12-20T08:15:26+00:00","og_image":[{"width":1707,"height":2560,"url":"https:\/\/www.nominette.de\/blog\/wp-content\/uploads\/2022\/12\/Kerstversiering_christmas_eindresultaat_plant2_laag-scaled.jpg","type":"image\/jpeg"}],"author":"Nominette","twitter_card":"summary_large_image","twitter_creator":"@nominette","twitter_site":"@nominette","twitter_misc":{"Verfasst von":"Nominette","Gesch\u00e4tzte Lesezeit":"3\u00a0Minuten"},"schema":{"@context":"https:\/\/schema.org","@graph":[{"@type":"WebPage","@id":"https:\/\/www.nominette.de\/blog\/fest\/weihnachten\/4-diy-ideen-fuer-originellen-weihnachtsschmuck","url":"https:\/\/www.nominette.de\/blog\/fest\/weihnachten\/4-diy-ideen-fuer-originellen-weihnachtsschmuck","name":"4 DIY-Ideen f\u00fcr originellen Weihnachtsschmuck! - Nominette","isPartOf":{"@id":"https:\/\/www.nominette.de\/blog#website"},"primaryImageOfPage":{"@id":"https:\/\/www.nominette.de\/blog\/fest\/weihnachten\/4-diy-ideen-fuer-originellen-weihnachtsschmuck#primaryimage"},"image":{"@id":"https:\/\/www.nominette.de\/blog\/fest\/weihnachten\/4-diy-ideen-fuer-originellen-weihnachtsschmuck#primaryimage"},"thumbnailUrl":"https:\/\/www.nominette.de\/blog\/wp-content\/uploads\/2022\/12\/Kerstversiering_christmas_eindresultaat_plant2_laag-scaled.jpg","datePublished":"2022-12-20T08:09:05+00:00","dateModified":"2022-12-20T08:15:26+00:00","author":{"@id":"https:\/\/www.nominette.de\/blog#\/schema\/person\/365e9a7b5a80cfd63ce70841993dafc6"},"description":"Die Feiertage stehen wieder vor der T\u00fcr. Wir zeigen 4 DIY-Ideen f\u00fcr originellen Weihnachtsschmuck!","breadcrumb":{"@id":"https:\/\/www.nominette.de\/blog\/fest\/weihnachten\/4-diy-ideen-fuer-originellen-weihnachtsschmuck#breadcrumb"},"inLanguage":"de","potentialAction":[{"@type":"ReadAction","target":["https:\/\/www.nominette.de\/blog\/fest\/weihnachten\/4-diy-ideen-fuer-originellen-weihnachtsschmuck"]}]},{"@type":"ImageObject","inLanguage":"de","@id":"https:\/\/www.nominette.de\/blog\/fest\/weihnachten\/4-diy-ideen-fuer-originellen-weihnachtsschmuck#primaryimage","url":"https:\/\/www.nominette.de\/blog\/wp-content\/uploads\/2022\/12\/Kerstversiering_christmas_eindresultaat_plant2_laag-scaled.jpg","contentUrl":"https:\/\/www.nominette.de\/blog\/wp-content\/uploads\/2022\/12\/Kerstversiering_christmas_eindresultaat_plant2_laag-scaled.jpg","width":1707,"height":2560},{"@type":"BreadcrumbList","@id":"https:\/\/www.nominette.de\/blog\/fest\/weihnachten\/4-diy-ideen-fuer-originellen-weihnachtsschmuck#breadcrumb","itemListElement":[{"@type":"ListItem","position":1,"name":"Home","item":"https:\/\/www.nominette.de\/blog"},{"@type":"ListItem","position":2,"name":"4 DIY-Ideen f\u00fcr originellen Weihnachtsschmuck!"}]},{"@type":"WebSite","@id":"https:\/\/www.nominette.de\/blog#website","url":"https:\/\/www.nominette.de\/blog","name":"Nominette","description":"gepersonaliseerde labels voor handgemaakte spulletjes","potentialAction":[{"@type":"SearchAction","target":{"@type":"EntryPoint","urlTemplate":"https:\/\/www.nominette.de\/blog?s={search_term_string}"},"query-input":{"@type":"PropertyValueSpecification","valueRequired":true,"valueName":"search_term_string"}}],"inLanguage":"de"},{"@type":"Person","@id":"https:\/\/www.nominette.de\/blog#\/schema\/person\/365e9a7b5a80cfd63ce70841993dafc6","name":"Nominette","image":{"@type":"ImageObject","inLanguage":"de","@id":"https:\/\/www.nominette.de\/blog#\/schema\/person\/image\/","url":"https:\/\/secure.gravatar.com\/avatar\/6ab92dc068d690f939e3a4dc1373a3030899b42a58fd9e031f614af68b9db652?s=96&d=mm&r=g","contentUrl":"https:\/\/secure.gravatar.com\/avatar\/6ab92dc068d690f939e3a4dc1373a3030899b42a58fd9e031f614af68b9db652?s=96&d=mm&r=g","caption":"Nominette"},"url":"https:\/\/www.nominette.de\/blog\/author\/nominette"}]}},"_links":{"self":[{"href":"https:\/\/www.nominette.de\/blog\/wp-json\/wp\/v2\/posts\/10712","targetHints":{"allow":["GET"]}}],"collection":[{"href":"https:\/\/www.nominette.de\/blog\/wp-json\/wp\/v2\/posts"}],"about":[{"href":"https:\/\/www.nominette.de\/blog\/wp-json\/wp\/v2\/types\/post"}],"author":[{"embeddable":true,"href":"https:\/\/www.nominette.de\/blog\/wp-json\/wp\/v2\/users\/1"}],"replies":[{"embeddable":true,"href":"https:\/\/www.nominette.de\/blog\/wp-json\/wp\/v2\/comments?post=10712"}],"version-history":[{"count":2,"href":"https:\/\/www.nominette.de\/blog\/wp-json\/wp\/v2\/posts\/10712\/revisions"}],"predecessor-version":[{"id":10726,"href":"https:\/\/www.nominette.de\/blog\/wp-json\/wp\/v2\/posts\/10712\/revisions\/10726"}],"wp:featuredmedia":[{"embeddable":true,"href":"https:\/\/www.nominette.de\/blog\/wp-json\/wp\/v2\/media\/10742"}],"wp:attachment":[{"href":"https:\/\/www.nominette.de\/blog\/wp-json\/wp\/v2\/media?parent=10712"}],"wp:term":[{"taxonomy":"category","embeddable":true,"href":"https:\/\/www.nominette.de\/blog\/wp-json\/wp\/v2\/categories?post=10712"},{"taxonomy":"post_tag","embeddable":true,"href":"https:\/\/www.nominette.de\/blog\/wp-json\/wp\/v2\/tags?post=10712"}],"curies":[{"name":"wp","href":"https:\/\/api.w.org\/{rel}","templated":true}]}}