{"id":10341,"date":"2021-12-10T12:00:00","date_gmt":"2021-12-10T11:00:00","guid":{"rendered":"https:\/\/www.nominette.com\/blog?p=10341"},"modified":"2021-12-09T09:30:54","modified_gmt":"2021-12-09T08:30:54","slug":"creator-in-the-spotlight-the-bohemian-dream","status":"publish","type":"post","link":"https:\/\/www.nominette.de\/blog\/creator-in-the-spotlight-6\/creator-in-the-spotlight-the-bohemian-dream","title":{"rendered":"Creator in the spotlight: The Bohemian Dream"},"content":{"rendered":"\n<p>In der Rubrik \u201eCreator in the spotlight\u201c stellen wir Kreative und Kleinunternehmer ins Rampenlicht, um von ihrer Leidenschaft zu erz\u00e4hlen. Dieses Mal stellen wir Ihnen Lucie aus <a rel=\"noreferrer noopener\" aria-label=\"The Bohemian Dream (opens in a new tab)\" href=\"https:\/\/instagram.com\/thebohemiandreamlife)\" target=\"_blank\">The Bohemian Dream<\/a> vor.<\/p>\n\n\n\n<h3 class=\"wp-block-heading\">Wer ist Lucie <\/h3>\n\n\n\n<p>Ich habe schon als Kind Kleidung recycelt. Nat\u00fcrlich v\u00f6llig ahnungslos und lange bevor &#8222;Upcycling&#8220; ein Trend war. Meine Gro\u00dfmutter war Modedesignerin, und ich wusste von der &nbsp;Kindheit, dass ich das auch werden wollte. Ich wusste noch nicht, wie man aus einem St\u00fcck Stoff mit einem Muster Kleidung herstellt, also habe ich Second-Hand-Kleidung ge\u00e4ndert, zerschnitten und bemalt. V\u00f6llig ahnungslos, dass dies 20 Jahre sp\u00e4ter mein Beruf w\u00fcrde.<\/p>\n\n\n\n<figure class=\"wp-block-image size-large\"><img loading=\"lazy\" decoding=\"async\" width=\"907\" height=\"1024\" src=\"https:\/\/www.nominette.nl\/blog\/wp-content\/uploads\/2021\/11\/nsndlkjfklje-907x1024.jpg\" alt=\"Lucie, The Bohemian Dream\" class=\"wp-image-10309\" srcset=\"https:\/\/www.nominette.de\/blog\/wp-content\/uploads\/2021\/11\/nsndlkjfklje-907x1024.jpg 907w, https:\/\/www.nominette.de\/blog\/wp-content\/uploads\/2021\/11\/nsndlkjfklje-266x300.jpg 266w, https:\/\/www.nominette.de\/blog\/wp-content\/uploads\/2021\/11\/nsndlkjfklje-768x867.jpg 768w, https:\/\/www.nominette.de\/blog\/wp-content\/uploads\/2021\/11\/nsndlkjfklje-1360x1536.jpg 1360w, https:\/\/www.nominette.de\/blog\/wp-content\/uploads\/2021\/11\/nsndlkjfklje-1814x2048.jpg 1814w, https:\/\/www.nominette.de\/blog\/wp-content\/uploads\/2021\/11\/nsndlkjfklje-250x282.jpg 250w, https:\/\/www.nominette.de\/blog\/wp-content\/uploads\/2021\/11\/nsndlkjfklje-550x621.jpg 550w, https:\/\/www.nominette.de\/blog\/wp-content\/uploads\/2021\/11\/nsndlkjfklje-800x903.jpg 800w, https:\/\/www.nominette.de\/blog\/wp-content\/uploads\/2021\/11\/nsndlkjfklje-159x180.jpg 159w, https:\/\/www.nominette.de\/blog\/wp-content\/uploads\/2021\/11\/nsndlkjfklje-443x500.jpg 443w\" sizes=\"auto, (max-width: 907px) 100vw, 907px\" \/><figcaption>Lucie, The Bohemian Dream<\/figcaption><\/figure>\n\n\n\n<p>Als ich 2011 meine Schneiderausbildung abschloss, beschloss ich, Kleidung ausschlie\u00dflich aus recycelten Materialien herzustellen. Ich wollte auf keinen Fall Teil der Mainstream-Modewelt sein und f\u00fchlte mich daf\u00fcr verantwortlich, meinen Fu\u00dfabdruck zu verkleinern und nicht zu dieser umweltverschmutzenden und verschwenderischen Industrie beizutragen. Unter diesem Gesichtspunkt, gr\u00fcndete ich The Bohemian Dream unter dem Motto: minimaler &nbsp;Verschwendung, maximale Authentizit\u00e4t. <\/p>\n\n\n\n<h3 class=\"wp-block-heading\">Pre-loved, re-loved<\/h3>\n\n\n\n<p>Meine Kleidung ist immer ein Unikat. Ich verwende haupts\u00e4chlich besch\u00e4digte, Secondhand- und Vintage-Kleidung, aber auch alte Stoffe, wie Vorh\u00e4nge, Tischdecken, Bettw\u00e4sche und andere Materialien. Ich w\u00e4hle meine Kleidung sorgf\u00e4ltig in Vintage- und Secondhand-L\u00e4den aus, aber ich bekomme auch Kleidung gespendet oder tausche sie mit anderen nachhaltigen Modedesignern. <\/p>\n\n\n\n<p>Ich liebe es, Stoffe zu sammeln und daraus etwas &#8218;Neues&#8216; zu machen, wie&nbsp; Patchwork, das z. B. aus 4 verschiedenen recycelten Kleidungsst\u00fccken besteht. Am liebsten zeige ich meinen Kunden und Followern, wo jedes Teil des Kleidungsst\u00fccks herkommt. Ich teile den gesamten Prozess immer &nbsp;auf meinem <a rel=\"noreferrer noopener\" aria-label=\"Instagram  (opens in a new tab)\" href=\"https:\/\/instagram.com\/thebohemiandreamlife\" target=\"_blank\">Instagram<\/a> und biete meine nachhaltige Kollektion international \u00fcber <a rel=\"noreferrer noopener\" aria-label=\"Etsy  (opens in a new tab)\" href=\"http:\/\/www.thebohemiandream.etsy.com\" target=\"_blank\">Etsy<\/a> an.<\/p>\n\n\n\n<figure class=\"wp-block-image size-large is-resized\"><img loading=\"lazy\" decoding=\"async\" src=\"https:\/\/www.nominette.de\/blog\/wp-content\/uploads\/2021\/11\/IMG_4360-1024x683.jpg\" alt=\"The Bohemian Dream\" class=\"wp-image-10317\" width=\"580\" height=\"386\" srcset=\"https:\/\/www.nominette.de\/blog\/wp-content\/uploads\/2021\/11\/IMG_4360-1024x683.jpg 1024w, https:\/\/www.nominette.de\/blog\/wp-content\/uploads\/2021\/11\/IMG_4360-300x200.jpg 300w, https:\/\/www.nominette.de\/blog\/wp-content\/uploads\/2021\/11\/IMG_4360-768x512.jpg 768w, https:\/\/www.nominette.de\/blog\/wp-content\/uploads\/2021\/11\/IMG_4360-1536x1024.jpg 1536w, https:\/\/www.nominette.de\/blog\/wp-content\/uploads\/2021\/11\/IMG_4360-2048x1365.jpg 2048w, https:\/\/www.nominette.de\/blog\/wp-content\/uploads\/2021\/11\/IMG_4360-250x167.jpg 250w, https:\/\/www.nominette.de\/blog\/wp-content\/uploads\/2021\/11\/IMG_4360-550x367.jpg 550w, https:\/\/www.nominette.de\/blog\/wp-content\/uploads\/2021\/11\/IMG_4360-800x533.jpg 800w, https:\/\/www.nominette.de\/blog\/wp-content\/uploads\/2021\/11\/IMG_4360-270x180.jpg 270w, https:\/\/www.nominette.de\/blog\/wp-content\/uploads\/2021\/11\/IMG_4360-450x300.jpg 450w, https:\/\/www.nominette.de\/blog\/wp-content\/uploads\/2021\/11\/IMG_4360-750x500.jpg 750w\" sizes=\"auto, (max-width: 580px) 100vw, 580px\" \/><figcaption>The Bohemian Dream<\/figcaption><\/figure>\n\n\n\n<h3 class=\"wp-block-heading\"><strong>Ein professionelles Imago<\/strong><\/h3>\n\n\n\n<p>Ich hatte noch nie Etiketten f\u00fcr meine Kreationen bis ich auf die Etiketten von <a href=\"https:\/\/www.nominette.de\/\" target=\"_blank\" rel=\"noreferrer noopener\" aria-label=\"Nominette  (opens in a new tab)\">Nominette <\/a>stie\u00df! Als ich auf der Website von der Geschichte las und dass die Garne f\u00fcr die Etiketten zu 80% recycelt wurden, war ich sofort begeistert. Ich verwende jetzt wundersch\u00f6ne hochwertige Profi-Etiketten, &nbsp;die ich f\u00fcr ein origineller Look mit kleinen Stoffresten kombiniere. Das macht meine Kleidung zu etwas ganz Besonderem.<\/p>\n\n\n\n<figure class=\"wp-block-image size-large is-resized\"><img loading=\"lazy\" decoding=\"async\" src=\"https:\/\/www.nominette.de\/blog\/wp-content\/uploads\/2021\/11\/Photo-07-09-2021-13-44-11-768x1024.jpg\" alt=\"The Bohemian Dream\" class=\"wp-image-10322\" width=\"580\" height=\"773\" srcset=\"https:\/\/www.nominette.de\/blog\/wp-content\/uploads\/2021\/11\/Photo-07-09-2021-13-44-11-768x1024.jpg 768w, https:\/\/www.nominette.de\/blog\/wp-content\/uploads\/2021\/11\/Photo-07-09-2021-13-44-11-225x300.jpg 225w, https:\/\/www.nominette.de\/blog\/wp-content\/uploads\/2021\/11\/Photo-07-09-2021-13-44-11-1152x1536.jpg 1152w, https:\/\/www.nominette.de\/blog\/wp-content\/uploads\/2021\/11\/Photo-07-09-2021-13-44-11-1536x2048.jpg 1536w, https:\/\/www.nominette.de\/blog\/wp-content\/uploads\/2021\/11\/Photo-07-09-2021-13-44-11-250x333.jpg 250w, https:\/\/www.nominette.de\/blog\/wp-content\/uploads\/2021\/11\/Photo-07-09-2021-13-44-11-550x733.jpg 550w, https:\/\/www.nominette.de\/blog\/wp-content\/uploads\/2021\/11\/Photo-07-09-2021-13-44-11-800x1067.jpg 800w, https:\/\/www.nominette.de\/blog\/wp-content\/uploads\/2021\/11\/Photo-07-09-2021-13-44-11-135x180.jpg 135w, https:\/\/www.nominette.de\/blog\/wp-content\/uploads\/2021\/11\/Photo-07-09-2021-13-44-11-375x500.jpg 375w, https:\/\/www.nominette.de\/blog\/wp-content\/uploads\/2021\/11\/Photo-07-09-2021-13-44-11-scaled.jpg 1920w\" sizes=\"auto, (max-width: 580px) 100vw, 580px\" \/><figcaption>The Bohemian Dream<\/figcaption><\/figure>\n\n\n\n<p>Ich liebe es zu sehen, dass Upcycling und die Wiederverwendung bestehender Materialien die Modeindustrie immer mehr erg\u00e4nzen und ich hoffe, dass ich auch weiterhin Menschen mit meinen Kreationen begeistern kann, denn man kann aus allem etwas neues machen! Jedes Upcycling-Kleidungsst\u00fcck ist einer saubereren Umwelt und einer mitf\u00fchlenderen Welt einen Schritt n\u00e4her.<\/p>\n\n\n\n<p><em>Wollen auch Sie mit Ihrer Initiative ins Rampenlicht treten? Mailen Sie Ihre Anfrage an <a href=\"mailto:info@nominette.com\">info@nominette.com<\/a> mit dem Betreff &#8218;Creator in the spotlight&#8216; und vielleicht kommt Ihre Geschichte auch auf unserem Blog!<\/em>  <\/p>\n","protected":false},"excerpt":{"rendered":"<p>In der Rubrik \u201eCreator in the spotlight\u201c stellen wir Kreative und Kleinunternehmer ins Rampenlicht, um von ihrer Leidenschaft zu erz\u00e4hlen. Dieses Mal stellen wir Ihnen Lucie aus The Bohemian Dream vor. Wer ist Lucie Ich habe schon als Kind Kleidung recycelt. Nat\u00fcrlich v\u00f6llig ahnungslos und lange bevor &#8222;Upcycling&#8220; ein Trend war. Meine Gro\u00dfmutter war Modedesignerin,&hellip;<\/p>\n","protected":false},"author":1,"featured_media":10345,"comment_status":"closed","ping_status":"closed","sticky":false,"template":"","format":"standard","meta":{"footnotes":""},"categories":[552],"tags":[537,547,548],"class_list":["post-10341","post","type-post","status-publish","format-standard","has-post-thumbnail","hentry","category-creator-in-the-spotlight-6","tag-creator-in-the-spotlight","tag-gaesteblog","tag-kleinunternehmer"],"yoast_head":"<!-- This site is optimized with the Yoast SEO plugin v24.7 - https:\/\/yoast.com\/wordpress\/plugins\/seo\/ -->\n<title>Creator in the spotlight: The Bohemian Dream - Nominette<\/title>\n<meta name=\"description\" content=\"In der Rubrik &#039;Creator in the spotlight&#039; sprechen Kreative und Kleinunternehmer \u00fcber ihr Gesch\u00e4ft. Diesmal Lucie aus The Bohemian Dream.\" \/>\n<meta name=\"robots\" content=\"index, follow, max-snippet:-1, max-image-preview:large, max-video-preview:-1\" \/>\n<link rel=\"canonical\" href=\"https:\/\/www.nominette.de\/blog\/creator-in-the-spotlight-6\/creator-in-the-spotlight-the-bohemian-dream\" \/>\n<meta property=\"og:locale\" content=\"de_DE\" \/>\n<meta property=\"og:type\" content=\"article\" \/>\n<meta property=\"og:title\" content=\"Creator in the spotlight: The Bohemian Dream - Nominette\" \/>\n<meta property=\"og:description\" content=\"In der Rubrik &#039;Creator in the spotlight&#039; sprechen Kreative und Kleinunternehmer \u00fcber ihr Gesch\u00e4ft. Diesmal Lucie aus The Bohemian Dream.\" \/>\n<meta property=\"og:url\" content=\"https:\/\/www.nominette.de\/blog\/creator-in-the-spotlight-6\/creator-in-the-spotlight-the-bohemian-dream\" \/>\n<meta property=\"og:site_name\" content=\"Nominette\" \/>\n<meta property=\"article:publisher\" content=\"https:\/\/www.facebook.com\/Nominette\" \/>\n<meta property=\"article:published_time\" content=\"2021-12-10T11:00:00+00:00\" \/>\n<meta property=\"og:image\" content=\"https:\/\/www.nominette.de\/blog\/wp-content\/uploads\/2021\/11\/usdyufyuie-2-scaled.jpg\" \/>\n\t<meta property=\"og:image:width\" content=\"2019\" \/>\n\t<meta property=\"og:image:height\" content=\"2560\" \/>\n\t<meta property=\"og:image:type\" content=\"image\/jpeg\" \/>\n<meta name=\"author\" content=\"Nominette\" \/>\n<meta name=\"twitter:card\" content=\"summary_large_image\" \/>\n<meta name=\"twitter:creator\" content=\"@nominette\" \/>\n<meta name=\"twitter:site\" content=\"@nominette\" \/>\n<meta name=\"twitter:label1\" content=\"Verfasst von\" \/>\n\t<meta name=\"twitter:data1\" content=\"Nominette\" \/>\n\t<meta name=\"twitter:label2\" content=\"Gesch\u00e4tzte Lesezeit\" \/>\n\t<meta name=\"twitter:data2\" content=\"3\u00a0Minuten\" \/>\n<script type=\"application\/ld+json\" class=\"yoast-schema-graph\">{\"@context\":\"https:\/\/schema.org\",\"@graph\":[{\"@type\":\"WebPage\",\"@id\":\"https:\/\/www.nominette.de\/blog\/creator-in-the-spotlight-6\/creator-in-the-spotlight-the-bohemian-dream\",\"url\":\"https:\/\/www.nominette.de\/blog\/creator-in-the-spotlight-6\/creator-in-the-spotlight-the-bohemian-dream\",\"name\":\"Creator in the spotlight: The Bohemian Dream - Nominette\",\"isPartOf\":{\"@id\":\"https:\/\/www.nominette.de\/blog#website\"},\"primaryImageOfPage\":{\"@id\":\"https:\/\/www.nominette.de\/blog\/creator-in-the-spotlight-6\/creator-in-the-spotlight-the-bohemian-dream#primaryimage\"},\"image\":{\"@id\":\"https:\/\/www.nominette.de\/blog\/creator-in-the-spotlight-6\/creator-in-the-spotlight-the-bohemian-dream#primaryimage\"},\"thumbnailUrl\":\"https:\/\/www.nominette.de\/blog\/wp-content\/uploads\/2021\/11\/usdyufyuie-2-scaled.jpg\",\"datePublished\":\"2021-12-10T11:00:00+00:00\",\"author\":{\"@id\":\"https:\/\/www.nominette.de\/blog#\/schema\/person\/365e9a7b5a80cfd63ce70841993dafc6\"},\"description\":\"In der Rubrik 'Creator in the spotlight' sprechen Kreative und Kleinunternehmer \u00fcber ihr Gesch\u00e4ft. Diesmal Lucie aus The Bohemian Dream.\",\"breadcrumb\":{\"@id\":\"https:\/\/www.nominette.de\/blog\/creator-in-the-spotlight-6\/creator-in-the-spotlight-the-bohemian-dream#breadcrumb\"},\"inLanguage\":\"de\",\"potentialAction\":[{\"@type\":\"ReadAction\",\"target\":[\"https:\/\/www.nominette.de\/blog\/creator-in-the-spotlight-6\/creator-in-the-spotlight-the-bohemian-dream\"]}]},{\"@type\":\"ImageObject\",\"inLanguage\":\"de\",\"@id\":\"https:\/\/www.nominette.de\/blog\/creator-in-the-spotlight-6\/creator-in-the-spotlight-the-bohemian-dream#primaryimage\",\"url\":\"https:\/\/www.nominette.de\/blog\/wp-content\/uploads\/2021\/11\/usdyufyuie-2-scaled.jpg\",\"contentUrl\":\"https:\/\/www.nominette.de\/blog\/wp-content\/uploads\/2021\/11\/usdyufyuie-2-scaled.jpg\",\"width\":2019,\"height\":2560,\"caption\":\"The Bohemian Dream\"},{\"@type\":\"BreadcrumbList\",\"@id\":\"https:\/\/www.nominette.de\/blog\/creator-in-the-spotlight-6\/creator-in-the-spotlight-the-bohemian-dream#breadcrumb\",\"itemListElement\":[{\"@type\":\"ListItem\",\"position\":1,\"name\":\"Home\",\"item\":\"https:\/\/www.nominette.de\/blog\"},{\"@type\":\"ListItem\",\"position\":2,\"name\":\"Creator in the spotlight: The Bohemian Dream\"}]},{\"@type\":\"WebSite\",\"@id\":\"https:\/\/www.nominette.de\/blog#website\",\"url\":\"https:\/\/www.nominette.de\/blog\",\"name\":\"Nominette\",\"description\":\"gepersonaliseerde labels voor handgemaakte spulletjes\",\"potentialAction\":[{\"@type\":\"SearchAction\",\"target\":{\"@type\":\"EntryPoint\",\"urlTemplate\":\"https:\/\/www.nominette.de\/blog?s={search_term_string}\"},\"query-input\":{\"@type\":\"PropertyValueSpecification\",\"valueRequired\":true,\"valueName\":\"search_term_string\"}}],\"inLanguage\":\"de\"},{\"@type\":\"Person\",\"@id\":\"https:\/\/www.nominette.de\/blog#\/schema\/person\/365e9a7b5a80cfd63ce70841993dafc6\",\"name\":\"Nominette\",\"image\":{\"@type\":\"ImageObject\",\"inLanguage\":\"de\",\"@id\":\"https:\/\/www.nominette.de\/blog#\/schema\/person\/image\/\",\"url\":\"https:\/\/secure.gravatar.com\/avatar\/6ab92dc068d690f939e3a4dc1373a3030899b42a58fd9e031f614af68b9db652?s=96&d=mm&r=g\",\"contentUrl\":\"https:\/\/secure.gravatar.com\/avatar\/6ab92dc068d690f939e3a4dc1373a3030899b42a58fd9e031f614af68b9db652?s=96&d=mm&r=g\",\"caption\":\"Nominette\"},\"url\":\"https:\/\/www.nominette.de\/blog\/author\/nominette\"}]}<\/script>\n<!-- \/ Yoast SEO plugin. -->","yoast_head_json":{"title":"Creator in the spotlight: The Bohemian Dream - Nominette","description":"In der Rubrik 'Creator in the spotlight' sprechen Kreative und Kleinunternehmer \u00fcber ihr Gesch\u00e4ft. Diesmal Lucie aus The Bohemian Dream.","robots":{"index":"index","follow":"follow","max-snippet":"max-snippet:-1","max-image-preview":"max-image-preview:large","max-video-preview":"max-video-preview:-1"},"canonical":"https:\/\/www.nominette.de\/blog\/creator-in-the-spotlight-6\/creator-in-the-spotlight-the-bohemian-dream","og_locale":"de_DE","og_type":"article","og_title":"Creator in the spotlight: The Bohemian Dream - Nominette","og_description":"In der Rubrik 'Creator in the spotlight' sprechen Kreative und Kleinunternehmer \u00fcber ihr Gesch\u00e4ft. Diesmal Lucie aus The Bohemian Dream.","og_url":"https:\/\/www.nominette.de\/blog\/creator-in-the-spotlight-6\/creator-in-the-spotlight-the-bohemian-dream","og_site_name":"Nominette","article_publisher":"https:\/\/www.facebook.com\/Nominette","article_published_time":"2021-12-10T11:00:00+00:00","og_image":[{"width":2019,"height":2560,"url":"https:\/\/www.nominette.de\/blog\/wp-content\/uploads\/2021\/11\/usdyufyuie-2-scaled.jpg","type":"image\/jpeg"}],"author":"Nominette","twitter_card":"summary_large_image","twitter_creator":"@nominette","twitter_site":"@nominette","twitter_misc":{"Verfasst von":"Nominette","Gesch\u00e4tzte Lesezeit":"3\u00a0Minuten"},"schema":{"@context":"https:\/\/schema.org","@graph":[{"@type":"WebPage","@id":"https:\/\/www.nominette.de\/blog\/creator-in-the-spotlight-6\/creator-in-the-spotlight-the-bohemian-dream","url":"https:\/\/www.nominette.de\/blog\/creator-in-the-spotlight-6\/creator-in-the-spotlight-the-bohemian-dream","name":"Creator in the spotlight: The Bohemian Dream - Nominette","isPartOf":{"@id":"https:\/\/www.nominette.de\/blog#website"},"primaryImageOfPage":{"@id":"https:\/\/www.nominette.de\/blog\/creator-in-the-spotlight-6\/creator-in-the-spotlight-the-bohemian-dream#primaryimage"},"image":{"@id":"https:\/\/www.nominette.de\/blog\/creator-in-the-spotlight-6\/creator-in-the-spotlight-the-bohemian-dream#primaryimage"},"thumbnailUrl":"https:\/\/www.nominette.de\/blog\/wp-content\/uploads\/2021\/11\/usdyufyuie-2-scaled.jpg","datePublished":"2021-12-10T11:00:00+00:00","author":{"@id":"https:\/\/www.nominette.de\/blog#\/schema\/person\/365e9a7b5a80cfd63ce70841993dafc6"},"description":"In der Rubrik 'Creator in the spotlight' sprechen Kreative und Kleinunternehmer \u00fcber ihr Gesch\u00e4ft. Diesmal Lucie aus The Bohemian Dream.","breadcrumb":{"@id":"https:\/\/www.nominette.de\/blog\/creator-in-the-spotlight-6\/creator-in-the-spotlight-the-bohemian-dream#breadcrumb"},"inLanguage":"de","potentialAction":[{"@type":"ReadAction","target":["https:\/\/www.nominette.de\/blog\/creator-in-the-spotlight-6\/creator-in-the-spotlight-the-bohemian-dream"]}]},{"@type":"ImageObject","inLanguage":"de","@id":"https:\/\/www.nominette.de\/blog\/creator-in-the-spotlight-6\/creator-in-the-spotlight-the-bohemian-dream#primaryimage","url":"https:\/\/www.nominette.de\/blog\/wp-content\/uploads\/2021\/11\/usdyufyuie-2-scaled.jpg","contentUrl":"https:\/\/www.nominette.de\/blog\/wp-content\/uploads\/2021\/11\/usdyufyuie-2-scaled.jpg","width":2019,"height":2560,"caption":"The Bohemian Dream"},{"@type":"BreadcrumbList","@id":"https:\/\/www.nominette.de\/blog\/creator-in-the-spotlight-6\/creator-in-the-spotlight-the-bohemian-dream#breadcrumb","itemListElement":[{"@type":"ListItem","position":1,"name":"Home","item":"https:\/\/www.nominette.de\/blog"},{"@type":"ListItem","position":2,"name":"Creator in the spotlight: The Bohemian Dream"}]},{"@type":"WebSite","@id":"https:\/\/www.nominette.de\/blog#website","url":"https:\/\/www.nominette.de\/blog","name":"Nominette","description":"gepersonaliseerde labels voor handgemaakte spulletjes","potentialAction":[{"@type":"SearchAction","target":{"@type":"EntryPoint","urlTemplate":"https:\/\/www.nominette.de\/blog?s={search_term_string}"},"query-input":{"@type":"PropertyValueSpecification","valueRequired":true,"valueName":"search_term_string"}}],"inLanguage":"de"},{"@type":"Person","@id":"https:\/\/www.nominette.de\/blog#\/schema\/person\/365e9a7b5a80cfd63ce70841993dafc6","name":"Nominette","image":{"@type":"ImageObject","inLanguage":"de","@id":"https:\/\/www.nominette.de\/blog#\/schema\/person\/image\/","url":"https:\/\/secure.gravatar.com\/avatar\/6ab92dc068d690f939e3a4dc1373a3030899b42a58fd9e031f614af68b9db652?s=96&d=mm&r=g","contentUrl":"https:\/\/secure.gravatar.com\/avatar\/6ab92dc068d690f939e3a4dc1373a3030899b42a58fd9e031f614af68b9db652?s=96&d=mm&r=g","caption":"Nominette"},"url":"https:\/\/www.nominette.de\/blog\/author\/nominette"}]}},"_links":{"self":[{"href":"https:\/\/www.nominette.de\/blog\/wp-json\/wp\/v2\/posts\/10341","targetHints":{"allow":["GET"]}}],"collection":[{"href":"https:\/\/www.nominette.de\/blog\/wp-json\/wp\/v2\/posts"}],"about":[{"href":"https:\/\/www.nominette.de\/blog\/wp-json\/wp\/v2\/types\/post"}],"author":[{"embeddable":true,"href":"https:\/\/www.nominette.de\/blog\/wp-json\/wp\/v2\/users\/1"}],"replies":[{"embeddable":true,"href":"https:\/\/www.nominette.de\/blog\/wp-json\/wp\/v2\/comments?post=10341"}],"version-history":[{"count":7,"href":"https:\/\/www.nominette.de\/blog\/wp-json\/wp\/v2\/posts\/10341\/revisions"}],"predecessor-version":[{"id":10373,"href":"https:\/\/www.nominette.de\/blog\/wp-json\/wp\/v2\/posts\/10341\/revisions\/10373"}],"wp:featuredmedia":[{"embeddable":true,"href":"https:\/\/www.nominette.de\/blog\/wp-json\/wp\/v2\/media\/10345"}],"wp:attachment":[{"href":"https:\/\/www.nominette.de\/blog\/wp-json\/wp\/v2\/media?parent=10341"}],"wp:term":[{"taxonomy":"category","embeddable":true,"href":"https:\/\/www.nominette.de\/blog\/wp-json\/wp\/v2\/categories?post=10341"},{"taxonomy":"post_tag","embeddable":true,"href":"https:\/\/www.nominette.de\/blog\/wp-json\/wp\/v2\/tags?post=10341"}],"curies":[{"name":"wp","href":"https:\/\/api.w.org\/{rel}","templated":true}]}}