{"id":10109,"date":"2021-08-05T08:44:03","date_gmt":"2021-08-05T07:44:03","guid":{"rendered":"https:\/\/www.nominette.com\/blog?p=10109"},"modified":"2021-08-24T08:56:10","modified_gmt":"2021-08-24T07:56:10","slug":"creator-in-the-spotlight-our-crochet-stories","status":"publish","type":"post","link":"https:\/\/www.nominette.de\/blog\/gaste-blog\/creator-in-the-spotlight-our-crochet-stories","title":{"rendered":"Creator in the spotlight: Our Crochet Stories:"},"content":{"rendered":"\n<p><strong>In dieser Rubrik stellen wir Kreative oder Kleinunternehmer ins Rampenlicht, um von ihrer Leidenschaft zu erz\u00e4hlen. Diesmal in \u2018Creator in the spotlight\u2019, die handgefertigten H\u00e4kelkreationen von Sana und Mahi aus <a href=\"https:\/\/www.instagram.com\/ourcrochetstories\" target=\"_blank\" rel=\"noreferrer noopener\" aria-label=\"Our Crochet Stories (opens in a new tab)\">Our Crochet Stories<\/a>.<\/strong><\/p>\n\n\n\n<h3 class=\"wp-block-heading\"><strong>Die Geschichte von Our Crochet Stories<\/strong><\/h3>\n\n\n\n<p>Mahi und ich (Sana) sind seit zwanzig Jahren befreundet. Nachdem wir uns das erste Mal als Kollegen begegnet sind, hatten wir das Gl\u00fcck, zehn Jahre sehr nahe beieinander zu wohnen. Wir haben beide vor mehr als acht Jahren mit dem H\u00e4keln angefangen. Ich wurde von meiner Mutter unterrichtet, die sch\u00f6ne H\u00e4kelarbeiten macht. Sie schlug vor, dass ich es lernen sollte und brachte mir ein paar Stiche bei. Ich habe nie gelernt, Muster zu lesen, aber das spielt keine Rolle, denn ich habe 3 oder 4 Lieblingsstiche, die ich in verschiedenen Stilen mische, was jede Decke zu einem Unikat macht.<\/p>\n\n\n\n<figure class=\"wp-block-image size-large\"><img loading=\"lazy\" decoding=\"async\" width=\"750\" height=\"563\" src=\"https:\/\/www.nominette.nl\/blog\/wp-content\/uploads\/2021\/07\/ourcrochetstories.jpg\" alt=\"Creator in the spotlight Nominette\" class=\"wp-image-10031\" srcset=\"https:\/\/www.nominette.de\/blog\/wp-content\/uploads\/2021\/07\/ourcrochetstories.jpg 750w, https:\/\/www.nominette.de\/blog\/wp-content\/uploads\/2021\/07\/ourcrochetstories-300x225.jpg 300w, https:\/\/www.nominette.de\/blog\/wp-content\/uploads\/2021\/07\/ourcrochetstories-250x188.jpg 250w, https:\/\/www.nominette.de\/blog\/wp-content\/uploads\/2021\/07\/ourcrochetstories-550x413.jpg 550w, https:\/\/www.nominette.de\/blog\/wp-content\/uploads\/2021\/07\/ourcrochetstories-240x180.jpg 240w, https:\/\/www.nominette.de\/blog\/wp-content\/uploads\/2021\/07\/ourcrochetstories-400x300.jpg 400w, https:\/\/www.nominette.de\/blog\/wp-content\/uploads\/2021\/07\/ourcrochetstories-666x500.jpg 666w\" sizes=\"auto, (max-width: 750px) 100vw, 750px\" \/><figcaption>Decke geh\u00e4kelt von Sana<\/figcaption><\/figure>\n\n\n\n<p>Vor drei Jahren haben Mahi und ich einen gemeinsamen Instagram-Account namens <a href=\"https:\/\/www.instagram.com\/ourcrochetstories\" target=\"_blank\" rel=\"noreferrer noopener\" aria-label=\"Our Crochet Stories (opens in a new tab)\">Our Crochet Stories<\/a> eingerichtet, um unsere Kreationen zu pr\u00e4sentieren, neue Verbindungen zu kn\u00fcpfen und zu inspirieren. Ich lebe in Den Haag und Mahi in Kairo, daher ist Our Crochet Stories eine virtuelle Plattform, die eine sch\u00f6ne Gemeinschaft von H\u00e4kelkollegen, Strickern und anderen Handwerkern verbindet.<\/p>\n\n\n\n<h3 class=\"wp-block-heading\"><strong>Teamwork makes the dream work<\/strong><\/h3>\n\n\n\n<p>Mahi und ich sind ein gutes Team; Meine Spezialit\u00e4t ist das H\u00e4keln von Decken und Mahi macht H\u00e4kelblumen, Taschen und Amigurumi-Puppen. Sie stickt auch und fertigt ihre eigenen Muster f\u00fcr die Stickerei an. Mahi schreibt auch Kinderb\u00fccher und hat f\u00fcr die Charaktere ihrer B\u00fccher einzigartige Amigurumi-Puppen kreiert.<\/p>\n\n\n\n<div class=\"wp-block-image\"><figure class=\"aligncenter size-full\"><img loading=\"lazy\" decoding=\"async\" width=\"494\" height=\"481\" src=\"https:\/\/www.nominette.nl\/blog\/wp-content\/uploads\/2021\/07\/bag.jpg\" alt=\"Creator in the spotlight Nominette\" class=\"wp-image-10041\" srcset=\"https:\/\/www.nominette.de\/blog\/wp-content\/uploads\/2021\/07\/bag.jpg 494w, https:\/\/www.nominette.de\/blog\/wp-content\/uploads\/2021\/07\/bag-300x292.jpg 300w, https:\/\/www.nominette.de\/blog\/wp-content\/uploads\/2021\/07\/bag-48x48.jpg 48w, https:\/\/www.nominette.de\/blog\/wp-content\/uploads\/2021\/07\/bag-250x243.jpg 250w, https:\/\/www.nominette.de\/blog\/wp-content\/uploads\/2021\/07\/bag-185x180.jpg 185w, https:\/\/www.nominette.de\/blog\/wp-content\/uploads\/2021\/07\/bag-308x300.jpg 308w\" sizes=\"auto, (max-width: 494px) 100vw, 494px\" \/><figcaption>Bestickte Tasche von Mahi<\/figcaption><\/figure><\/div>\n\n\n\n<p>Ich mache nur H\u00e4keldecken und liebe es, Farben und Garne zu mischen. Ich habe schon etwa 80 Decken f\u00fcr Familie und Freunde gemacht. Ich freue mich sehr, dass diese Decken mit unserem eigenen &#8218;Sanssoun&#8216;-Label von Nominette viel gereist sind. Von verschiedenen europ\u00e4ischen L\u00e4ndern bis in die USA, Kanada, Japan und den Nahen Osten. Ich wickle jede Decke ein, spr\u00fche ein bisschen von meinem Lieblingsparfum darauf und f\u00fcge eine handgeschriebene Karte hinzu.<\/p>\n\n\n\n<div class=\"wp-block-image\"><figure class=\"aligncenter size-large\"><img loading=\"lazy\" decoding=\"async\" width=\"701\" height=\"583\" src=\"https:\/\/www.nominette.nl\/blog\/wp-content\/uploads\/2021\/07\/MahiSanaOurcrochetstoriesNominette.jpg\" alt=\"Creator in the spotlight Nominette\" class=\"wp-image-10017\" srcset=\"https:\/\/www.nominette.de\/blog\/wp-content\/uploads\/2021\/07\/MahiSanaOurcrochetstoriesNominette.jpg 701w, https:\/\/www.nominette.de\/blog\/wp-content\/uploads\/2021\/07\/MahiSanaOurcrochetstoriesNominette-300x250.jpg 300w, https:\/\/www.nominette.de\/blog\/wp-content\/uploads\/2021\/07\/MahiSanaOurcrochetstoriesNominette-250x208.jpg 250w, https:\/\/www.nominette.de\/blog\/wp-content\/uploads\/2021\/07\/MahiSanaOurcrochetstoriesNominette-550x457.jpg 550w, https:\/\/www.nominette.de\/blog\/wp-content\/uploads\/2021\/07\/MahiSanaOurcrochetstoriesNominette-216x180.jpg 216w, https:\/\/www.nominette.de\/blog\/wp-content\/uploads\/2021\/07\/MahiSanaOurcrochetstoriesNominette-361x300.jpg 361w, https:\/\/www.nominette.de\/blog\/wp-content\/uploads\/2021\/07\/MahiSanaOurcrochetstoriesNominette-601x500.jpg 601w\" sizes=\"auto, (max-width: 701px) 100vw, 701px\" \/><figcaption>Mahi und Sana aus Our Crochet Stories<\/figcaption><\/figure><\/div>\n\n\n\n<h3 class=\"wp-block-heading\"><strong>Unser eigenes Label<\/strong><\/h3>\n\n\n\n<p>Vor drei Jahren habe ich mein erstes Set meiner eigenen personalisierten Etiketten bestellt. Ich fand es sehr einfach, meine Etiketten \u00fcber die <a href=\"https:\/\/www.nominette.de\/\" target=\"_blank\" rel=\"noreferrer noopener\" aria-label=\"Nominette-Website (opens in a new tab)\">Nominette-Website<\/a> zu erstellen. Die Lieferung erfolgt immer sehr schnell und die Etiketten sehen sehr sch\u00f6n aus. Letztes Jahr war ich w\u00e4hrend des ersten COVID-Lockdowns in Gent in Belgien und hatte meine Etiketten in Den Haag vergessen. Also habe ich mir ein neues Set bestellt. Dieses Jahr hab ich gesehen, dass Nominette neue Designs hat, also habe ich mir ein drittes Set mit verschiedenen Farben bestellt, das ich in all meine bunten Decken einn\u00e4he. Meine eigenen Etiketten machen die handgemachten Geschenke noch pers\u00f6nlicher und spezieller.<\/p>\n\n\n\n<div class=\"wp-block-image\"><figure class=\"aligncenter size-large\"><img loading=\"lazy\" decoding=\"async\" width=\"317\" height=\"320\" src=\"https:\/\/www.nominette.nl\/blog\/wp-content\/uploads\/2021\/07\/NominetteSanssoun.jpg\" alt=\"Creator in the spotlight Nominette\" class=\"wp-image-10024\" srcset=\"https:\/\/www.nominette.de\/blog\/wp-content\/uploads\/2021\/07\/NominetteSanssoun.jpg 317w, https:\/\/www.nominette.de\/blog\/wp-content\/uploads\/2021\/07\/NominetteSanssoun-297x300.jpg 297w, https:\/\/www.nominette.de\/blog\/wp-content\/uploads\/2021\/07\/NominetteSanssoun-150x150.jpg 150w, https:\/\/www.nominette.de\/blog\/wp-content\/uploads\/2021\/07\/NominetteSanssoun-48x48.jpg 48w, https:\/\/www.nominette.de\/blog\/wp-content\/uploads\/2021\/07\/NominetteSanssoun-250x252.jpg 250w, https:\/\/www.nominette.de\/blog\/wp-content\/uploads\/2021\/07\/NominetteSanssoun-178x180.jpg 178w\" sizes=\"auto, (max-width: 317px) 100vw, 317px\" \/><figcaption>Sanas eigene Labels<\/figcaption><\/figure><\/div>\n\n\n\n<p>Ich liebe es, dass ich meine eigenen gewebten Etiketten habe. Ob Sie Ihre Arbeit verkaufen oder nicht, wir finden die Etiketten sehr unverwechselbar. Ein gro\u00dfes Dankesch\u00f6n an Nominette f\u00fcr die Bitte, unsere Geschichte zu teilen, und wir w\u00fcnschen allen anderen Kreativen viel Gl\u00fcck mit ihren Kreationen.<\/p>\n\n\n\n<p><em>Wollen auch Sie mit Ihrer Initiative ins Rampenlicht treten? Mailen Sie Ihre Anfrage an info@nominette.com mit dem Betreff \u2018Creator in the spotlight\u2019 und vielleicht kommt Ihre Geschichte auch auf unserem Blog!<\/em><\/p>\n","protected":false},"excerpt":{"rendered":"<p>In dieser Rubrik stellen wir Kreative oder Kleinunternehmer ins Rampenlicht, um von ihrer Leidenschaft zu erz\u00e4hlen. Diesmal in \u2018Creator in the spotlight\u2019, die handgefertigten H\u00e4kelkreationen von Sana und Mahi aus Our Crochet Stories. Die Geschichte von Our Crochet Stories Mahi und ich (Sana) sind seit zwanzig Jahren befreundet. Nachdem wir uns das erste Mal als&hellip;<\/p>\n","protected":false},"author":1,"featured_media":10119,"comment_status":"closed","ping_status":"closed","sticky":false,"template":"","format":"standard","meta":{"footnotes":""},"categories":[552,252,1],"tags":[537,547,548],"class_list":["post-10109","post","type-post","status-publish","format-standard","has-post-thumbnail","hentry","category-creator-in-the-spotlight-6","category-gaste-blog","category-geen-onderdeel-van-een-categorie","tag-creator-in-the-spotlight","tag-gaesteblog","tag-kleinunternehmer"],"yoast_head":"<!-- This site is optimized with the Yoast SEO plugin v24.7 - https:\/\/yoast.com\/wordpress\/plugins\/seo\/ -->\n<title>Creator in the spotlight: Our Crochet Stories: - Nominette<\/title>\n<meta name=\"description\" content=\"In dieser Rubrik stellen wir Kreative oder Kleinunternehmer ins Rampenlicht, um von ihrer Leidenschaft zu erz\u00e4hlen. Diesmal Our Crochet Stories.\" \/>\n<meta name=\"robots\" content=\"index, follow, max-snippet:-1, max-image-preview:large, max-video-preview:-1\" \/>\n<link rel=\"canonical\" href=\"https:\/\/www.nominette.de\/blog\/gaste-blog\/creator-in-the-spotlight-our-crochet-stories\" \/>\n<meta property=\"og:locale\" content=\"de_DE\" \/>\n<meta property=\"og:type\" content=\"article\" \/>\n<meta property=\"og:title\" content=\"Creator in the spotlight: Our Crochet Stories: - Nominette\" \/>\n<meta property=\"og:description\" content=\"In dieser Rubrik stellen wir Kreative oder Kleinunternehmer ins Rampenlicht, um von ihrer Leidenschaft zu erz\u00e4hlen. Diesmal Our Crochet Stories.\" \/>\n<meta property=\"og:url\" content=\"https:\/\/www.nominette.de\/blog\/gaste-blog\/creator-in-the-spotlight-our-crochet-stories\" \/>\n<meta property=\"og:site_name\" content=\"Nominette\" \/>\n<meta property=\"article:publisher\" content=\"https:\/\/www.facebook.com\/Nominette\" \/>\n<meta property=\"article:published_time\" content=\"2021-08-05T07:44:03+00:00\" \/>\n<meta property=\"article:modified_time\" content=\"2021-08-24T07:56:10+00:00\" \/>\n<meta property=\"og:image\" content=\"https:\/\/www.nominette.de\/blog\/wp-content\/uploads\/2021\/08\/crochetstories1.jpg\" \/>\n\t<meta property=\"og:image:width\" content=\"527\" \/>\n\t<meta property=\"og:image:height\" content=\"533\" \/>\n\t<meta property=\"og:image:type\" content=\"image\/jpeg\" \/>\n<meta name=\"author\" content=\"Nominette\" \/>\n<meta name=\"twitter:card\" content=\"summary_large_image\" \/>\n<meta name=\"twitter:creator\" content=\"@nominette\" \/>\n<meta name=\"twitter:site\" content=\"@nominette\" \/>\n<meta name=\"twitter:label1\" content=\"Verfasst von\" \/>\n\t<meta name=\"twitter:data1\" content=\"Nominette\" \/>\n\t<meta name=\"twitter:label2\" content=\"Gesch\u00e4tzte Lesezeit\" \/>\n\t<meta name=\"twitter:data2\" content=\"3\u00a0Minuten\" \/>\n<script type=\"application\/ld+json\" class=\"yoast-schema-graph\">{\"@context\":\"https:\/\/schema.org\",\"@graph\":[{\"@type\":\"WebPage\",\"@id\":\"https:\/\/www.nominette.de\/blog\/gaste-blog\/creator-in-the-spotlight-our-crochet-stories\",\"url\":\"https:\/\/www.nominette.de\/blog\/gaste-blog\/creator-in-the-spotlight-our-crochet-stories\",\"name\":\"Creator in the spotlight: Our Crochet Stories: - Nominette\",\"isPartOf\":{\"@id\":\"https:\/\/www.nominette.de\/blog#website\"},\"primaryImageOfPage\":{\"@id\":\"https:\/\/www.nominette.de\/blog\/gaste-blog\/creator-in-the-spotlight-our-crochet-stories#primaryimage\"},\"image\":{\"@id\":\"https:\/\/www.nominette.de\/blog\/gaste-blog\/creator-in-the-spotlight-our-crochet-stories#primaryimage\"},\"thumbnailUrl\":\"https:\/\/www.nominette.de\/blog\/wp-content\/uploads\/2021\/08\/crochetstories1.jpg\",\"datePublished\":\"2021-08-05T07:44:03+00:00\",\"dateModified\":\"2021-08-24T07:56:10+00:00\",\"author\":{\"@id\":\"https:\/\/www.nominette.de\/blog#\/schema\/person\/365e9a7b5a80cfd63ce70841993dafc6\"},\"description\":\"In dieser Rubrik stellen wir Kreative oder Kleinunternehmer ins Rampenlicht, um von ihrer Leidenschaft zu erz\u00e4hlen. Diesmal Our Crochet Stories.\",\"breadcrumb\":{\"@id\":\"https:\/\/www.nominette.de\/blog\/gaste-blog\/creator-in-the-spotlight-our-crochet-stories#breadcrumb\"},\"inLanguage\":\"de\",\"potentialAction\":[{\"@type\":\"ReadAction\",\"target\":[\"https:\/\/www.nominette.de\/blog\/gaste-blog\/creator-in-the-spotlight-our-crochet-stories\"]}]},{\"@type\":\"ImageObject\",\"inLanguage\":\"de\",\"@id\":\"https:\/\/www.nominette.de\/blog\/gaste-blog\/creator-in-the-spotlight-our-crochet-stories#primaryimage\",\"url\":\"https:\/\/www.nominette.de\/blog\/wp-content\/uploads\/2021\/08\/crochetstories1.jpg\",\"contentUrl\":\"https:\/\/www.nominette.de\/blog\/wp-content\/uploads\/2021\/08\/crochetstories1.jpg\",\"width\":527,\"height\":533,\"caption\":\"Creator in the spotlight Nominette\"},{\"@type\":\"BreadcrumbList\",\"@id\":\"https:\/\/www.nominette.de\/blog\/gaste-blog\/creator-in-the-spotlight-our-crochet-stories#breadcrumb\",\"itemListElement\":[{\"@type\":\"ListItem\",\"position\":1,\"name\":\"Home\",\"item\":\"https:\/\/www.nominette.de\/blog\"},{\"@type\":\"ListItem\",\"position\":2,\"name\":\"Creator in the spotlight: Our Crochet Stories:\"}]},{\"@type\":\"WebSite\",\"@id\":\"https:\/\/www.nominette.de\/blog#website\",\"url\":\"https:\/\/www.nominette.de\/blog\",\"name\":\"Nominette\",\"description\":\"gepersonaliseerde labels voor handgemaakte spulletjes\",\"potentialAction\":[{\"@type\":\"SearchAction\",\"target\":{\"@type\":\"EntryPoint\",\"urlTemplate\":\"https:\/\/www.nominette.de\/blog?s={search_term_string}\"},\"query-input\":{\"@type\":\"PropertyValueSpecification\",\"valueRequired\":true,\"valueName\":\"search_term_string\"}}],\"inLanguage\":\"de\"},{\"@type\":\"Person\",\"@id\":\"https:\/\/www.nominette.de\/blog#\/schema\/person\/365e9a7b5a80cfd63ce70841993dafc6\",\"name\":\"Nominette\",\"image\":{\"@type\":\"ImageObject\",\"inLanguage\":\"de\",\"@id\":\"https:\/\/www.nominette.de\/blog#\/schema\/person\/image\/\",\"url\":\"https:\/\/secure.gravatar.com\/avatar\/6ab92dc068d690f939e3a4dc1373a3030899b42a58fd9e031f614af68b9db652?s=96&d=mm&r=g\",\"contentUrl\":\"https:\/\/secure.gravatar.com\/avatar\/6ab92dc068d690f939e3a4dc1373a3030899b42a58fd9e031f614af68b9db652?s=96&d=mm&r=g\",\"caption\":\"Nominette\"},\"url\":\"https:\/\/www.nominette.de\/blog\/author\/nominette\"}]}<\/script>\n<!-- \/ Yoast SEO plugin. -->","yoast_head_json":{"title":"Creator in the spotlight: Our Crochet Stories: - Nominette","description":"In dieser Rubrik stellen wir Kreative oder Kleinunternehmer ins Rampenlicht, um von ihrer Leidenschaft zu erz\u00e4hlen. Diesmal Our Crochet Stories.","robots":{"index":"index","follow":"follow","max-snippet":"max-snippet:-1","max-image-preview":"max-image-preview:large","max-video-preview":"max-video-preview:-1"},"canonical":"https:\/\/www.nominette.de\/blog\/gaste-blog\/creator-in-the-spotlight-our-crochet-stories","og_locale":"de_DE","og_type":"article","og_title":"Creator in the spotlight: Our Crochet Stories: - Nominette","og_description":"In dieser Rubrik stellen wir Kreative oder Kleinunternehmer ins Rampenlicht, um von ihrer Leidenschaft zu erz\u00e4hlen. Diesmal Our Crochet Stories.","og_url":"https:\/\/www.nominette.de\/blog\/gaste-blog\/creator-in-the-spotlight-our-crochet-stories","og_site_name":"Nominette","article_publisher":"https:\/\/www.facebook.com\/Nominette","article_published_time":"2021-08-05T07:44:03+00:00","article_modified_time":"2021-08-24T07:56:10+00:00","og_image":[{"width":527,"height":533,"url":"https:\/\/www.nominette.de\/blog\/wp-content\/uploads\/2021\/08\/crochetstories1.jpg","type":"image\/jpeg"}],"author":"Nominette","twitter_card":"summary_large_image","twitter_creator":"@nominette","twitter_site":"@nominette","twitter_misc":{"Verfasst von":"Nominette","Gesch\u00e4tzte Lesezeit":"3\u00a0Minuten"},"schema":{"@context":"https:\/\/schema.org","@graph":[{"@type":"WebPage","@id":"https:\/\/www.nominette.de\/blog\/gaste-blog\/creator-in-the-spotlight-our-crochet-stories","url":"https:\/\/www.nominette.de\/blog\/gaste-blog\/creator-in-the-spotlight-our-crochet-stories","name":"Creator in the spotlight: Our Crochet Stories: - Nominette","isPartOf":{"@id":"https:\/\/www.nominette.de\/blog#website"},"primaryImageOfPage":{"@id":"https:\/\/www.nominette.de\/blog\/gaste-blog\/creator-in-the-spotlight-our-crochet-stories#primaryimage"},"image":{"@id":"https:\/\/www.nominette.de\/blog\/gaste-blog\/creator-in-the-spotlight-our-crochet-stories#primaryimage"},"thumbnailUrl":"https:\/\/www.nominette.de\/blog\/wp-content\/uploads\/2021\/08\/crochetstories1.jpg","datePublished":"2021-08-05T07:44:03+00:00","dateModified":"2021-08-24T07:56:10+00:00","author":{"@id":"https:\/\/www.nominette.de\/blog#\/schema\/person\/365e9a7b5a80cfd63ce70841993dafc6"},"description":"In dieser Rubrik stellen wir Kreative oder Kleinunternehmer ins Rampenlicht, um von ihrer Leidenschaft zu erz\u00e4hlen. Diesmal Our Crochet Stories.","breadcrumb":{"@id":"https:\/\/www.nominette.de\/blog\/gaste-blog\/creator-in-the-spotlight-our-crochet-stories#breadcrumb"},"inLanguage":"de","potentialAction":[{"@type":"ReadAction","target":["https:\/\/www.nominette.de\/blog\/gaste-blog\/creator-in-the-spotlight-our-crochet-stories"]}]},{"@type":"ImageObject","inLanguage":"de","@id":"https:\/\/www.nominette.de\/blog\/gaste-blog\/creator-in-the-spotlight-our-crochet-stories#primaryimage","url":"https:\/\/www.nominette.de\/blog\/wp-content\/uploads\/2021\/08\/crochetstories1.jpg","contentUrl":"https:\/\/www.nominette.de\/blog\/wp-content\/uploads\/2021\/08\/crochetstories1.jpg","width":527,"height":533,"caption":"Creator in the spotlight Nominette"},{"@type":"BreadcrumbList","@id":"https:\/\/www.nominette.de\/blog\/gaste-blog\/creator-in-the-spotlight-our-crochet-stories#breadcrumb","itemListElement":[{"@type":"ListItem","position":1,"name":"Home","item":"https:\/\/www.nominette.de\/blog"},{"@type":"ListItem","position":2,"name":"Creator in the spotlight: Our Crochet Stories:"}]},{"@type":"WebSite","@id":"https:\/\/www.nominette.de\/blog#website","url":"https:\/\/www.nominette.de\/blog","name":"Nominette","description":"gepersonaliseerde labels voor handgemaakte spulletjes","potentialAction":[{"@type":"SearchAction","target":{"@type":"EntryPoint","urlTemplate":"https:\/\/www.nominette.de\/blog?s={search_term_string}"},"query-input":{"@type":"PropertyValueSpecification","valueRequired":true,"valueName":"search_term_string"}}],"inLanguage":"de"},{"@type":"Person","@id":"https:\/\/www.nominette.de\/blog#\/schema\/person\/365e9a7b5a80cfd63ce70841993dafc6","name":"Nominette","image":{"@type":"ImageObject","inLanguage":"de","@id":"https:\/\/www.nominette.de\/blog#\/schema\/person\/image\/","url":"https:\/\/secure.gravatar.com\/avatar\/6ab92dc068d690f939e3a4dc1373a3030899b42a58fd9e031f614af68b9db652?s=96&d=mm&r=g","contentUrl":"https:\/\/secure.gravatar.com\/avatar\/6ab92dc068d690f939e3a4dc1373a3030899b42a58fd9e031f614af68b9db652?s=96&d=mm&r=g","caption":"Nominette"},"url":"https:\/\/www.nominette.de\/blog\/author\/nominette"}]}},"_links":{"self":[{"href":"https:\/\/www.nominette.de\/blog\/wp-json\/wp\/v2\/posts\/10109","targetHints":{"allow":["GET"]}}],"collection":[{"href":"https:\/\/www.nominette.de\/blog\/wp-json\/wp\/v2\/posts"}],"about":[{"href":"https:\/\/www.nominette.de\/blog\/wp-json\/wp\/v2\/types\/post"}],"author":[{"embeddable":true,"href":"https:\/\/www.nominette.de\/blog\/wp-json\/wp\/v2\/users\/1"}],"replies":[{"embeddable":true,"href":"https:\/\/www.nominette.de\/blog\/wp-json\/wp\/v2\/comments?post=10109"}],"version-history":[{"count":4,"href":"https:\/\/www.nominette.de\/blog\/wp-json\/wp\/v2\/posts\/10109\/revisions"}],"predecessor-version":[{"id":10116,"href":"https:\/\/www.nominette.de\/blog\/wp-json\/wp\/v2\/posts\/10109\/revisions\/10116"}],"wp:featuredmedia":[{"embeddable":true,"href":"https:\/\/www.nominette.de\/blog\/wp-json\/wp\/v2\/media\/10119"}],"wp:attachment":[{"href":"https:\/\/www.nominette.de\/blog\/wp-json\/wp\/v2\/media?parent=10109"}],"wp:term":[{"taxonomy":"category","embeddable":true,"href":"https:\/\/www.nominette.de\/blog\/wp-json\/wp\/v2\/categories?post=10109"},{"taxonomy":"post_tag","embeddable":true,"href":"https:\/\/www.nominette.de\/blog\/wp-json\/wp\/v2\/tags?post=10109"}],"curies":[{"name":"wp","href":"https:\/\/api.w.org\/{rel}","templated":true}]}}